{"id":228595,"date":"2025-05-30T20:16:10","date_gmt":"2025-05-30T23:16:10","guid":{"rendered":"https:\/\/diarioregionaldigital.com.br\/?p=228595"},"modified":"2025-05-30T20:16:10","modified_gmt":"2025-05-30T23:16:10","slug":"juiz-de-fora-avanca-na-gestao-turistica-com-capacitacao-observalab-feita-em-parceria-com-a-secult-mg","status":"publish","type":"post","link":"https:\/\/diarioregionaldigital.com.br\/?p=228595","title":{"rendered":"Juiz de Fora avan\u00e7a na gest\u00e3o tur\u00edstica com capacita\u00e7\u00e3o ObservaLab, feita em parceria com a Secult-MG"},"content":{"rendered":"<p>Segundo informa\u00e7\u00f5es do site da Prefeitura de Juiz de Fora (PJF), na \u00faltima quinta-feira, 29, a Secretaria de Turismo de Juiz de Fora (SETUR), em parceria com a Secretaria de Estado de Cultura e Turismo de Minas Gerais (Secult-MG), realizou reuni\u00e3o estrat\u00e9gica para a apresenta\u00e7\u00e3o do Projeto ObservaLab, iniciativa voltada ao fortalecimento da produ\u00e7\u00e3o e do uso de dados no setor tur\u00edstico municipal.<\/p>\n<p>A reuni\u00e3o foi conduzida por Cec\u00edlia Queiroga, coordenadora do N\u00facleo de Pesquisa e Estat\u00edstica da Secult-MG. Ela apresentou o projeto que promove a capacita\u00e7\u00e3o de profissionais de turismo e agentes locais, com o objetivo de criar n\u00facleos regionais de coleta, an\u00e1lise e dissemina\u00e7\u00e3o de informa\u00e7\u00f5es, alinhados \u00e0s diretrizes do Observat\u00f3rio do Turismo de Minas Gerais.<\/p>\n<p>Durante a visita t\u00e9cnica, a coordenadora tamb\u00e9m conheceu alguns atrativos da cidade, como a Cervejaria HofBauer, a gastronomia juiz-forana, o programa \u201cPra\u00e7a Cervejeira\u201d, al\u00e9m de pontos tur\u00edsticos como: Morro do Cristo, Igreja da Gl\u00f3ria, Parque Halfeld, Centro Hist\u00f3rico, Museu Mariano Proc\u00f3pio, Mercado Municipal e Cine-Theatro Central.<\/p>\n<p>Com essa iniciativa, Juiz de Fora d\u00e1 um importante passo para fortalecer suas pol\u00edticas p\u00fablicas de turismo, com base em dados e evid\u00eancias, estimulando a inova\u00e7\u00e3o e ampliando a qualifica\u00e7\u00e3o dos profissionais do setor. A cidade receber\u00e1 capacita\u00e7\u00f5es espec\u00edficas que visam estruturar processos locais de monitoramento, contribuindo para o desenvolvimento sustent\u00e1vel e estrat\u00e9gico do destino.<\/p>\n<p>O encontro contou com a participa\u00e7\u00e3o de representantes do COMTUR\/JF, da Secretaria de Esporte e Lazer (SEL), do Aeroclube de Juiz de Fora, do Senac JF, do JF Convention &amp; Visitors Bureau, da Abrasel Zona da Mata, da Associa\u00e7\u00e3o de Ciclismo Bike JF, da Universidade Federal de Juiz de Fora (UFJF), do Sindicato dos Taxistas, da Associa\u00e7\u00e3o Alem\u00e3 e da IGR Caminho Novo\/JF.<\/p>\n<p>&nbsp;<\/p>\n","protected":false},"excerpt":{"rendered":"<p>Segundo informa\u00e7\u00f5es do site da Prefeitura de Juiz de Fora (PJF), na \u00faltima quinta-feira, 29, a Secretaria de Turismo de Juiz de Fora (SETUR), em parceria com a Secretaria de Estado de Cultura e Turismo de Minas Gerais (Secult-MG), realizou reuni\u00e3o estrat\u00e9gica para a apresenta\u00e7\u00e3o do Projeto ObservaLab, iniciativa voltada ao fortalecimento da produ\u00e7\u00e3o e [&hellip;]<\/p>\n","protected":false},"author":246,"featured_media":228596,"comment_status":"closed","ping_status":"closed","sticky":false,"template":"","format":"standard","meta":{"footnotes":""},"categories":[253,436,440,439],"tags":[],"class_list":["post-228595","post","type-post","status-publish","format-standard","has-post-thumbnail","hentry","category-cidade","category-destaque-da-semana","category-destaques-do-dia","category-ultima-hora"],"_links":{"self":[{"href":"https:\/\/diarioregionaldigital.com.br\/index.php?rest_route=\/wp\/v2\/posts\/228595","targetHints":{"allow":["GET"]}}],"collection":[{"href":"https:\/\/diarioregionaldigital.com.br\/index.php?rest_route=\/wp\/v2\/posts"}],"about":[{"href":"https:\/\/diarioregionaldigital.com.br\/index.php?rest_route=\/wp\/v2\/types\/post"}],"author":[{"embeddable":true,"href":"https:\/\/diarioregionaldigital.com.br\/index.php?rest_route=\/wp\/v2\/users\/246"}],"replies":[{"embeddable":true,"href":"https:\/\/diarioregionaldigital.com.br\/index.php?rest_route=%2Fwp%2Fv2%2Fcomments&post=228595"}],"version-history":[{"count":2,"href":"https:\/\/diarioregionaldigital.com.br\/index.php?rest_route=\/wp\/v2\/posts\/228595\/revisions"}],"predecessor-version":[{"id":228598,"href":"https:\/\/diarioregionaldigital.com.br\/index.php?rest_route=\/wp\/v2\/posts\/228595\/revisions\/228598"}],"wp:featuredmedia":[{"embeddable":true,"href":"https:\/\/diarioregionaldigital.com.br\/index.php?rest_route=\/wp\/v2\/media\/228596"}],"wp:attachment":[{"href":"https:\/\/diarioregionaldigital.com.br\/index.php?rest_route=%2Fwp%2Fv2%2Fmedia&parent=228595"}],"wp:term":[{"taxonomy":"category","embeddable":true,"href":"https:\/\/diarioregionaldigital.com.br\/index.php?rest_route=%2Fwp%2Fv2%2Fcategories&post=228595"},{"taxonomy":"post_tag","embeddable":true,"href":"https:\/\/diarioregionaldigital.com.br\/index.php?rest_route=%2Fwp%2Fv2%2Ftags&post=228595"}],"curies":[{"name":"wp","href":"https:\/\/api.w.org\/{rel}","templated":true}]}}