{"id":228591,"date":"2025-05-30T20:08:47","date_gmt":"2025-05-30T23:08:47","guid":{"rendered":"https:\/\/diarioregionaldigital.com.br\/?p=228591"},"modified":"2025-05-30T20:09:20","modified_gmt":"2025-05-30T23:09:20","slug":"governo-de-minas-avanca-na-inclusao-e-bate-recorde-de-municipios-inscritos-no-jogos-do-interior-de-minas-paradesporto","status":"publish","type":"post","link":"https:\/\/diarioregionaldigital.com.br\/?p=228591","title":{"rendered":"Governo de Minas avan\u00e7a na inclus\u00e3o e bate recorde de munic\u00edpios inscritos no Jogos do Interior de Minas Paradesporto"},"content":{"rendered":"<p>Os Jogos do Interior de Minas Paradesporto (JimiP) alcan\u00e7aram um marco hist\u00f3rico em 2025: s\u00e3o 634 atletas de 43 munic\u00edpios inscritos para a competi\u00e7\u00e3o organizada pelo <a href=\"https:\/\/www.mg.gov.br\/\" target=\"_blank\" rel=\"noopener\">Governo de Minas<\/a>.<\/p>\n<div class=\"clear \">\n<p>Os n\u00fameros representam o maior registro tanto de competidores quanto de cidades participantes desde a cria\u00e7\u00e3o do evento, em 2022. Os jogos acontecem entre os dias 31\/10 e 2\/11, em Uberl\u00e2ndia, no Tri\u00e2ngulo Mineiro.<\/p>\n<p>O crescimento da competi\u00e7\u00e3o reflete o compromisso da\u00a0<a href=\"https:\/\/social.mg.gov.br\/\" target=\"_blank\" rel=\"noopener\">Secretaria de Estado de Desenvolvimento Social (Sedese)<\/a>\u00a0com o paradesporto. O investimento na modalidade mais que dobrou: de pouco mais de R$ 500 mil em 2022, a previs\u00e3o \u00e9 que ultrapasse R$ 1 milh\u00e3o nesta edi\u00e7\u00e3o, demonstrando a prioridade dada pelo Estado ao esporte como ferramenta de inclus\u00e3o e transforma\u00e7\u00e3o social.<\/p>\n<p>A secret\u00e1ria de Estado de Desenvolvimento Social, Al\u00ea Portela, destaca que o esse crescimento \u00e9 reflexo de uma pol\u00edtica p\u00fablica comprometida com a inclus\u00e3o e o fortalecimento do paradesporto em todo o estado.<\/p>\n<table border=\"0\" cellspacing=\"1\" cellpadding=\"1\" align=\"center\">\n<tbody>\n<tr>\n<td colspan=\"5\"><img decoding=\"async\" src=\"https:\/\/www.agenciaminas.mg.gov.br\/ckeditor_assets\/pictures\/20949\/content_2_olho_topo.jpg\" alt=\"\" \/><\/td>\n<\/tr>\n<tr>\n<td><\/td>\n<td colspan=\"3\" rowspan=\"3\">\n<h1><strong>&#8220;O JimiP j\u00e1 \u00e9 refer\u00eancia nacional como modelo de incentivo ao esporte como ferramenta de transforma\u00e7\u00e3o social. A competi\u00e7\u00e3o vai al\u00e9m das medalhas, ela resgata autoestima, cria oportunidades e fortalece a inclus\u00e3o das pessoas com defici\u00eancia. O investimento que fazemos n\u00e3o \u00e9 apenas no esporte, mas no futuro e na dignidade de cada atleta&#8221;, ressalta Al\u00ea Portela.<\/strong><\/h1>\n<\/td>\n<td><\/td>\n<\/tr>\n<tr>\n<td><\/td>\n<td><\/td>\n<\/tr>\n<tr>\n<td><\/td>\n<td><\/td>\n<\/tr>\n<tr>\n<td colspan=\"5\"><img decoding=\"async\" src=\"https:\/\/www.agenciaminas.mg.gov.br\/ckeditor_assets\/pictures\/20950\/content_2_olho_inferior.jpg\" alt=\"\" \/><\/td>\n<\/tr>\n<\/tbody>\n<\/table>\n<p>&nbsp;<\/p>\n<p><strong>Hist\u00f3rias de transforma\u00e7\u00e3o pelo esporte<\/strong><\/p>\n<p>Por tr\u00e1s dos n\u00fameros est\u00e3o hist\u00f3rias de supera\u00e7\u00e3o e mudan\u00e7a de vida. Emmily Corr\u00eaa, paratleta de Vespasiano, na Regi\u00e3o Metropolitana de Belo Horizonte (RMBH), vai chegar \u00e0 sua segunda participa\u00e7\u00e3o no JimiP com entusiasmo renovado. Para ela, a competi\u00e7\u00e3o representa muito mais que medalhas.<\/p>\n<table border=\"0\" cellspacing=\"1\" cellpadding=\"1\" align=\"center\">\n<tbody>\n<tr>\n<td colspan=\"5\"><img decoding=\"async\" src=\"https:\/\/www.agenciaminas.mg.gov.br\/ckeditor_assets\/pictures\/20949\/content_2_olho_topo.jpg\" alt=\"\" \/><\/td>\n<\/tr>\n<tr>\n<td><\/td>\n<td colspan=\"3\" rowspan=\"3\">\n<h1><strong>&#8220;Antes do esporte, eu s\u00f3 ficada deitada no sof\u00e1. Depois que eu entrei no atletismo, eu comecei a correr. Participar do JimiP mudou minha vida. Aqui, a gente se sente parte de algo grande, importante. \u00c9 mais do que competir, \u00e9 mostrar que a gente pode tudo&#8221;, conta a atleta\u00a0Emmily Corr\u00eaa.<\/strong><\/h1>\n<\/td>\n<td><\/td>\n<\/tr>\n<tr>\n<td><\/td>\n<td><\/td>\n<\/tr>\n<tr>\n<td><\/td>\n<td><\/td>\n<\/tr>\n<tr>\n<td colspan=\"5\"><img decoding=\"async\" src=\"https:\/\/www.agenciaminas.mg.gov.br\/ckeditor_assets\/pictures\/20950\/content_2_olho_inferior.jpg\" alt=\"\" \/><\/td>\n<\/tr>\n<\/tbody>\n<\/table>\n<p>&nbsp;<\/p>\n<p><strong>Inclus\u00e3o que alcan\u00e7a todo o estado<\/strong><\/p>\n<p>O treinador Carlos Makleyton, que acompanha de perto o desenvolvimento dos atletas, ressalta o papel fundamental do JimiP na promo\u00e7\u00e3o da inclus\u00e3o. &#8220;O JimiP tira a pessoa com defici\u00eancia do anonimato e d\u00e1 a ela a chance de participar, de ser vista, de fazer parte. Com o apoio do Governo de Minas, a competi\u00e7\u00e3o cresce, promove inclus\u00e3o e oferece oportunidades reais para atletas de todos os n\u00edveis&#8221;, ressalta o t\u00e9cnico.<\/p>\n<p>A abrang\u00eancia do evento tamb\u00e9m impressiona. Atletas de diversas regi\u00f5es do estado estar\u00e3o representados em Uberl\u00e2ndia, incluindo cidades do Tri\u00e2ngulo Mineiro, Vale do Jequitinhonha, Zona da Mata, Sul de Minas, Centro-Oeste e Regi\u00e3o Metropolitana de Belo Horizonte. As disputas acontecer\u00e3o nas modalidades de atletismo, nata\u00e7\u00e3o, bocha paral\u00edmpica e basquete em cadeira de rodas 3&#215;3.<\/p>\n<p><img decoding=\"async\" src=\"https:\/\/www.agenciaminas.mg.gov.br\/ckeditor_assets\/pictures\/23013\/content_whatsapp_image_2025-05-30_at_12_12_27.jpeg\" alt=\"\" \/><\/p>\n<p><sub><em>Sedese-MG<\/em><\/sub><\/p>\n<p>Para Lina Vitarelli, diretora da Associa\u00e7\u00e3o Mineira do Paradesporto (AMP), o recorde de participa\u00e7\u00e3o confirma o acerto da pol\u00edtica p\u00fablica estadual para o setor. &#8220;\u00c9 uma grande satisfa\u00e7\u00e3o para n\u00f3s, executores do JimiP, registrar o maior n\u00famero de munic\u00edpios, confirmando o crescimento do paradesporto no Estado&#8221;, avalia.<\/p>\n<p><strong>Pol\u00edtica p\u00fablica consolidada<\/strong><\/p>\n<p>Criado em 2022 pelo Governo de Minas, o JimiP nasceu com o objetivo de estimular a pr\u00e1tica esportiva entre pessoas com defici\u00eancia em todo o estado. Mais que uma competi\u00e7\u00e3o, a iniciativa busca promover inclus\u00e3o, fortalecer pol\u00edticas p\u00fablicas descentralizadas e dar visibilidade aos atletas paral\u00edmpicos.<\/p>\n<p>O investimento crescente do Governo de Minas no paradesporto, materializado no JimiP, demonstra o reconhecimento do esporte como pol\u00edtica p\u00fablica essencial para a promo\u00e7\u00e3o da inclus\u00e3o e transforma\u00e7\u00e3o social, estabelecendo Minas Gerais como refer\u00eancia nacional no setor.<\/p>\n<p>Fonte: Ag\u00eancia Minas<\/p>\n<\/div>\n<p>&nbsp;<\/p>\n","protected":false},"excerpt":{"rendered":"<p>Os Jogos do Interior de Minas Paradesporto (JimiP) alcan\u00e7aram um marco hist\u00f3rico em 2025: s\u00e3o 634 atletas de 43 munic\u00edpios inscritos para a competi\u00e7\u00e3o organizada pelo Governo de Minas. Os n\u00fameros representam o maior registro tanto de competidores quanto de cidades participantes desde a cria\u00e7\u00e3o do evento, em 2022. Os jogos acontecem entre os dias [&hellip;]<\/p>\n","protected":false},"author":246,"featured_media":228592,"comment_status":"closed","ping_status":"closed","sticky":false,"template":"","format":"standard","meta":{"footnotes":""},"categories":[436,440,257,439],"tags":[],"class_list":["post-228591","post","type-post","status-publish","format-standard","has-post-thumbnail","hentry","category-destaque-da-semana","category-destaques-do-dia","category-esporte","category-ultima-hora"],"_links":{"self":[{"href":"https:\/\/diarioregionaldigital.com.br\/index.php?rest_route=\/wp\/v2\/posts\/228591","targetHints":{"allow":["GET"]}}],"collection":[{"href":"https:\/\/diarioregionaldigital.com.br\/index.php?rest_route=\/wp\/v2\/posts"}],"about":[{"href":"https:\/\/diarioregionaldigital.com.br\/index.php?rest_route=\/wp\/v2\/types\/post"}],"author":[{"embeddable":true,"href":"https:\/\/diarioregionaldigital.com.br\/index.php?rest_route=\/wp\/v2\/users\/246"}],"replies":[{"embeddable":true,"href":"https:\/\/diarioregionaldigital.com.br\/index.php?rest_route=%2Fwp%2Fv2%2Fcomments&post=228591"}],"version-history":[{"count":2,"href":"https:\/\/diarioregionaldigital.com.br\/index.php?rest_route=\/wp\/v2\/posts\/228591\/revisions"}],"predecessor-version":[{"id":228594,"href":"https:\/\/diarioregionaldigital.com.br\/index.php?rest_route=\/wp\/v2\/posts\/228591\/revisions\/228594"}],"wp:featuredmedia":[{"embeddable":true,"href":"https:\/\/diarioregionaldigital.com.br\/index.php?rest_route=\/wp\/v2\/media\/228592"}],"wp:attachment":[{"href":"https:\/\/diarioregionaldigital.com.br\/index.php?rest_route=%2Fwp%2Fv2%2Fmedia&parent=228591"}],"wp:term":[{"taxonomy":"category","embeddable":true,"href":"https:\/\/diarioregionaldigital.com.br\/index.php?rest_route=%2Fwp%2Fv2%2Fcategories&post=228591"},{"taxonomy":"post_tag","embeddable":true,"href":"https:\/\/diarioregionaldigital.com.br\/index.php?rest_route=%2Fwp%2Fv2%2Ftags&post=228591"}],"curies":[{"name":"wp","href":"https:\/\/api.w.org\/{rel}","templated":true}]}}