{"id":228587,"date":"2025-05-30T20:07:33","date_gmt":"2025-05-30T23:07:33","guid":{"rendered":"https:\/\/diarioregionaldigital.com.br\/?p=228587"},"modified":"2025-05-30T20:07:33","modified_gmt":"2025-05-30T23:07:33","slug":"governo-de-minas-encerra-maio-amarelo-com-acoes-para-seguranca-no-transito-com-foco-na-preservacao-da-vida","status":"publish","type":"post","link":"https:\/\/diarioregionaldigital.com.br\/?p=228587","title":{"rendered":"Governo de Minas encerra Maio Amarelo com a\u00e7\u00f5es para seguran\u00e7a no tr\u00e2nsito com foco na preserva\u00e7\u00e3o da vida"},"content":{"rendered":"<p>Com o objetivo de conscientizar os mineiros sobre a seguran\u00e7a no tr\u00e2nsito, o\u00a0<a href=\"https:\/\/www.mg.gov.br\/\" target=\"_blank\" rel=\"noopener\">Governo de Minas<\/a>, por meio da\u00a0<a href=\"https:\/\/www.mg.gov.br\/planejamento\" target=\"_blank\" rel=\"noopener\">Secretaria de Estado de Planejamento e Gest\u00e3o (Seplag-MG)<\/a>, promoveu durante o m\u00eas de maio um circuito estrat\u00e9gico de diversas a\u00e7\u00f5es da campanha Maio Amarelo, que, neste ano, adotou o tema \u201cDesacelere. Seu bem maior \u00e9 a vida\u201d. O encerramento foi realizado nesta sexta-feira (30\/5) na Escola Estadual Pandi\u00e1 Cal\u00f3geras, em Belo Horizonte, com o an\u00fancio dos vencedores do Concurso de Reda\u00e7\u00e3o Maio Amarelo.<\/p>\n<p>As atividades da campanha foram realizadas pela Seplag-MG, por meio da\u00a0<a href=\"https:\/\/transito.mg.gov.br\/sobre-1\/institucional\" target=\"_blank\" rel=\"noopener\">Coordenadoria Estadual de Gest\u00e3o de Tr\u00e2nsito (CET-MG)<\/a>, e diversos parceiros em pontos de grande circula\u00e7\u00e3o na capital e na Regi\u00e3o Metropolitana de Belo Horizonte.<\/p>\n<p>&nbsp;<\/p>\n<table border=\"0\" cellspacing=\"1\" cellpadding=\"1\" align=\"center\">\n<tbody>\n<tr>\n<td colspan=\"5\"><img decoding=\"async\" src=\"https:\/\/www.agenciaminas.mg.gov.br\/ckeditor_assets\/pictures\/20949\/content_2_olho_topo.jpg\" alt=\"\" \/><\/td>\n<\/tr>\n<tr>\n<td><\/td>\n<td colspan=\"3\" rowspan=\"3\">\n<h1><strong>&#8220;A campanha \u00e9 um marco que trouxe engajamento em a\u00e7\u00f5es ao longo de todo o m\u00eas, mas o trabalho perdura durante todo o ano. O esfor\u00e7o \u00e9 integrado e intersetorial entre os \u00f3rg\u00e3os, cada um com sua compet\u00eancia e responsabilidade, empenhados em pensar coletivamente o nosso bem maior que \u00e9 a vida&#8221;, disse Silvia Listgarten, secret\u00e1ria de Estado de Planejamento e Gest\u00e3o.<\/strong><\/h1>\n<\/td>\n<td><\/td>\n<\/tr>\n<tr>\n<td><\/td>\n<td><\/td>\n<\/tr>\n<tr>\n<td><\/td>\n<td><\/td>\n<\/tr>\n<tr>\n<td colspan=\"5\"><img decoding=\"async\" src=\"https:\/\/www.agenciaminas.mg.gov.br\/ckeditor_assets\/pictures\/20950\/content_2_olho_inferior.jpg\" alt=\"\" \/><\/td>\n<\/tr>\n<\/tbody>\n<\/table>\n<p>&nbsp;<\/p>\n<p>A secret\u00e1ria-adjunta de Estado de\u00a0<a href=\"https:\/\/www.saude.mg.gov.br\/\" target=\"_blank\" rel=\"noopener\">Sa\u00fade (SES)<\/a>, Poliana Lopes, falou sobre como os acidentes impactam o sistema p\u00fablico de sa\u00fade.<\/p>\n<p>&nbsp;<\/p>\n<table border=\"0\" cellspacing=\"1\" cellpadding=\"1\" align=\"center\">\n<tbody>\n<tr>\n<td colspan=\"5\"><img decoding=\"async\" src=\"https:\/\/www.agenciaminas.mg.gov.br\/ckeditor_assets\/pictures\/20949\/content_2_olho_topo.jpg\" alt=\"\" \/><\/td>\n<\/tr>\n<tr>\n<td><\/td>\n<td colspan=\"3\" rowspan=\"3\">\n<h1><strong>&#8220;Os acidentes s\u00e3o a principal causa de morte masculina, entre 20 a 39 anos. A SES, em parceria com o Corpo de Bombeiros, mapeou 53 zonas quentes urbanas e 26 zonas quentes rodovi\u00e1rias, onde acontecem 46% dos acidentes de tr\u00e2nsito de todo o estado. Com esses dados conseguimos, enquanto governo, atuar de forma muito mais precis\u00e3o nesses locais&#8221;, enfatizou Poliana Lopes.<\/strong><\/h1>\n<\/td>\n<td><\/td>\n<\/tr>\n<tr>\n<td><\/td>\n<td><\/td>\n<\/tr>\n<tr>\n<td><\/td>\n<td><\/td>\n<\/tr>\n<tr>\n<td colspan=\"5\"><img decoding=\"async\" src=\"https:\/\/www.agenciaminas.mg.gov.br\/ckeditor_assets\/pictures\/20950\/content_2_olho_inferior.jpg\" alt=\"\" \/><\/td>\n<\/tr>\n<\/tbody>\n<\/table>\n<p>&nbsp;<\/p>\n<p>&nbsp;<\/p>\n<p><img decoding=\"async\" src=\"https:\/\/www.agenciaminas.mg.gov.br\/ckeditor_assets\/pictures\/23017\/content_acoes_maio_amarelo_infografico_2.png\" alt=\"\" \/><\/p>\n<p><strong>Concurso de Reda\u00e7\u00e3o<\/strong><\/p>\n<p>Na cerim\u00f4nia, foram anunciados os vencedores do Concurso de Reda\u00e7\u00e3o Maio Amarelo 2025, realizado com alunos das escolas estaduais de Minas Gerais. No total, 1.029 escolas participaram, incluindo todas as Superintend\u00eancias Regionais de Ensino (SREs), e aproximadamente 2 mil reda\u00e7\u00f5es foram entregues. A premia\u00e7\u00e3o busca a valoriza\u00e7\u00e3o do engajamento dos jovens, que, por meio de seus textos, contribu\u00edram para a reflex\u00e3o sobre os desafios do tr\u00e2nsito.<\/p>\n<p>&nbsp;<\/p>\n<table border=\"0\" cellspacing=\"1\" cellpadding=\"1\" align=\"center\">\n<tbody>\n<tr>\n<td colspan=\"5\"><img decoding=\"async\" src=\"https:\/\/www.agenciaminas.mg.gov.br\/ckeditor_assets\/pictures\/20949\/content_2_olho_topo.jpg\" alt=\"\" \/><\/td>\n<\/tr>\n<tr>\n<td><\/td>\n<td colspan=\"3\" rowspan=\"3\">\n<h1><strong>&#8220;Mais do que uma campanha, o Maio Amarelo \u00e9 um chamado \u00e0 responsabilidade. Todas as atividades realizadas, os estudantes mobilizados no concurso de reda\u00e7\u00e3o, cada cidad\u00e3o abordado em nossas a\u00e7\u00f5es, isso tudo \u00e9 para lembrar que nossa atitude no tr\u00e2nsito salva vidas. E o trabalho continua, seguiremos firmes no prop\u00f3sito de transformar a consci\u00eancia em atitude, todos os dias&#8221;, afirmou o chefe de Tr\u00e2nsito de Minas Gerais, Lucas Vilas Boas.<\/strong><\/h1>\n<\/td>\n<td><\/td>\n<\/tr>\n<tr>\n<td><\/td>\n<td><\/td>\n<\/tr>\n<tr>\n<td><\/td>\n<td><\/td>\n<\/tr>\n<tr>\n<td colspan=\"5\"><img decoding=\"async\" src=\"https:\/\/www.agenciaminas.mg.gov.br\/ckeditor_assets\/pictures\/20950\/content_2_olho_inferior.jpg\" alt=\"\" \/><\/td>\n<\/tr>\n<\/tbody>\n<\/table>\n<p>&nbsp;<\/p>\n<p>A chefe de gabinete da\u00a0<a href=\"https:\/\/www.educacao.mg.gov.br\/\" target=\"_blank\" rel=\"noopener\">Secretaria de Estado de Educa\u00e7\u00e3o (SEE),<\/a>\u00a0Ana Costa, refor\u00e7ou a import\u00e2ncia do tema da reda\u00e7\u00e3o. \u201cDesacelerar, que \u00e9 o tema da campanha, \u00e9 muito dif\u00edcil, mas se ensinarmos os nossos estudantes enquanto eles estiverem crescendo, aprendendo e vendo nossos exemplos, podemos ter esperan\u00e7a de redu\u00e7\u00e3o desse grande n\u00famero de acidentes\u201d.<\/p>\n<p>O pr\u00eamio para os tr\u00eas primeiros colocados das categorias \u00e9 uma viagem Gastron\u00f4mica e Cultural a Belo Horizonte, com visitas aos equipamentos de cultura do Circuito Liberdade e demais pontos tur\u00edsticos da capital.<\/p>\n<p><img decoding=\"async\" src=\"https:\/\/www.agenciaminas.mg.gov.br\/ckeditor_assets\/pictures\/23016\/content_resultado_concurso_redacoes_infografico_parcerias_maio_amarelo_copia.png\" alt=\"\" \/><\/p>\n<p><strong>Maio Amarelo<\/strong><\/p>\n<p>Na Rodovi\u00e1ria de Belo Horizonte, v\u00eddeos educativos foram exibidos destacando a import\u00e2ncia do uso do cinto de seguran\u00e7a, inclusive em trajetos curtos ou em viagens interestaduais. J\u00e1 no Aeroporto de Confins, campanhas interativas, panfletagens e mensagens de conscientiza\u00e7\u00e3o foram exibidas em totens digitais.<\/p>\n<p>Na capital, os shoppings participantes disponibilizaram totens com mensagens educativas e a\u00e7\u00f5es integradas com o tema seguran\u00e7a vi\u00e1ria e na Pra\u00e7a Sete, foi feita uma simula\u00e7\u00e3o de resgate de acidente de tr\u00e2nsito. O circuito estrat\u00e9gico do Maio Amarelo tamb\u00e9m alcan\u00e7ou \u00e1reas de tr\u00e1fego intenso nas rodovias, como o Anel Rodovi\u00e1rio, no Viaduto S\u00e3o Francisco, com abordagens educativas de equipes da CET-MG para caminhoneiros, motoristas e motociclistas.<\/p>\n<p>Durante as a\u00e7\u00f5es, a popula\u00e7\u00e3o recebeu orienta\u00e7\u00f5es e participou de atividades como os \u00f3culos de simula\u00e7\u00e3o de embriaguez, que demonstram como o consumo de \u00e1lcool prejudica a percep\u00e7\u00e3o visual e os reflexos. Outro destaque foi o simulador de impacto, dispositivo no qual a pessoa se senta com cinto de seguran\u00e7a e vivencia, de forma controlada, a for\u00e7a de uma colis\u00e3o, refor\u00e7ando a import\u00e2ncia do uso correto do cinto.<\/p>\n<p>A ouvidora-geral do Estado, Gabriela Siqueira, destacou a relev\u00e2ncia do Movimento.<br \/>\n\u201cO tr\u00e2nsito \u00e9 um assunto muito sens\u00edvel. N\u00e3o falamos apenas de n\u00fameros. \u00c9 uma m\u00e3e, \u00e9 um pai, \u00e9 um av\u00f4, \u00e9 uma v\u00f3, \u00e9 um filho, \u00e9 um amigo. S\u00e3o essas pessoas que fazem parte do tr\u00e2nsito, que querem e merecem voltar para casa\u201d.<\/p>\n<p>Fonte: Ag\u00eancia Minas<\/p>\n","protected":false},"excerpt":{"rendered":"<p>Com o objetivo de conscientizar os mineiros sobre a seguran\u00e7a no tr\u00e2nsito, o\u00a0Governo de Minas, por meio da\u00a0Secretaria de Estado de Planejamento e Gest\u00e3o (Seplag-MG), promoveu durante o m\u00eas de maio um circuito estrat\u00e9gico de diversas a\u00e7\u00f5es da campanha Maio Amarelo, que, neste ano, adotou o tema \u201cDesacelere. Seu bem maior \u00e9 a vida\u201d. O [&hellip;]<\/p>\n","protected":false},"author":246,"featured_media":228588,"comment_status":"closed","ping_status":"closed","sticky":false,"template":"","format":"standard","meta":{"footnotes":""},"categories":[436,261,254,439],"tags":[],"class_list":["post-228587","post","type-post","status-publish","format-standard","has-post-thumbnail","hentry","category-destaque-da-semana","category-economia","category-politica","category-ultima-hora"],"_links":{"self":[{"href":"https:\/\/diarioregionaldigital.com.br\/index.php?rest_route=\/wp\/v2\/posts\/228587","targetHints":{"allow":["GET"]}}],"collection":[{"href":"https:\/\/diarioregionaldigital.com.br\/index.php?rest_route=\/wp\/v2\/posts"}],"about":[{"href":"https:\/\/diarioregionaldigital.com.br\/index.php?rest_route=\/wp\/v2\/types\/post"}],"author":[{"embeddable":true,"href":"https:\/\/diarioregionaldigital.com.br\/index.php?rest_route=\/wp\/v2\/users\/246"}],"replies":[{"embeddable":true,"href":"https:\/\/diarioregionaldigital.com.br\/index.php?rest_route=%2Fwp%2Fv2%2Fcomments&post=228587"}],"version-history":[{"count":2,"href":"https:\/\/diarioregionaldigital.com.br\/index.php?rest_route=\/wp\/v2\/posts\/228587\/revisions"}],"predecessor-version":[{"id":228590,"href":"https:\/\/diarioregionaldigital.com.br\/index.php?rest_route=\/wp\/v2\/posts\/228587\/revisions\/228590"}],"wp:featuredmedia":[{"embeddable":true,"href":"https:\/\/diarioregionaldigital.com.br\/index.php?rest_route=\/wp\/v2\/media\/228588"}],"wp:attachment":[{"href":"https:\/\/diarioregionaldigital.com.br\/index.php?rest_route=%2Fwp%2Fv2%2Fmedia&parent=228587"}],"wp:term":[{"taxonomy":"category","embeddable":true,"href":"https:\/\/diarioregionaldigital.com.br\/index.php?rest_route=%2Fwp%2Fv2%2Fcategories&post=228587"},{"taxonomy":"post_tag","embeddable":true,"href":"https:\/\/diarioregionaldigital.com.br\/index.php?rest_route=%2Fwp%2Fv2%2Ftags&post=228587"}],"curies":[{"name":"wp","href":"https:\/\/api.w.org\/{rel}","templated":true}]}}