{"id":228581,"date":"2025-05-30T20:05:04","date_gmt":"2025-05-30T23:05:04","guid":{"rendered":"https:\/\/diarioregionaldigital.com.br\/?p=228581"},"modified":"2025-05-30T20:05:04","modified_gmt":"2025-05-30T23:05:04","slug":"governo-de-minas-encerra-missao-em-el-salvador-em-reuniao-com-ministro-da-justica-e-seguranca-publica","status":"publish","type":"post","link":"https:\/\/diarioregionaldigital.com.br\/?p=228581","title":{"rendered":"Governo de Minas encerra miss\u00e3o em El Salvador em reuni\u00e3o com ministro da Justi\u00e7a e Seguran\u00e7a P\u00fablica"},"content":{"rendered":"<p><main class=\"clear margin-md-bottom-3\"><\/p>\n<div class=\"clear \">\n<p>O governador Romeu Zema, o secret\u00e1rio de\u00a0<a href=\"https:\/\/www.seguranca.mg.gov.br\/\" target=\"_blank\" rel=\"noopener\">Justi\u00e7a e Seguran\u00e7a P\u00fablica (Sejusp)<\/a>, Rog\u00e9rio Greco, o secret\u00e1rio de\u00a0<a href=\"https:\/\/www.comunicacao.mg.gov.br\/\" target=\"_blank\" rel=\"noopener\">Comunica\u00e7\u00e3o Social (Secom)<\/a>, Bernardo Santos, e o superintendente de Rela\u00e7\u00f5es Nacionais e Internacionais da\u00a0<a href=\"https:\/\/www.casacivil.mg.gov.br\/\" target=\"_blank\" rel=\"noopener\">Secretaria de Casa Civil (SCC)<\/a>, Igor Tameir\u00e3o, encerraram os compromissos oficiais realizados em San Salvador, capital de El Salvador, na quinta-feira (29\/5), ap\u00f3s tr\u00eas dias de uma intensa agenda.<\/p>\n<p>O objetivo principal da miss\u00e3o foi conhecer as estrat\u00e9gias de seguran\u00e7a p\u00fablica implementadas no pa\u00eds e avaliar as possibilidades de interc\u00e2mbio de conhecimento com Minas Gerais, considerado um dos estados mais seguros do Brasil.<\/p>\n<p>Na quinta, integrantes do Poder Executivo estadual se encontraram com o ministro da Justi\u00e7a e da Seguran\u00e7a P\u00fablica, Gustavo Villatoro, um dos principais nomes para a cria\u00e7\u00e3o do sistema atual do pa\u00eds que conseguiu a redu\u00e7\u00e3o de 99% nos \u00edndices de homic\u00eddios nos \u00faltimos anos.<\/p>\n<table border=\"0\" cellspacing=\"1\" cellpadding=\"1\" align=\"center\">\n<tbody>\n<tr>\n<td colspan=\"5\"><img decoding=\"async\" src=\"https:\/\/www.agenciaminas.mg.gov.br\/ckeditor_assets\/pictures\/20949\/content_2_olho_topo.jpg\" alt=\"\" \/><\/td>\n<\/tr>\n<tr>\n<td><\/td>\n<td colspan=\"3\" rowspan=\"3\">\n<h1><strong>&#8220;O que n\u00f3s vimos aqui, em El Salvador, \u00e9 que as fac\u00e7\u00f5es n\u00e3o s\u00e3o invenc\u00edveis, e que esse \u00e9 um problema poss\u00edvel de se resolver. \u00c9 preciso coragem para declarar guerra ao terrorismo criado por estas organiza\u00e7\u00f5es&#8221;, enfatizou o governador Romeu Zema.<\/strong><\/h1>\n<\/td>\n<td><\/td>\n<\/tr>\n<tr>\n<td><\/td>\n<td><\/td>\n<\/tr>\n<tr>\n<td><\/td>\n<td><\/td>\n<\/tr>\n<tr>\n<td colspan=\"5\"><img decoding=\"async\" src=\"https:\/\/www.agenciaminas.mg.gov.br\/ckeditor_assets\/pictures\/20950\/content_2_olho_inferior.jpg\" alt=\"\" \/><\/td>\n<\/tr>\n<\/tbody>\n<\/table>\n<p>O ministro mostrou \u00e0 comitiva como \u00e9 feito o monitoramento dos \u00edndices de criminalidade do pa\u00eds, demonstrando a redu\u00e7\u00e3o dr\u00e1stica dos \u00faltimos anos, e relatou como a determina\u00e7\u00e3o dos salvadorenhos e o combate aos corruptos foi essencial na luta contra a viol\u00eancia.<\/p>\n<p>Ele tamb\u00e9m deu detalhes do funcionamento do Centro de Confinamiento del Terrorismo (Cecot), pris\u00e3o de seguran\u00e7a m\u00e1xima, inaugurada em 2023, para onde s\u00e3o levados os l\u00edderes das fac\u00e7\u00f5es criminosas.<\/p>\n<table border=\"0\" cellspacing=\"1\" cellpadding=\"1\" align=\"center\">\n<tbody>\n<tr>\n<td colspan=\"5\"><img decoding=\"async\" src=\"https:\/\/www.agenciaminas.mg.gov.br\/ckeditor_assets\/pictures\/20949\/content_2_olho_topo.jpg\" alt=\"\" \/><\/td>\n<\/tr>\n<tr>\n<td><\/td>\n<td colspan=\"3\" rowspan=\"3\">\n<h1><strong>&#8220;O que ficou claro aqui foi que antes o crime organizado mandava, fazia o que bem queria e hoje quem manda aqui \u00e9 o Estado, por um motivo muito simples: agora, os criminosos est\u00e3o detidos&#8221;, comentou o secret\u00e1rio Rog\u00e9rio Greco.<\/strong><\/h1>\n<\/td>\n<td><\/td>\n<\/tr>\n<tr>\n<td><\/td>\n<td><\/td>\n<\/tr>\n<tr>\n<td><\/td>\n<td><\/td>\n<\/tr>\n<tr>\n<td colspan=\"5\"><img decoding=\"async\" src=\"https:\/\/www.agenciaminas.mg.gov.br\/ckeditor_assets\/pictures\/20950\/content_2_olho_inferior.jpg\" alt=\"\" \/><\/td>\n<\/tr>\n<\/tbody>\n<\/table>\n<p><strong>Passagem<\/strong><\/p>\n<p>Nos tr\u00eas dias de viagem pelo pa\u00eds da Am\u00e9rica Central, a comitiva mineira esteve em duas comunidades (Las Palmas e La Campanera) antes dominadas pelas &#8220;maras&#8221;, como as gangues locais eram chamadas, para conversar com moradores e comerciantes, que relataram como suas vidas foram transformadas ap\u00f3s as significativas mudan\u00e7as na seguran\u00e7a p\u00fablica. O grupo tamb\u00e9m esteve no centro da cidade, local cuja circula\u00e7\u00e3o anteriormente era dificultada.<\/p>\n<p>De 2022 at\u00e9 agora, El Salvador deixou de ser um dos pa\u00edses mais perigosos do mundo, com uma taxa de at\u00e9 150 homic\u00eddios para cada 100 mil habitantes, para se tornar um dos mais seguros, com \u00edndice estimado de um homic\u00eddio a cada 100 mil habitantes.<\/p>\n<p>Nesta miss\u00e3o de Minas a El Salvador, tamb\u00e9m foram feitas reuni\u00f5es bilaterais, incluindo um encontro com o vice-presidente do pa\u00eds, que relatou ser esta a primeira delega\u00e7\u00e3o brasileira a se encontrar com o Poder Executiva salvadorenho, com o presidente da Assembleia, com assessores da Presid\u00eancia, entre outras.<\/p>\n<p><strong>Minas Gerais<\/strong><\/p>\n<p>A viagem a El Salvador se soma a uma s\u00e9rie de investimentos que a atual administra\u00e7\u00e3o tem direcionado \u00e0s For\u00e7as de Seguran\u00e7a, possibilitando refor\u00e7o no quadro de pessoal, melhorias estruturais nas unidades, aquisi\u00e7\u00f5es de armamentos e equipamentos, inaugura\u00e7\u00e3o de novos postos policiais, al\u00e9m da cria\u00e7\u00e3o de programas inovadores de atendimento \u00e0 popula\u00e7\u00e3o e capacita\u00e7\u00f5es profissionais aos servidores.<\/p>\n<p>Desde 2019, houve aumento de 60% nos investimentos para a \u00e1rea. Um incremento que permitiu Minas Gerais chegar ao posto de vice-l\u00edder no ranking de estados com maior sensa\u00e7\u00e3o de seguran\u00e7a do Brasil em 2023, com 87% da popula\u00e7\u00e3o afirmando estar segura na regi\u00e3o onde mora.<\/p>\n<p>Entre alguns n\u00fameros da seguran\u00e7a p\u00fablica que colocam Minas em destaque \u00e9 poss\u00edvel citar a dr\u00e1stica redu\u00e7\u00e3o no registro de criminalidade violenta, que passou de 95.529 em 2018 para 32.322 no ano passado, conforme o Observat\u00f3rio de Seguran\u00e7a P\u00fablica, da Secretaria de Estado de Justi\u00e7a e Seguran\u00e7a P\u00fablica. No mesmo per\u00edodo, o registro de homic\u00eddios consumados em Minas Gerais caiu de 2.948 para 2.637.<\/p>\n<p>Fonte: Ag\u00eancia Minas<\/p>\n<\/div>\n<p><\/main><\/p>\n","protected":false},"excerpt":{"rendered":"<p>O governador Romeu Zema, o secret\u00e1rio de\u00a0Justi\u00e7a e Seguran\u00e7a P\u00fablica (Sejusp), Rog\u00e9rio Greco, o secret\u00e1rio de\u00a0Comunica\u00e7\u00e3o Social (Secom), Bernardo Santos, e o superintendente de Rela\u00e7\u00f5es Nacionais e Internacionais da\u00a0Secretaria de Casa Civil (SCC), Igor Tameir\u00e3o, encerraram os compromissos oficiais realizados em San Salvador, capital de El Salvador, na quinta-feira (29\/5), ap\u00f3s tr\u00eas dias de uma [&hellip;]<\/p>\n","protected":false},"author":246,"featured_media":228582,"comment_status":"closed","ping_status":"closed","sticky":false,"template":"","format":"standard","meta":{"footnotes":""},"categories":[436,440,261,254,439],"tags":[],"class_list":["post-228581","post","type-post","status-publish","format-standard","has-post-thumbnail","hentry","category-destaque-da-semana","category-destaques-do-dia","category-economia","category-politica","category-ultima-hora"],"_links":{"self":[{"href":"https:\/\/diarioregionaldigital.com.br\/index.php?rest_route=\/wp\/v2\/posts\/228581","targetHints":{"allow":["GET"]}}],"collection":[{"href":"https:\/\/diarioregionaldigital.com.br\/index.php?rest_route=\/wp\/v2\/posts"}],"about":[{"href":"https:\/\/diarioregionaldigital.com.br\/index.php?rest_route=\/wp\/v2\/types\/post"}],"author":[{"embeddable":true,"href":"https:\/\/diarioregionaldigital.com.br\/index.php?rest_route=\/wp\/v2\/users\/246"}],"replies":[{"embeddable":true,"href":"https:\/\/diarioregionaldigital.com.br\/index.php?rest_route=%2Fwp%2Fv2%2Fcomments&post=228581"}],"version-history":[{"count":1,"href":"https:\/\/diarioregionaldigital.com.br\/index.php?rest_route=\/wp\/v2\/posts\/228581\/revisions"}],"predecessor-version":[{"id":228583,"href":"https:\/\/diarioregionaldigital.com.br\/index.php?rest_route=\/wp\/v2\/posts\/228581\/revisions\/228583"}],"wp:featuredmedia":[{"embeddable":true,"href":"https:\/\/diarioregionaldigital.com.br\/index.php?rest_route=\/wp\/v2\/media\/228582"}],"wp:attachment":[{"href":"https:\/\/diarioregionaldigital.com.br\/index.php?rest_route=%2Fwp%2Fv2%2Fmedia&parent=228581"}],"wp:term":[{"taxonomy":"category","embeddable":true,"href":"https:\/\/diarioregionaldigital.com.br\/index.php?rest_route=%2Fwp%2Fv2%2Fcategories&post=228581"},{"taxonomy":"post_tag","embeddable":true,"href":"https:\/\/diarioregionaldigital.com.br\/index.php?rest_route=%2Fwp%2Fv2%2Ftags&post=228581"}],"curies":[{"name":"wp","href":"https:\/\/api.w.org\/{rel}","templated":true}]}}