{"id":228578,"date":"2025-05-30T20:03:43","date_gmt":"2025-05-30T23:03:43","guid":{"rendered":"https:\/\/diarioregionaldigital.com.br\/?p=228578"},"modified":"2025-05-30T20:03:43","modified_gmt":"2025-05-30T23:03:43","slug":"governo-de-minas-reforca-parcerias-com-gestores-de-cultura-e-turismo-de-montes-claros-e-regiao","status":"publish","type":"post","link":"https:\/\/diarioregionaldigital.com.br\/?p=228578","title":{"rendered":"Governo de Minas refor\u00e7a parcerias com gestores de cultura e turismo de Montes Claros e regi\u00e3o"},"content":{"rendered":"<p>Em uma agenda voltada ao fortalecimento do di\u00e1logo com os territ\u00f3rios nas mais diversas regi\u00f5es, o\u00a0<a href=\"https:\/\/www.mg.gov.br\/\" target=\"_blank\" rel=\"noopener\">Governo de Minas<\/a>, por meio da\u00a0<a href=\"https:\/\/www.secult.mg.gov.br\/\" target=\"_blank\" rel=\"noopener\">Secretaria de Estado de Cultura e Turismo<\/a>, se reuniu nesta sexta-feira (30\/5), em Montes Claros, com gestores e representantes da cultura e do turismo da regi\u00e3o. O encontro marcou mais um passo nas a\u00e7\u00f5es da Secult-MG com os munic\u00edpios do Norte de Minas, refor\u00e7ando o compromisso com o desenvolvimento cultural e tur\u00edstico em todo o estado.<\/p>\n<p>A visita, que integra o programa Secult no Munic\u00edpio, reuniu representantes de 13 munic\u00edpios da Inst\u00e2ncia de Governan\u00e7a Regional (IGR) Sert\u00e3o Gerais, em uma agenda com foco em troca de experi\u00eancias, escuta dos desafios locais e fortalecimento das pol\u00edticas p\u00fablicas voltadas \u00e0 cultura e ao turismo na regi\u00e3o.<\/p>\n<p>A agenda incluiu visitas a importantes pontos culturais, como o Corredor Cultural Padre Dudu, o Museu Regional do Norte de Minas e o Mercado Central \u2013 s\u00edmbolos da riqueza hist\u00f3rica e riativa da cidade.<\/p>\n<p>\u201c\u00c9 fundamental trabalharmos em sintonia com os gestores, com a IGR, para a cultura e o turismo da regi\u00e3o serem cada dia mais potente. Estar aqui, conversar com voc\u00eas, conhecer de perto os espa\u00e7os e os projetos que movimentam a economia da criatividade \u00e9 reafirmar o compromisso do Governo de Minas com cada regi\u00e3o do nosso estado\u201d, destaca a secret\u00e1ria de Estado Adjunta de Cultura e Turismo de Minas Gerais, Josiane de Souza<\/p>\n<p>Ela\u00a0 tamb\u00e9m refor\u00e7ou a import\u00e2ncia da participa\u00e7\u00e3o dos munic\u00edpios em programas como o ICMS Turismo, mecanismo que reconhece e incentiva a atua\u00e7\u00e3o municipal no setor. Durante o encontro, foi destacado ainda o papel transformador do turismo em eventos como o Carnaval e o programa Minas Santa, que, em 2025, movimentaram mais de R$ 5 bilh\u00f5es na economia mineira. \u201cAs pol\u00edticas p\u00fablicas s\u00f3 t\u00eam sentido quando chegam nos munic\u00edpios e impactam a vida das pessoas\u201d, acrescenta Souza.<\/p>\n<p><b>Montes Claros: cultura viva<\/b><\/p>\n<p>Montes Claros \u00e9 um importante polo cultural no Norte de Minas, com uma cultura viva e pulsante e eventos que colocam a cidade na rota dos turistas, entre eles o Festival do Pequi e o Festival Internacional de Dan\u00e7as Folcl\u00f3ricas. O munic\u00edpio tamb\u00e9m conta a presen\u00e7a de Congados e Reinados, declarados Patrim\u00f4nio Cultural Imaterial de Minas Gerais em 2024.<\/p>\n<p>Localizada no interior da \u00fanica cordilheira do Brasil, Montes Claros tamb\u00e9m \u00e9 um dos principais destinos mineiros para o ecoturismo, o turismo de aventura, o cicloturismo e o turismo de experi\u00eancia.<\/p>\n<p>Fonte: Ag\u00eancia Minas<\/p>\n","protected":false},"excerpt":{"rendered":"<p>Em uma agenda voltada ao fortalecimento do di\u00e1logo com os territ\u00f3rios nas mais diversas regi\u00f5es, o\u00a0Governo de Minas, por meio da\u00a0Secretaria de Estado de Cultura e Turismo, se reuniu nesta sexta-feira (30\/5), em Montes Claros, com gestores e representantes da cultura e do turismo da regi\u00e3o. O encontro marcou mais um passo nas a\u00e7\u00f5es da [&hellip;]<\/p>\n","protected":false},"author":246,"featured_media":228579,"comment_status":"closed","ping_status":"closed","sticky":false,"template":"","format":"standard","meta":{"footnotes":""},"categories":[436,440,261,254,439],"tags":[],"class_list":["post-228578","post","type-post","status-publish","format-standard","has-post-thumbnail","hentry","category-destaque-da-semana","category-destaques-do-dia","category-economia","category-politica","category-ultima-hora"],"_links":{"self":[{"href":"https:\/\/diarioregionaldigital.com.br\/index.php?rest_route=\/wp\/v2\/posts\/228578","targetHints":{"allow":["GET"]}}],"collection":[{"href":"https:\/\/diarioregionaldigital.com.br\/index.php?rest_route=\/wp\/v2\/posts"}],"about":[{"href":"https:\/\/diarioregionaldigital.com.br\/index.php?rest_route=\/wp\/v2\/types\/post"}],"author":[{"embeddable":true,"href":"https:\/\/diarioregionaldigital.com.br\/index.php?rest_route=\/wp\/v2\/users\/246"}],"replies":[{"embeddable":true,"href":"https:\/\/diarioregionaldigital.com.br\/index.php?rest_route=%2Fwp%2Fv2%2Fcomments&post=228578"}],"version-history":[{"count":1,"href":"https:\/\/diarioregionaldigital.com.br\/index.php?rest_route=\/wp\/v2\/posts\/228578\/revisions"}],"predecessor-version":[{"id":228580,"href":"https:\/\/diarioregionaldigital.com.br\/index.php?rest_route=\/wp\/v2\/posts\/228578\/revisions\/228580"}],"wp:featuredmedia":[{"embeddable":true,"href":"https:\/\/diarioregionaldigital.com.br\/index.php?rest_route=\/wp\/v2\/media\/228579"}],"wp:attachment":[{"href":"https:\/\/diarioregionaldigital.com.br\/index.php?rest_route=%2Fwp%2Fv2%2Fmedia&parent=228578"}],"wp:term":[{"taxonomy":"category","embeddable":true,"href":"https:\/\/diarioregionaldigital.com.br\/index.php?rest_route=%2Fwp%2Fv2%2Fcategories&post=228578"},{"taxonomy":"post_tag","embeddable":true,"href":"https:\/\/diarioregionaldigital.com.br\/index.php?rest_route=%2Fwp%2Fv2%2Ftags&post=228578"}],"curies":[{"name":"wp","href":"https:\/\/api.w.org\/{rel}","templated":true}]}}