{"id":228572,"date":"2025-05-29T20:45:00","date_gmt":"2025-05-29T23:45:00","guid":{"rendered":"https:\/\/diarioregionaldigital.com.br\/?p=228572"},"modified":"2025-05-29T20:45:00","modified_gmt":"2025-05-29T23:45:00","slug":"prefeitura-realiza-mais-um-evento-de-adocao-do-canil-municipal-no-parque-halfeld-neste-sabado-31","status":"publish","type":"post","link":"https:\/\/diarioregionaldigital.com.br\/?p=228572","title":{"rendered":"Prefeitura realiza mais um evento de ado\u00e7\u00e3o do Canil Municipal no Parque Halfeld neste s\u00e1bado, 31"},"content":{"rendered":"<p>Segundo informa\u00e7\u00f5es do site da Prefeitura de Juiz de Fora (PJF), neste s\u00e1bado, 31, das 9h \u00e0s 13h, o Canil Municipal da Secretaria do Bem-Estar Animal (Sebeal) realiza mais um evento de ado\u00e7\u00e3o respons\u00e1vel, no Parque Halfeld. O candidato \u00e0 ado\u00e7\u00e3o respons\u00e1vel deve levar carteira de identidade, CPF e comprovante de resid\u00eancia. O interessado passar\u00e1 por uma entrevista com a equipe do Canil Municipal para analisar se est\u00e1 apto a levar um amiguinho para casa. Vale destacar a import\u00e2ncia de levar uma caixa de transporte ou coleira para transportar em seguran\u00e7a seu amigo para casa.<\/p>\n<p><strong>Microchipagem<\/strong><\/p>\n<p>Al\u00e9m do evento de ado\u00e7\u00e3o, ser\u00e1 feita a microchipagem dos animais da cidade de forma gratuita. A microchipagem em animais, especialmente c\u00e3es e gatos, \u00e9 um procedimento seguro e eficaz para identific\u00e1-los, facilitando a sua recupera\u00e7\u00e3o em caso de perda e contribuindo para o combate ao abandono animal. O microchip \u00e9 um pequeno dispositivo que \u00e9 implantado sob a pele do animal, contendo um c\u00f3digo \u00fanico que permite a sua identifica\u00e7\u00e3o.<\/p>\n<p><strong>Vacina\u00e7\u00e3o antirr\u00e1bica animal<\/strong><\/p>\n<p>Outras atividades de cuidado e prote\u00e7\u00e3o animal sempre integram o evento, como a vacina\u00e7\u00e3o antirr\u00e1bica animal. A a\u00e7\u00e3o do Canil Municipal da Prefeitura de Juiz de Fora (PJF) \u00e9 uma grande oportunidade para atualiza\u00e7\u00e3o do cart\u00e3o vacinal de pets do p\u00fablico geral de forma totalmente gratuita.<\/p>\n<p><strong>&#8220;Me adota a\u00ed!&#8221;<\/strong><\/p>\n<p>A campanha \u201cMe adota a\u00ed!\u201d foi lan\u00e7ada pela atual gest\u00e3o municipal com o objetivo de garantir um lar para os animais que est\u00e3o no Canil Municipal. Os interessados em adotar um amigo podem visitar o Canil, das 9h \u00e0s 10h30 e das 13h \u00e0s 15h30, de segunda a sexta-feira. Al\u00e9m disso, tamb\u00e9m pode ser feito agendamento para outros dias, pelo telefone (32) 98416-3648. O Canil fica na Rua Bartolomeu dos Santos 680, bairro S\u00e3o Dami\u00e3o.<\/p>\n","protected":false},"excerpt":{"rendered":"<p>Segundo informa\u00e7\u00f5es do site da Prefeitura de Juiz de Fora (PJF), neste s\u00e1bado, 31, das 9h \u00e0s 13h, o Canil Municipal da Secretaria do Bem-Estar Animal (Sebeal) realiza mais um evento de ado\u00e7\u00e3o respons\u00e1vel, no Parque Halfeld. O candidato \u00e0 ado\u00e7\u00e3o respons\u00e1vel deve levar carteira de identidade, CPF e comprovante de resid\u00eancia. O interessado passar\u00e1 [&hellip;]<\/p>\n","protected":false},"author":246,"featured_media":228573,"comment_status":"closed","ping_status":"closed","sticky":false,"template":"","format":"standard","meta":{"footnotes":""},"categories":[253,436,440,439],"tags":[],"class_list":["post-228572","post","type-post","status-publish","format-standard","has-post-thumbnail","hentry","category-cidade","category-destaque-da-semana","category-destaques-do-dia","category-ultima-hora"],"_links":{"self":[{"href":"https:\/\/diarioregionaldigital.com.br\/index.php?rest_route=\/wp\/v2\/posts\/228572","targetHints":{"allow":["GET"]}}],"collection":[{"href":"https:\/\/diarioregionaldigital.com.br\/index.php?rest_route=\/wp\/v2\/posts"}],"about":[{"href":"https:\/\/diarioregionaldigital.com.br\/index.php?rest_route=\/wp\/v2\/types\/post"}],"author":[{"embeddable":true,"href":"https:\/\/diarioregionaldigital.com.br\/index.php?rest_route=\/wp\/v2\/users\/246"}],"replies":[{"embeddable":true,"href":"https:\/\/diarioregionaldigital.com.br\/index.php?rest_route=%2Fwp%2Fv2%2Fcomments&post=228572"}],"version-history":[{"count":1,"href":"https:\/\/diarioregionaldigital.com.br\/index.php?rest_route=\/wp\/v2\/posts\/228572\/revisions"}],"predecessor-version":[{"id":228574,"href":"https:\/\/diarioregionaldigital.com.br\/index.php?rest_route=\/wp\/v2\/posts\/228572\/revisions\/228574"}],"wp:featuredmedia":[{"embeddable":true,"href":"https:\/\/diarioregionaldigital.com.br\/index.php?rest_route=\/wp\/v2\/media\/228573"}],"wp:attachment":[{"href":"https:\/\/diarioregionaldigital.com.br\/index.php?rest_route=%2Fwp%2Fv2%2Fmedia&parent=228572"}],"wp:term":[{"taxonomy":"category","embeddable":true,"href":"https:\/\/diarioregionaldigital.com.br\/index.php?rest_route=%2Fwp%2Fv2%2Fcategories&post=228572"},{"taxonomy":"post_tag","embeddable":true,"href":"https:\/\/diarioregionaldigital.com.br\/index.php?rest_route=%2Fwp%2Fv2%2Ftags&post=228572"}],"curies":[{"name":"wp","href":"https:\/\/api.w.org\/{rel}","templated":true}]}}