{"id":228568,"date":"2025-05-29T20:43:57","date_gmt":"2025-05-29T23:43:57","guid":{"rendered":"https:\/\/diarioregionaldigital.com.br\/?p=228568"},"modified":"2025-05-29T20:43:57","modified_gmt":"2025-05-29T23:43:57","slug":"novo-codigo-disciplinar-da-fifa-endurece-punicoes-em-casos-de-racismo","status":"publish","type":"post","link":"https:\/\/diarioregionaldigital.com.br\/?p=228568","title":{"rendered":"Novo C\u00f3digo Disciplinar da Fifa endurece puni\u00e7\u00f5es em casos de racismo"},"content":{"rendered":"<p>A Fifa publicou nesta quinta-feira (29) o novo\u00a0<a href=\"https:\/\/digitalhub.fifa.com\/m\/6094262690de769\/original\/FIFA-Disciplinary-Code-2025.pdf\"><strong>C\u00f3digo Disciplinar,<\/strong><\/a>\u00a0que torna mais severas as puni\u00e7\u00f5es e multas em casos de racismo ou discrimina\u00e7\u00e3o no futebol. O documento foi aprovado por unanimidade por 211 Associa\u00e7\u00f5es-Membro, durante o Conselho da entidade, em Bangkok (Tail\u00e2ndia), no \u00faltimo dia 17. Entre as altera\u00e7\u00f5es, est\u00e1 o aumento do valor m\u00e1ximo da multa, que poder\u00e1 chegar a 5 milh\u00f5es de francos su\u00ed\u00e7os \u2013 o equivalente a R$ 34 milh\u00f5es. As penas tamb\u00e9m ficaram mais rigorosas: federa\u00e7\u00f5es e clubes poder\u00e3o perder pontos e ser expulsos de competi\u00e7\u00f5es em decorr\u00eancia de situa\u00e7\u00f5es de racismo.<img decoding=\"async\" src=\"https:\/\/agenciabrasil.ebc.com.br\/ebc.png?id=1644846&amp;o=node\" \/><img decoding=\"async\" src=\"https:\/\/agenciabrasil.ebc.com.br\/ebc.gif?id=1644846&amp;o=node\" \/><\/p>\n<p>Outra inova\u00e7\u00e3o est\u00e1 inclusa no artigo 15 do novo C\u00f3digo, intitulado \u201cDiscrimina\u00e7\u00e3o e Racismo\u201d, que incrementa o protocolo criado no ano passado. Antes o \u00e1rbitro deveria sinalizar casos de racismo, adotando tr\u00eas regras: parar o jogo, suspender a partida e, em \u00faltimo caso, encerrar o confronto. Agora, com o novo C\u00f3digo, qualquer jogador ou integrante das equipes pode informar ao \u00e1rbitro, caso tenha sido vitima de racismo, para que o juiz\u00a0aplique imediatamente o protocolo. Em caso de continuidade das ofensas, a partida pode ser paralisada ou, at\u00e9 mesmo, encerrada pelo \u00e1rbitro.<\/p>\n<p>O presidente da Fifa, Gianni Infantino, reitera\u00a0que a entidade est\u00e1 empenhada em combater casos de discrimina\u00e7\u00e3o.<\/p>\n<blockquote><p>&#8220;Racismo n\u00e3o \u00e9 s\u00f3 um problema para atacar no futebol, racismo \u00e9 simplesmente um crime. E por isso estamos trabalhando com diferentes governos e com a ONU para ter certeza de que a luta contra o racismo esteja inserida na legisla\u00e7\u00e3o criminal de cada pa\u00eds do mundo&#8221;, defendeu o dirigente durante o Congresso da entidade em Assun\u00e7\u00e3o (Paraguai), no \u00faltimo dia 15.<\/p><\/blockquote>\n<p>O C\u00f3digo Disciplinar publicado hoje (29) tamb\u00e9m amplia o poder da Fifa. A entidade se reseva o direito de \u201cinterpor recurso ao Tribunal Arbitral do Esporte (CAS) contra decis\u00f5es em casos de abuso racista, bem como de intervir nos casos em que uma Associa\u00e7\u00e3o-Membro n\u00e3o investigar adequadamente os incidentes de racismo e processar o(s) infrator(es)&#8221;.<\/p>\n<p>Fonte: Ag\u00eancia Brasil<\/p>\n","protected":false},"excerpt":{"rendered":"<p>A Fifa publicou nesta quinta-feira (29) o novo\u00a0C\u00f3digo Disciplinar,\u00a0que torna mais severas as puni\u00e7\u00f5es e multas em casos de racismo ou discrimina\u00e7\u00e3o no futebol. O documento foi aprovado por unanimidade por 211 Associa\u00e7\u00f5es-Membro, durante o Conselho da entidade, em Bangkok (Tail\u00e2ndia), no \u00faltimo dia 17. Entre as altera\u00e7\u00f5es, est\u00e1 o aumento do valor m\u00e1ximo da [&hellip;]<\/p>\n","protected":false},"author":246,"featured_media":228570,"comment_status":"closed","ping_status":"closed","sticky":false,"template":"","format":"standard","meta":{"footnotes":""},"categories":[436,440,257,439],"tags":[],"class_list":["post-228568","post","type-post","status-publish","format-standard","has-post-thumbnail","hentry","category-destaque-da-semana","category-destaques-do-dia","category-esporte","category-ultima-hora"],"_links":{"self":[{"href":"https:\/\/diarioregionaldigital.com.br\/index.php?rest_route=\/wp\/v2\/posts\/228568","targetHints":{"allow":["GET"]}}],"collection":[{"href":"https:\/\/diarioregionaldigital.com.br\/index.php?rest_route=\/wp\/v2\/posts"}],"about":[{"href":"https:\/\/diarioregionaldigital.com.br\/index.php?rest_route=\/wp\/v2\/types\/post"}],"author":[{"embeddable":true,"href":"https:\/\/diarioregionaldigital.com.br\/index.php?rest_route=\/wp\/v2\/users\/246"}],"replies":[{"embeddable":true,"href":"https:\/\/diarioregionaldigital.com.br\/index.php?rest_route=%2Fwp%2Fv2%2Fcomments&post=228568"}],"version-history":[{"count":1,"href":"https:\/\/diarioregionaldigital.com.br\/index.php?rest_route=\/wp\/v2\/posts\/228568\/revisions"}],"predecessor-version":[{"id":228571,"href":"https:\/\/diarioregionaldigital.com.br\/index.php?rest_route=\/wp\/v2\/posts\/228568\/revisions\/228571"}],"wp:featuredmedia":[{"embeddable":true,"href":"https:\/\/diarioregionaldigital.com.br\/index.php?rest_route=\/wp\/v2\/media\/228570"}],"wp:attachment":[{"href":"https:\/\/diarioregionaldigital.com.br\/index.php?rest_route=%2Fwp%2Fv2%2Fmedia&parent=228568"}],"wp:term":[{"taxonomy":"category","embeddable":true,"href":"https:\/\/diarioregionaldigital.com.br\/index.php?rest_route=%2Fwp%2Fv2%2Fcategories&post=228568"},{"taxonomy":"post_tag","embeddable":true,"href":"https:\/\/diarioregionaldigital.com.br\/index.php?rest_route=%2Fwp%2Fv2%2Ftags&post=228568"}],"curies":[{"name":"wp","href":"https:\/\/api.w.org\/{rel}","templated":true}]}}