{"id":228562,"date":"2025-05-29T20:40:45","date_gmt":"2025-05-29T23:40:45","guid":{"rendered":"https:\/\/diarioregionaldigital.com.br\/?p=228562"},"modified":"2025-05-29T20:40:45","modified_gmt":"2025-05-29T23:40:45","slug":"governo-de-minas-anuncia-construcao-e-reforma-de-terminais-de-onibus-metropolitanos","status":"publish","type":"post","link":"https:\/\/diarioregionaldigital.com.br\/?p=228562","title":{"rendered":"Governo de Minas anuncia constru\u00e7\u00e3o e reforma de terminais de \u00f4nibus metropolitanos"},"content":{"rendered":"<p>O\u00a0<a href=\"https:\/\/www.mg.gov.br\/\" target=\"_blank\" rel=\"noopener\">Governo de Minas<\/a>, por meio da\u00a0<a href=\"http:\/\/www.infraestrutura.mg.gov.br\/\" target=\"_blank\" rel=\"noopener\">Secretaria de Estado de Infraestrutura, Mobilidade e Parcerias (Seinfra)<\/a>\u00a0apresentou, nesta quinta-feira (29\/5), o projeto de Parceria P\u00fablico-Privada (PPP) para constru\u00e7\u00e3o, reforma, recupera\u00e7\u00e3o, moderniza\u00e7\u00e3o, manuten\u00e7\u00e3o e opera\u00e7\u00e3o de 11 terminais de \u00f4nibus metropolitanos.<\/p>\n<p>A iniciativa inclui a constru\u00e7\u00e3o de nove novas estruturas e a requalifica\u00e7\u00e3o de outros dois terminais existentes. O lan\u00e7amento foi feito com a abertura da consulta p\u00fablica at\u00e9 o dia 28\/6.<\/p>\n<table border=\"0\" cellspacing=\"1\" cellpadding=\"1\" align=\"center\">\n<tbody>\n<tr>\n<td colspan=\"5\"><img decoding=\"async\" src=\"https:\/\/www.agenciaminas.mg.gov.br\/ckeditor_assets\/pictures\/20949\/content_2_olho_topo.jpg\" alt=\"\" \/><\/td>\n<\/tr>\n<tr>\n<td><\/td>\n<td colspan=\"3\" rowspan=\"3\">\n<h1><strong>&#8220;A partir de hoje, j\u00e1 est\u00e1 dispon\u00edvel no site da Seinfra o\u00a0<a href=\"http:\/\/www.infraestrutura.mg.gov.br\/component\/gmg\/page\/2632-consulta-publica-concessao-operacao-terminais-e-estacoes-move\" target=\"_blank\" rel=\"noopener\">link para o envio de contribui\u00e7\u00f5es<\/a>, bem como toda a documenta\u00e7\u00e3o que embasou o projeto. Al\u00e9m disso, teremos v\u00e1rias audi\u00eancias p\u00fablicas, no m\u00eas de junho, para colhermos todas as percep\u00e7\u00f5es dos usu\u00e1rios e dos munic\u00edpios. Essa participa\u00e7\u00e3o ampla \u00e9 fundamental para termos um projeto robusto e legitimado por todos os atores da sociedade&#8221;, destacou o secret\u00e1rio de Infraestrutura, Mobilidade e Parcerias, Pedro Bruno.<\/strong><\/h1>\n<\/td>\n<td><\/td>\n<\/tr>\n<tr>\n<td><\/td>\n<td><\/td>\n<\/tr>\n<tr>\n<td><\/td>\n<td><\/td>\n<\/tr>\n<tr>\n<td colspan=\"5\"><img decoding=\"async\" src=\"https:\/\/www.agenciaminas.mg.gov.br\/ckeditor_assets\/pictures\/20950\/content_2_olho_inferior.jpg\" alt=\"\" \/><\/td>\n<\/tr>\n<\/tbody>\n<\/table>\n<p>O projeto prev\u00ea a constru\u00e7\u00e3o dos terminais Petrol\u00e2ndia e Ferrugem, em Contagem, Veneza, em Ribeir\u00e3o das Neves, Regap, em Betim, Nova Lima, S\u00e3o Jos\u00e9 da Lapa e Lagoa Santa\/Vespasiano. Ainda ser\u00e3o requalificados os terminais Eldorado, em Contagem, e o de Pedro Leopoldo, no vetor norte da Regi\u00e3o Metropolitana de Belo Horizonte (RMBH).<\/p>\n<p>Outros dois terminais est\u00e3o sendo constru\u00eddos pelos pr\u00f3prios munic\u00edpios, sendo contemplados para opera\u00e7\u00e3o e manuten\u00e7\u00e3o pelo contrato de concess\u00e3o. \u00c9 o caso do terminal V\u00e1rzea das Flores (Darcy Ribeiro), financiado e edificado pelo Munic\u00edpio de Contagem, e o terminal de Santa Luzia, que conta com recursos do Estado e obra realizada pela prefeitura.<\/p>\n<p>A iniciativa faz parte do pacote de a\u00e7\u00f5es para o aprimoramento e efici\u00eancia do Transporte Estadual Metropolitano (Trem), otimizando as rotas j\u00e1 existentes e a integra\u00e7\u00e3o com o metr\u00f4 da RMBH, garantindo uma melhor cobertura do transporte p\u00fablico e ampliando a gama de destinos poss\u00edveis.<\/p>\n<figure class=\"image\"><img decoding=\"async\" src=\"https:\/\/www.agenciaminas.mg.gov.br\/ckeditor_assets\/pictures\/23005\/content_ppp-terminais-credito_fotos_francielle_cotaarmbh05_001.jpg\" alt=\"\" \/><figcaption><em><sub>Francielle Cota \/ ARMBH<\/sub><\/em><\/figcaption><\/figure>\n<p>Os estudos indicam que os terminais abrangidos no projeto ir\u00e3o atender mais de 150 mil passageiros por dia, somando mais de 40 milh\u00f5es de usu\u00e1rios anualmente. A previs\u00e3o de investimentos \u00e9 de R$ 447 milh\u00f5es para reforma e constru\u00e7\u00e3o, al\u00e9m de cerca de R$ 1 bilh\u00e3o para opera\u00e7\u00e3o e manuten\u00e7\u00e3o das unidades em 30 anos de contrato.\u00a0O cronograma estima a publica\u00e7\u00e3o do edital e leil\u00e3o para o segundo semestre de 2025. A entrega dos primeiros terminais, que ser\u00e3o constru\u00eddos do zero, dever\u00e1 ocorrer em at\u00e9 dois anos ap\u00f3s a assinatura do contrato.<\/p>\n<p><strong>Terminais<\/strong><\/p>\n<p>A estrutura dos terminais proporciona acesso direto, de embarque e desembarque, \u00e0s linhas do Move da Regi\u00e3o Metropolitana de Belo Horizonte, funcionando como pontos de converg\u00eancia e permitindo que linhas de \u00f4nibus alimentadoras se conectem a linhas troncais (principais). No projeto, h\u00e1 interven\u00e7\u00f5es imediatas para serem realizadas nos terminais que ser\u00e3o requalificados, como a melhoria das condi\u00e7\u00f5es de utiliza\u00e7\u00e3o dos banheiros, a revitaliza\u00e7\u00e3o e atualiza\u00e7\u00e3o das sinaliza\u00e7\u00f5es de informa\u00e7\u00e3o.<\/p>\n<p>Tamb\u00e9m est\u00e1 prevista a implanta\u00e7\u00e3o de rede wi-fi gratuita com cobertura integral nas \u00e1reas de circula\u00e7\u00e3o dos terminais, sem exig\u00eancia de cadastro pr\u00e9vio, facilitando o acesso \u00e0 informa\u00e7\u00e3o e a integra\u00e7\u00e3o digital dos usu\u00e1rios. Toda a infraestrutura ser\u00e1 adequada \u00e0s normas t\u00e9cnicas de acessibilidade, incluindo piso t\u00e1til, sinaliza\u00e7\u00e3o em braile, rampas, elevadores e dispositivos de comunica\u00e7\u00e3o em portugu\u00eas e ingl\u00eas, promovendo inclus\u00e3o de todos os usu\u00e1rios.<\/p>\n<p>Todos os terminais dever\u00e3o dispor de biciclet\u00e1rios, promovendo a integra\u00e7\u00e3o com o transporte ciclovi\u00e1rio e o est\u00edmulo ao uso de modais sustent\u00e1veis. A concession\u00e1ria tamb\u00e9m dever\u00e1 disponibilizar, a t\u00edtulo gratuito, espa\u00e7os para a venda de produtos agr\u00edcolas e artesanais por pequenos produtores e feirantes, bem como para a realiza\u00e7\u00e3o de atividades sem fins lucrativos de cunho cultural, social, de sa\u00fade e bem estar.<\/p>\n<p><strong>Consulta e audi\u00eancias<\/strong><\/p>\n<p>A consulta \u00e9 uma das oportunidades para que a popula\u00e7\u00e3o possa enviar sugest\u00f5es, contribui\u00e7\u00f5es e questionamentos sobre o projeto. A documenta\u00e7\u00e3o completa, bem como o regulamento de participa\u00e7\u00e3o est\u00e3o dispon\u00edveis no site da Seinfra. As manifesta\u00e7\u00f5es poder\u00e3o ser feitas pelo formul\u00e1rio e encaminhadas para o e-mail\u00a0<a href=\"mailto:terminais@infraestrutura.mg.gov.br\">terminais@infraestrutura.mg.gov.br<\/a>.<\/p>\n<p>Ainda est\u00e3o previstas cinco audi\u00eancias p\u00fablicas para apresenta\u00e7\u00e3o e esclarecimentos sobre o projeto, entre 23\/5 e 1\/7. As datas, hor\u00e1rios e os locais das sess\u00f5es ser\u00e3o divulgadas em breve.<\/p>\n<p>Fonte: Ag\u00eancia Minas<\/p>\n","protected":false},"excerpt":{"rendered":"<p>O\u00a0Governo de Minas, por meio da\u00a0Secretaria de Estado de Infraestrutura, Mobilidade e Parcerias (Seinfra)\u00a0apresentou, nesta quinta-feira (29\/5), o projeto de Parceria P\u00fablico-Privada (PPP) para constru\u00e7\u00e3o, reforma, recupera\u00e7\u00e3o, moderniza\u00e7\u00e3o, manuten\u00e7\u00e3o e opera\u00e7\u00e3o de 11 terminais de \u00f4nibus metropolitanos. A iniciativa inclui a constru\u00e7\u00e3o de nove novas estruturas e a requalifica\u00e7\u00e3o de outros dois terminais existentes. O [&hellip;]<\/p>\n","protected":false},"author":246,"featured_media":228563,"comment_status":"closed","ping_status":"closed","sticky":false,"template":"","format":"standard","meta":{"footnotes":""},"categories":[436,261,254,439],"tags":[],"class_list":["post-228562","post","type-post","status-publish","format-standard","has-post-thumbnail","hentry","category-destaque-da-semana","category-economia","category-politica","category-ultima-hora"],"_links":{"self":[{"href":"https:\/\/diarioregionaldigital.com.br\/index.php?rest_route=\/wp\/v2\/posts\/228562","targetHints":{"allow":["GET"]}}],"collection":[{"href":"https:\/\/diarioregionaldigital.com.br\/index.php?rest_route=\/wp\/v2\/posts"}],"about":[{"href":"https:\/\/diarioregionaldigital.com.br\/index.php?rest_route=\/wp\/v2\/types\/post"}],"author":[{"embeddable":true,"href":"https:\/\/diarioregionaldigital.com.br\/index.php?rest_route=\/wp\/v2\/users\/246"}],"replies":[{"embeddable":true,"href":"https:\/\/diarioregionaldigital.com.br\/index.php?rest_route=%2Fwp%2Fv2%2Fcomments&post=228562"}],"version-history":[{"count":1,"href":"https:\/\/diarioregionaldigital.com.br\/index.php?rest_route=\/wp\/v2\/posts\/228562\/revisions"}],"predecessor-version":[{"id":228564,"href":"https:\/\/diarioregionaldigital.com.br\/index.php?rest_route=\/wp\/v2\/posts\/228562\/revisions\/228564"}],"wp:featuredmedia":[{"embeddable":true,"href":"https:\/\/diarioregionaldigital.com.br\/index.php?rest_route=\/wp\/v2\/media\/228563"}],"wp:attachment":[{"href":"https:\/\/diarioregionaldigital.com.br\/index.php?rest_route=%2Fwp%2Fv2%2Fmedia&parent=228562"}],"wp:term":[{"taxonomy":"category","embeddable":true,"href":"https:\/\/diarioregionaldigital.com.br\/index.php?rest_route=%2Fwp%2Fv2%2Fcategories&post=228562"},{"taxonomy":"post_tag","embeddable":true,"href":"https:\/\/diarioregionaldigital.com.br\/index.php?rest_route=%2Fwp%2Fv2%2Ftags&post=228562"}],"curies":[{"name":"wp","href":"https:\/\/api.w.org\/{rel}","templated":true}]}}