{"id":228556,"date":"2025-05-29T20:38:29","date_gmt":"2025-05-29T23:38:29","guid":{"rendered":"https:\/\/diarioregionaldigital.com.br\/?p=228556"},"modified":"2025-05-29T20:38:29","modified_gmt":"2025-05-29T23:38:29","slug":"governo-de-minas-e-el-salvador-dialogam-sobre-parcerias-nas-areas-de-infraestrutura-e-turismo","status":"publish","type":"post","link":"https:\/\/diarioregionaldigital.com.br\/?p=228556","title":{"rendered":"Governo de Minas e El Salvador dialogam sobre parcerias nas \u00e1reas de infraestrutura e turismo"},"content":{"rendered":"<p>O interc\u00e2mbio comercial entre o Minas Gerais e El Salvador foi tema de reuni\u00e3o realizada nessa quarta-feira (28\/5), na sede da Ag\u00eancia de Promo\u00e7\u00e3o de Investimentos e Exporta\u00e7\u00f5es de El Salvador. Durante o encontro, representantes do\u00a0<a href=\"https:\/\/www.mg.gov.br\/\" target=\"_blank\" rel=\"noopener\">Governo de Minas<\/a>\u00a0e da empresa de investimento do pa\u00eds da Am\u00e9rica Central discutiram propostas de parcerias nas \u00e1reas de turismo e constru\u00e7\u00e3o civil.<\/p>\n<p>Com a diminui\u00e7\u00e3o da viol\u00eancia em El Salvador a n\u00fameros hist\u00f3ricos, a economia hoje \u00e9 um dos principais focos do poder p\u00fablico. O pa\u00eds vem apostando no turismo, sua maior renda na atualidade, e na chegada de investimentos estrangeiros para impulsionar a gera\u00e7\u00e3o de empregos e o crescimento econ\u00f4mico.<\/p>\n<p>Tendo em vista este cen\u00e1rio, a comitiva do Governo de Minas apresentou para os gestores locais as experi\u00eancias de sucesso do estado que hoje \u00e9 um dos principais destinos tur\u00edsticos do Brasil e que possui n\u00fameros expressivos de atra\u00e7\u00e3o de investimentos internacionais.<\/p>\n<p>Al\u00e9m disso, o Governo do Estado, por meio da Superintend\u00eancia de Rela\u00e7\u00f5es Nacionais e Internacionais da\u00a0<a href=\"https:\/\/www.casacivil.mg.gov.br\/\" target=\"_blank\" rel=\"noopener\">Secretaria de Casa Civil (SCC)<\/a>, se disp\u00f4s a intermediar conversas com o empresariado mineiro a fim de apresentar as oportunidades de se investir no pa\u00eds, sobretudo no setor de constru\u00e7\u00e3o civil, onde El Salvador sofre com necessidade de moradias &#8211; o governo salvadorenho estima que seja necess\u00e1ria a constru\u00e7\u00e3o de 30 mil moradias adicionais por ano, e no turismo, onde o pa\u00eds \u00e9 conhecido pelas praias atraentes para os praticantes de surf.<\/p>\n<p>Para o governador Romeu Zema, Minas Gerais pode oferecer a experi\u00eancia de atra\u00e7\u00e3o de investimento aplicada no Estado nos \u00faltimos anos e divulgando o pa\u00eds como destino tur\u00edstico para os mineiros.<\/p>\n<p>&#8220;Apenas em Minas Gerais, no meu governo, atra\u00edmos mais de R$ 475 bilh\u00f5es de investimento privado, um recorde. E sabemos que h\u00e1 empres\u00e1rios mineiros consolidados no estado que podem expandir para o exterior&#8221;, disse o governador.<\/p>\n<p>Para o superintendente de rela\u00e7\u00f5es nacionais e internacionais da Secretaria de Casa Civil, Igor Tameir\u00e3o, El Salvador \u00e9 um potencial local para que os empres\u00e1rios mineiros busquem oportunidades e ampliem os seus neg\u00f3cios.<\/p>\n<p>&#8220;Muitos salvadorenhos migraram pela inseguran\u00e7a p\u00fablica. Agora, com as pol\u00edticas implementadas e a diminui\u00e7\u00e3o da viol\u00eancia est\u00e3o voltando. O governo estima que 3 milh\u00f5es de salvadorenhos fora do pa\u00eds e para receb\u00ea-los de volta precisa de investimento no setor de constru\u00e7\u00e3o civil. Pretendemos apresentar este cen\u00e1rio para os empres\u00e1rios do setor em Minas\u201d explicou.<\/p>\n<p>Fonte: Ag\u00eancia Minas<\/p>\n","protected":false},"excerpt":{"rendered":"<p>O interc\u00e2mbio comercial entre o Minas Gerais e El Salvador foi tema de reuni\u00e3o realizada nessa quarta-feira (28\/5), na sede da Ag\u00eancia de Promo\u00e7\u00e3o de Investimentos e Exporta\u00e7\u00f5es de El Salvador. Durante o encontro, representantes do\u00a0Governo de Minas\u00a0e da empresa de investimento do pa\u00eds da Am\u00e9rica Central discutiram propostas de parcerias nas \u00e1reas de turismo [&hellip;]<\/p>\n","protected":false},"author":246,"featured_media":228557,"comment_status":"closed","ping_status":"closed","sticky":false,"template":"","format":"standard","meta":{"footnotes":""},"categories":[436,440,261,254,439],"tags":[],"class_list":["post-228556","post","type-post","status-publish","format-standard","has-post-thumbnail","hentry","category-destaque-da-semana","category-destaques-do-dia","category-economia","category-politica","category-ultima-hora"],"_links":{"self":[{"href":"https:\/\/diarioregionaldigital.com.br\/index.php?rest_route=\/wp\/v2\/posts\/228556","targetHints":{"allow":["GET"]}}],"collection":[{"href":"https:\/\/diarioregionaldigital.com.br\/index.php?rest_route=\/wp\/v2\/posts"}],"about":[{"href":"https:\/\/diarioregionaldigital.com.br\/index.php?rest_route=\/wp\/v2\/types\/post"}],"author":[{"embeddable":true,"href":"https:\/\/diarioregionaldigital.com.br\/index.php?rest_route=\/wp\/v2\/users\/246"}],"replies":[{"embeddable":true,"href":"https:\/\/diarioregionaldigital.com.br\/index.php?rest_route=%2Fwp%2Fv2%2Fcomments&post=228556"}],"version-history":[{"count":1,"href":"https:\/\/diarioregionaldigital.com.br\/index.php?rest_route=\/wp\/v2\/posts\/228556\/revisions"}],"predecessor-version":[{"id":228558,"href":"https:\/\/diarioregionaldigital.com.br\/index.php?rest_route=\/wp\/v2\/posts\/228556\/revisions\/228558"}],"wp:featuredmedia":[{"embeddable":true,"href":"https:\/\/diarioregionaldigital.com.br\/index.php?rest_route=\/wp\/v2\/media\/228557"}],"wp:attachment":[{"href":"https:\/\/diarioregionaldigital.com.br\/index.php?rest_route=%2Fwp%2Fv2%2Fmedia&parent=228556"}],"wp:term":[{"taxonomy":"category","embeddable":true,"href":"https:\/\/diarioregionaldigital.com.br\/index.php?rest_route=%2Fwp%2Fv2%2Fcategories&post=228556"},{"taxonomy":"post_tag","embeddable":true,"href":"https:\/\/diarioregionaldigital.com.br\/index.php?rest_route=%2Fwp%2Fv2%2Ftags&post=228556"}],"curies":[{"name":"wp","href":"https:\/\/api.w.org\/{rel}","templated":true}]}}