{"id":228552,"date":"2025-05-28T20:11:15","date_gmt":"2025-05-28T23:11:15","guid":{"rendered":"https:\/\/diarioregionaldigital.com.br\/?p=228552"},"modified":"2025-05-28T20:11:15","modified_gmt":"2025-05-28T23:11:15","slug":"juiz-de-fora-cria-empregos-1-139-em-abril-e-tem-novo-recorde-de-carteiras-assinadas-no-quadrimestre","status":"publish","type":"post","link":"https:\/\/diarioregionaldigital.com.br\/?p=228552","title":{"rendered":"Juiz de Fora cria empregos 1.139 em abril e tem novo recorde de carteiras assinadas no quadrimestre"},"content":{"rendered":"<p>Segundo informa\u00e7\u00f5es do site da Prefeitura de Juiz de Fora (PJF),\u00a0 Juiz de Fora gerou 1.139 postos de trabalho em abril de 2025. O saldo \u00e9 resultado da diferen\u00e7a entre 6.432 admiss\u00f5es e 5.293 desligamentos realizados no per\u00edodo, conforme o Cadastro Geral de Empregados e Desempregados (Caged), divulgado nesta quarta-feira, 28, pelo Minist\u00e9rio do Trabalho e Emprego (MTE).<\/p>\n<p>O saldo apresentado nos primeiros quatro meses do ano, 5.302, representa um recorde desde o in\u00edcio da s\u00e9rie hist\u00f3rica do Novo CAGED (iniciada em janeiro de 2020). De 2020 a 2024 os saldos acumulados dos meses de janeiro a mar\u00e7o foram, respectivamente, &#8211; 4.908, 1.082, 1.207, 2.242 e 3.263.<\/p>\n<p>O resultado mensal representa o melhor saldo para o m\u00eas de abril desde de 2020. No mesmo m\u00eas do ano passado, foram gerados\u00a0 812 empregos formais.<\/p>\n<p>A cidade criou, proporcionalmente, mais empregos que o pa\u00eds e o estado em abril. O Estoque (total de v\u00ednculos celetistas) em Juiz de Fora cresceu 0,75%, Minas Gerais cresceu 0,58% e Brasil, 0,54%. Ao todo, existem 153.053 trabalhadores empregados formalmente na cidade.<\/p>\n<p>Al\u00e9m disso, Juiz de Fora \u00e9 a segunda cidade que mais gerou empregos em Minas Gerais no quadrimestre.\u00a0Na lista dos munic\u00edpios mineiros que mais criaram postos de trabalho, Belo Horizonte apresentou o melhor saldo, 16.209, seguido de Contagem, 3.758; Paracatu, 3.228; e Nova Serrana, 2.641.<\/p>\n<p>O setor que mais contribuiu para o resultado foi Servi\u00e7os, com saldo positivo de 932 empregos formais criados; seguido da Constru\u00e7\u00e3o, com 103; Com\u00e9rcio, 64; Ind\u00fastria, 40 e Agropecu\u00e1ria, 0.<\/p>\n<p>Para o secret\u00e1rio de Desenvolvimento Sustent\u00e1vel e Inclusivo, da Inova\u00e7\u00e3o e Competitividade (SEDIC), Ignacio Delgado, \u201co desempenho de Juiz de Fora evidencia um movimento cont\u00ednuo de melhoria do ambiente de neg\u00f3cios, que envolve a simplifica\u00e7\u00e3o de procedimentos, que permite mais agilidade e confian\u00e7a na abertura e expans\u00e3o de empreendimentos na cidade; a\u00e7\u00f5es na infraestrutura, que valorizam o espa\u00e7o urbano e um constante di\u00e1logo entre o poder p\u00fablico e o os empreendedores, criando um clima de colabora\u00e7\u00e3o em favor do desenvolvimento da cidade.\u201d<\/p>\n","protected":false},"excerpt":{"rendered":"<p>Segundo informa\u00e7\u00f5es do site da Prefeitura de Juiz de Fora (PJF),\u00a0 Juiz de Fora gerou 1.139 postos de trabalho em abril de 2025. O saldo \u00e9 resultado da diferen\u00e7a entre 6.432 admiss\u00f5es e 5.293 desligamentos realizados no per\u00edodo, conforme o Cadastro Geral de Empregados e Desempregados (Caged), divulgado nesta quarta-feira, 28, pelo Minist\u00e9rio do Trabalho [&hellip;]<\/p>\n","protected":false},"author":246,"featured_media":228553,"comment_status":"closed","ping_status":"closed","sticky":false,"template":"","format":"standard","meta":{"footnotes":""},"categories":[253,436,440,439],"tags":[],"class_list":["post-228552","post","type-post","status-publish","format-standard","has-post-thumbnail","hentry","category-cidade","category-destaque-da-semana","category-destaques-do-dia","category-ultima-hora"],"_links":{"self":[{"href":"https:\/\/diarioregionaldigital.com.br\/index.php?rest_route=\/wp\/v2\/posts\/228552","targetHints":{"allow":["GET"]}}],"collection":[{"href":"https:\/\/diarioregionaldigital.com.br\/index.php?rest_route=\/wp\/v2\/posts"}],"about":[{"href":"https:\/\/diarioregionaldigital.com.br\/index.php?rest_route=\/wp\/v2\/types\/post"}],"author":[{"embeddable":true,"href":"https:\/\/diarioregionaldigital.com.br\/index.php?rest_route=\/wp\/v2\/users\/246"}],"replies":[{"embeddable":true,"href":"https:\/\/diarioregionaldigital.com.br\/index.php?rest_route=%2Fwp%2Fv2%2Fcomments&post=228552"}],"version-history":[{"count":1,"href":"https:\/\/diarioregionaldigital.com.br\/index.php?rest_route=\/wp\/v2\/posts\/228552\/revisions"}],"predecessor-version":[{"id":228554,"href":"https:\/\/diarioregionaldigital.com.br\/index.php?rest_route=\/wp\/v2\/posts\/228552\/revisions\/228554"}],"wp:featuredmedia":[{"embeddable":true,"href":"https:\/\/diarioregionaldigital.com.br\/index.php?rest_route=\/wp\/v2\/media\/228553"}],"wp:attachment":[{"href":"https:\/\/diarioregionaldigital.com.br\/index.php?rest_route=%2Fwp%2Fv2%2Fmedia&parent=228552"}],"wp:term":[{"taxonomy":"category","embeddable":true,"href":"https:\/\/diarioregionaldigital.com.br\/index.php?rest_route=%2Fwp%2Fv2%2Fcategories&post=228552"},{"taxonomy":"post_tag","embeddable":true,"href":"https:\/\/diarioregionaldigital.com.br\/index.php?rest_route=%2Fwp%2Fv2%2Ftags&post=228552"}],"curies":[{"name":"wp","href":"https:\/\/api.w.org\/{rel}","templated":true}]}}