{"id":228546,"date":"2025-05-28T20:04:03","date_gmt":"2025-05-28T23:04:03","guid":{"rendered":"https:\/\/diarioregionaldigital.com.br\/?p=228546"},"modified":"2025-05-28T20:04:03","modified_gmt":"2025-05-28T23:04:03","slug":"governo-de-minas-destaca-avancos-e-desafios-do-agro-durante-evento-em-brasilia","status":"publish","type":"post","link":"https:\/\/diarioregionaldigital.com.br\/?p=228546","title":{"rendered":"Governo de Minas destaca avan\u00e7os e desafios do agro durante evento em Bras\u00edlia"},"content":{"rendered":"<p>O governador em exerc\u00edcio de Minas Gerais, Mateus Sim\u00f5es, participou de um encontro com o setor agropecu\u00e1rio, nesta quarta-feira (28\/5), em Bras\u00edlia (DF), na sede da Confedera\u00e7\u00e3o da Agricultura e Pecu\u00e1ria do Brasil (CNA).<\/p>\n<p>Junto ao presidente da CNA, Jo\u00e3o Martins, ao presidente da Federa\u00e7\u00e3o da Agricultura e Pecu\u00e1ria do Estado de Minas Gerais (Faemg), Ant\u00f4nio de Salvo, e a cerca de 250 diretores e presidentes de diversos sindicatos de produtores rurais do estado, Mateus Sim\u00f5es tra\u00e7ou um retrato dos avan\u00e7os do agro e observou o crescimento da diversifica\u00e7\u00e3o dos produtos em todas as regi\u00f5es do territ\u00f3rio mineiro.<\/p>\n<p>&#8220;Nosso estado \u00e9 muito rico, tem de tudo, e me alegra ver que que estamos passando a ter de tudo em quase todos os lugares. Quase todos os senhores aqui hoje t\u00eam alegria de ter um sindicato de multicultura, um sindicato que tem pecu\u00e1ria forte, de corte de leite, que tem grama, que tem hortifruti, que tem a produ\u00e7\u00e3o de caf\u00e9, tem produ\u00e7\u00e3o de banana&#8221;, exemplificou Mateus Sim\u00f5es.<\/p>\n<p>O governador em exerc\u00edcio ressaltou ainda o marco que o fortalecimento do agro representa para o estado. &#8220;Em 2024, pela primeira vez na hist\u00f3ria de Minas Gerais, a receita de exporta\u00e7\u00e3o da agropecu\u00e1ria foi maior do que a minera\u00e7\u00e3o, o que aponta fortemente para onde est\u00e1 o futuro do nosso estado&#8221;, afirmou.<\/p>\n<p>Ele apontou ainda os esfor\u00e7os do\u00a0<a href=\"https:\/\/www.mg.gov.br\/\" target=\"_blank\" rel=\"noopener\">Governo de Minas<\/a>\u00a0para assegurar a produ\u00e7\u00e3o em pequenas propriedades com dificuldade de reserva e capta\u00e7\u00e3o de \u00e1gua, com a entrega de kits, como por meio do Programa Irriga Minas, e para garantir a prote\u00e7\u00e3o aos produtores, especialmente aos cafeicultores, que passaram a ser mais visados com a alta do pre\u00e7o da saca. Em 2025, o Estado adotou um novo modelo de policiamento rural para fortalecer as a\u00e7\u00f5es de preven\u00e7\u00e3o e prote\u00e7\u00e3o no campo.<\/p>\n<p>Fonte: Ag\u00eancia Minas<\/p>\n","protected":false},"excerpt":{"rendered":"<p>O governador em exerc\u00edcio de Minas Gerais, Mateus Sim\u00f5es, participou de um encontro com o setor agropecu\u00e1rio, nesta quarta-feira (28\/5), em Bras\u00edlia (DF), na sede da Confedera\u00e7\u00e3o da Agricultura e Pecu\u00e1ria do Brasil (CNA). Junto ao presidente da CNA, Jo\u00e3o Martins, ao presidente da Federa\u00e7\u00e3o da Agricultura e Pecu\u00e1ria do Estado de Minas Gerais (Faemg), [&hellip;]<\/p>\n","protected":false},"author":246,"featured_media":228547,"comment_status":"closed","ping_status":"closed","sticky":false,"template":"","format":"standard","meta":{"footnotes":""},"categories":[436,440,261,254,439],"tags":[],"class_list":["post-228546","post","type-post","status-publish","format-standard","has-post-thumbnail","hentry","category-destaque-da-semana","category-destaques-do-dia","category-economia","category-politica","category-ultima-hora"],"_links":{"self":[{"href":"https:\/\/diarioregionaldigital.com.br\/index.php?rest_route=\/wp\/v2\/posts\/228546","targetHints":{"allow":["GET"]}}],"collection":[{"href":"https:\/\/diarioregionaldigital.com.br\/index.php?rest_route=\/wp\/v2\/posts"}],"about":[{"href":"https:\/\/diarioregionaldigital.com.br\/index.php?rest_route=\/wp\/v2\/types\/post"}],"author":[{"embeddable":true,"href":"https:\/\/diarioregionaldigital.com.br\/index.php?rest_route=\/wp\/v2\/users\/246"}],"replies":[{"embeddable":true,"href":"https:\/\/diarioregionaldigital.com.br\/index.php?rest_route=%2Fwp%2Fv2%2Fcomments&post=228546"}],"version-history":[{"count":1,"href":"https:\/\/diarioregionaldigital.com.br\/index.php?rest_route=\/wp\/v2\/posts\/228546\/revisions"}],"predecessor-version":[{"id":228548,"href":"https:\/\/diarioregionaldigital.com.br\/index.php?rest_route=\/wp\/v2\/posts\/228546\/revisions\/228548"}],"wp:featuredmedia":[{"embeddable":true,"href":"https:\/\/diarioregionaldigital.com.br\/index.php?rest_route=\/wp\/v2\/media\/228547"}],"wp:attachment":[{"href":"https:\/\/diarioregionaldigital.com.br\/index.php?rest_route=%2Fwp%2Fv2%2Fmedia&parent=228546"}],"wp:term":[{"taxonomy":"category","embeddable":true,"href":"https:\/\/diarioregionaldigital.com.br\/index.php?rest_route=%2Fwp%2Fv2%2Fcategories&post=228546"},{"taxonomy":"post_tag","embeddable":true,"href":"https:\/\/diarioregionaldigital.com.br\/index.php?rest_route=%2Fwp%2Fv2%2Ftags&post=228546"}],"curies":[{"name":"wp","href":"https:\/\/api.w.org\/{rel}","templated":true}]}}