{"id":228543,"date":"2025-05-28T20:00:50","date_gmt":"2025-05-28T23:00:50","guid":{"rendered":"https:\/\/diarioregionaldigital.com.br\/?p=228543"},"modified":"2025-05-28T20:00:50","modified_gmt":"2025-05-28T23:00:50","slug":"minas-gerais-ultrapassa-a-marca-de-105-mil-novos-empregos-com-carteira-assinada-em-2025","status":"publish","type":"post","link":"https:\/\/diarioregionaldigital.com.br\/?p=228543","title":{"rendered":"Minas Gerais ultrapassa a marca de 105 mil novos empregos com carteira assinada em 2025"},"content":{"rendered":"<p>Segundo informa\u00e7\u00f5es do site da Prefeitura de Juiz de Fora (PJF), Minas Gerais mant\u00e9m saldo positivo na gera\u00e7\u00e3o de vagas de emprego em 2025. Segundo dados do Novo Cadastro Geral de Empregados e Desempregados (Novo Caged), divulgados nesta quarta-feira (28\/5), o estado j\u00e1 soma 105.584 novos postos de trabalho com carteira assinada neste ano.<\/p>\n<p>Somente em abril, foram criadas 29.083 oportunidades para os trabalhadores de Minas, sendo o melhor resultado para o per\u00edodo em toda a s\u00e9rie hist\u00f3rica, iniciada em 2020. Com o bom desempenho, o estado acumula\u00a0981.224\u00a0empregos criados desde 2019.<\/p>\n<p>&nbsp;<\/p>\n<table border=\"0\" cellspacing=\"1\" cellpadding=\"1\" align=\"center\">\n<tbody>\n<tr>\n<td colspan=\"5\"><img decoding=\"async\" src=\"https:\/\/www.agenciaminas.mg.gov.br\/ckeditor_assets\/pictures\/20949\/content_2_olho_topo.jpg\" alt=\"\" \/><\/td>\n<\/tr>\n<tr>\n<td><\/td>\n<td colspan=\"3\" rowspan=\"3\">\n<h1>\n<strong>&#8220;Com este resultado positivo em abril, j\u00e1 criamos mais de 980\u00a0mil empregos com carteira assinada\u00a0para os mineiros desde 2019, quase superando a meta de 1 milh\u00e3o de oportunidade at\u00e9 o ano que vem. Isso mostra que estamos no caminho certo, atraindo cada dia mais novos empreendimentos e ampliando a gera\u00e7\u00e3o de emprego, a capacita\u00e7\u00e3o profissional e a renda para a popula\u00e7\u00e3o de Minas&#8221;, enfatizou o governador Romeu Zema.<\/strong><\/h1>\n<\/td>\n<td><\/td>\n<\/tr>\n<tr>\n<td><\/td>\n<td><\/td>\n<\/tr>\n<tr>\n<td><\/td>\n<td><\/td>\n<\/tr>\n<tr>\n<td colspan=\"5\"><img decoding=\"async\" src=\"https:\/\/www.agenciaminas.mg.gov.br\/ckeditor_assets\/pictures\/20950\/content_2_olho_inferior.jpg\" alt=\"\" \/><\/td>\n<\/tr>\n<\/tbody>\n<\/table>\n<p>&nbsp;<\/p>\n<p>A secret\u00e1ria de Estado de Desenvolvimento Social, Al\u00ea Portela, enfatiza que os\u00a0resultados positivos que o estado vem apresentando na gera\u00e7\u00e3o de empregos, m\u00eas ap\u00f3s m\u00eas, s\u00e3o fruto de uma pol\u00edtica consistente do\u00a0<a href=\"https:\/\/www.mg.gov.br\/\" target=\"_blank\" rel=\"noopener\">Governo de Minas<\/a>, que est\u00e1 criando um ambiente cada vez mais favor\u00e1vel para quem quer empreender, investir e crescer em Minas.<\/p>\n<p>&nbsp;<\/p>\n<table border=\"0\" cellspacing=\"1\" cellpadding=\"1\" align=\"center\">\n<tbody>\n<tr>\n<td colspan=\"5\"><img decoding=\"async\" src=\"https:\/\/www.agenciaminas.mg.gov.br\/ckeditor_assets\/pictures\/20949\/content_2_olho_topo.jpg\" alt=\"\" \/><\/td>\n<\/tr>\n<tr>\n<td><\/td>\n<td colspan=\"3\" rowspan=\"3\">\n<h1><strong>&#8220;Ao mesmo tempo, investimos em qualifica\u00e7\u00e3o profissional, garantindo que a popula\u00e7\u00e3o esteja preparada para as novas oportunidades. Esse \u00e9 o nosso compromisso: transformar o crescimento econ\u00f4mico em emprego, renda e qualidade de vida para os mineiros&#8221;, ressalta Al\u00ea Portela.<\/strong><\/h1>\n<\/td>\n<td><\/td>\n<\/tr>\n<tr>\n<td><\/td>\n<td><\/td>\n<\/tr>\n<tr>\n<td><\/td>\n<td><\/td>\n<\/tr>\n<tr>\n<td colspan=\"5\"><img decoding=\"async\" src=\"https:\/\/www.agenciaminas.mg.gov.br\/ckeditor_assets\/pictures\/20950\/content_2_olho_inferior.jpg\" alt=\"\" \/><\/td>\n<\/tr>\n<\/tbody>\n<\/table>\n<p><b>Amplo crescimento<\/b><\/p>\n<p>O saldo positivo do \u00faltimo m\u00eas \u00e9 resultado de 243.508 admiss\u00f5es contra 214.425 desligamentos. Na compara\u00e7\u00e3o com o mesmo per\u00edodo do ano passado, quando foram gerados 25.912 empregos formais, houve um aumento de 3.171 postos de trabalho, o que representa um crescimento de 12%.<\/p>\n<p>O setor de Servi\u00e7os liderou a gera\u00e7\u00e3o de vagas, com 14.744 novas oportunidades de trabalho, seguido por Ind\u00fastria (4.551), Com\u00e9rcio (3.978), Constru\u00e7\u00e3o (3.704) e Agropecu\u00e1ria (2.111).<\/p>\n<p>Trabalhadores dos servi\u00e7os, vendedores do com\u00e9rcio em lojas e mercados s\u00e3o os que apresentaram maior saldo no m\u00eas de abril, com 9 mil empregos gerados. J\u00e1 em rela\u00e7\u00e3o ao perfil dos empregados, o maior n\u00famero de contrata\u00e7\u00f5es foi de homens entre 18 e 24 anos, com ensino m\u00e9dio completo.<\/p>\n<p>\u201cO estado se destaca nacionalmente na gera\u00e7\u00e3o de empregos, com n\u00fameros positivos em diversos setores, como constru\u00e7\u00e3o civil, servi\u00e7os e ind\u00fastria\u201d, destaca a diretora de Monitoramento e Articula\u00e7\u00e3o de Oportunidades de Trabalho da Sedese, Amanda Carvalho.<\/p>\n<p><b>Destaque nacional<\/b><\/p>\n<p>No comparativo com os demais estados do pa\u00eds, Minas Gerais foi o segundo com a maior quantidade de empregos gerados, atr\u00e1s somente de S\u00e3o Paulo (72.283), o que tamb\u00e9m consolida o estado como um dos principais motores do mercado de trabalho no pa\u00eds.<\/p>\n<p>Mantendo o saldo positivo dos \u00faltimos meses, Minas permanece como um dos estados com maior n\u00famero de trabalhadores formais no Brasil, com um estoque de mais de 5 milh\u00f5es de empregos com carteira assinada, tanto no setor p\u00fablico quanto no privado (5.016.056).<\/p>\n","protected":false},"excerpt":{"rendered":"<p>Segundo informa\u00e7\u00f5es do site da Prefeitura de Juiz de Fora (PJF), Minas Gerais mant\u00e9m saldo positivo na gera\u00e7\u00e3o de vagas de emprego em 2025. Segundo dados do Novo Cadastro Geral de Empregados e Desempregados (Novo Caged), divulgados nesta quarta-feira (28\/5), o estado j\u00e1 soma 105.584 novos postos de trabalho com carteira assinada neste ano. Somente [&hellip;]<\/p>\n","protected":false},"author":246,"featured_media":228544,"comment_status":"closed","ping_status":"closed","sticky":false,"template":"","format":"standard","meta":{"footnotes":""},"categories":[436,440,261,254,439],"tags":[],"class_list":["post-228543","post","type-post","status-publish","format-standard","has-post-thumbnail","hentry","category-destaque-da-semana","category-destaques-do-dia","category-economia","category-politica","category-ultima-hora"],"_links":{"self":[{"href":"https:\/\/diarioregionaldigital.com.br\/index.php?rest_route=\/wp\/v2\/posts\/228543","targetHints":{"allow":["GET"]}}],"collection":[{"href":"https:\/\/diarioregionaldigital.com.br\/index.php?rest_route=\/wp\/v2\/posts"}],"about":[{"href":"https:\/\/diarioregionaldigital.com.br\/index.php?rest_route=\/wp\/v2\/types\/post"}],"author":[{"embeddable":true,"href":"https:\/\/diarioregionaldigital.com.br\/index.php?rest_route=\/wp\/v2\/users\/246"}],"replies":[{"embeddable":true,"href":"https:\/\/diarioregionaldigital.com.br\/index.php?rest_route=%2Fwp%2Fv2%2Fcomments&post=228543"}],"version-history":[{"count":1,"href":"https:\/\/diarioregionaldigital.com.br\/index.php?rest_route=\/wp\/v2\/posts\/228543\/revisions"}],"predecessor-version":[{"id":228545,"href":"https:\/\/diarioregionaldigital.com.br\/index.php?rest_route=\/wp\/v2\/posts\/228543\/revisions\/228545"}],"wp:featuredmedia":[{"embeddable":true,"href":"https:\/\/diarioregionaldigital.com.br\/index.php?rest_route=\/wp\/v2\/media\/228544"}],"wp:attachment":[{"href":"https:\/\/diarioregionaldigital.com.br\/index.php?rest_route=%2Fwp%2Fv2%2Fmedia&parent=228543"}],"wp:term":[{"taxonomy":"category","embeddable":true,"href":"https:\/\/diarioregionaldigital.com.br\/index.php?rest_route=%2Fwp%2Fv2%2Fcategories&post=228543"},{"taxonomy":"post_tag","embeddable":true,"href":"https:\/\/diarioregionaldigital.com.br\/index.php?rest_route=%2Fwp%2Fv2%2Ftags&post=228543"}],"curies":[{"name":"wp","href":"https:\/\/api.w.org\/{rel}","templated":true}]}}