{"id":228541,"date":"2025-05-28T09:39:09","date_gmt":"2025-05-28T12:39:09","guid":{"rendered":"https:\/\/diarioregionaldigital.com.br\/?p=228541"},"modified":"2025-05-28T09:39:09","modified_gmt":"2025-05-28T12:39:09","slug":"aviso-de-chamada-publica-n-038-2025-28-05-2025","status":"publish","type":"post","link":"https:\/\/diarioregionaldigital.com.br\/?p=228541","title":{"rendered":"AVISO DE CHAMADA P\u00daBLICA n\u00b0 038\/2025 &#8211; 28\/05\/2025"},"content":{"rendered":"<p class=\"s6\"><span class=\"s5\"><span class=\"bumpedFont15\">PREFEITURA MUNICIPAL DE <\/span><\/span><span class=\"s5\"><span class=\"bumpedFont15\">DESCOBERTO<\/span><\/span><\/p>\n<p class=\"s6\">\n<p class=\"s6\"><span class=\"s5\"><span class=\"bumpedFont15\">AVISO DE CHAMADA P\u00daBLICA<\/span><\/span><\/p>\n<p class=\"s6\">\n<p class=\"s8\"><span class=\"s7\"><span class=\"bumpedFont15\">Processo L<\/span><\/span><span class=\"s7\"><span class=\"bumpedFont15\">icitat\u00f3rio<\/span><\/span><span class=\"s7\"><span class=\"bumpedFont15\"> n\u00b0 <\/span><\/span><span class=\"s7\"><span class=\"bumpedFont15\">0<\/span><\/span><span class=\"s7\"><span class=\"bumpedFont15\">38<\/span><\/span><span class=\"s7\"><span class=\"bumpedFont15\">\/202<\/span><\/span><span class=\"s7\"><span class=\"bumpedFont15\">5<\/span><\/span><\/p>\n<p class=\"s8\"><span class=\"s7\"><span class=\"bumpedFont15\">Moda<\/span><\/span><span class=\"s7\"><span class=\"bumpedFont15\">l<\/span><\/span><span class=\"s7\"><span class=\"bumpedFont15\">idade de Dispensa<\/span><\/span><span class=\"s7\"><span class=\"bumpedFont15\"> Presencial n\u00b0<\/span><\/span> <span class=\"s7\"><span class=\"bumpedFont15\">0<\/span><\/span><span class=\"s7\"><span class=\"bumpedFont15\">011<\/span><\/span><span class=\"s7\"><span class=\"bumpedFont15\">\/202<\/span><\/span><span class=\"s7\"><span class=\"bumpedFont15\">5<\/span><\/span><\/p>\n<p class=\"s8\"><span class=\"s7\"><span class=\"bumpedFont15\">Chamada P\u00fablica de n\u00b0 <\/span><\/span><span class=\"s7\"><span class=\"bumpedFont15\">00<\/span><\/span><span class=\"s7\"><span class=\"bumpedFont15\">1<\/span><\/span><span class=\"s7\"><span class=\"bumpedFont15\">\/202<\/span><\/span><span class=\"s7\"><span class=\"bumpedFont15\">5<\/span><\/span><\/p>\n<p class=\"s11\"><span class=\"s9\"><span class=\"bumpedFont15\">O Munic\u00edpio de DESCOBERTO\/MG, torna p\u00fablico aos interessados, a Chamada P\u00fablica N\u00b0 <\/span><\/span><span class=\"s9\"><span class=\"bumpedFont15\">00<\/span><\/span><span class=\"s9\"><span class=\"bumpedFont15\">1<\/span><\/span><span class=\"s9\"><span class=\"bumpedFont15\">\/202<\/span><\/span><span class=\"s9\"><span class=\"bumpedFont15\">5<\/span><\/span><span class=\"s9\"><span class=\"bumpedFont15\">, <\/span><\/span><span class=\"s9\"><span class=\"bumpedFont15\">para aquisi\u00e7\u00e3o de g\u00eaneros alime<\/span><\/span><span class=\"s9\"><span class=\"bumpedFont15\">nt\u00edcios da Agricultura Familiar e do Empreendedor Familiar Rural, destinado ao atendimento ao Programa Nacional de Alimenta\u00e7\u00e3o Escola<\/span><\/span><span class=\"s9\"><span class=\"bumpedFont15\">r, em atendimento a Lei n\u00ba. 11.947\/2009, Resolu\u00e7\u00e3o FNDE\/CD n\u00ba 26\/2013<\/span><\/span><span class=\"s9\"><span class=\"bumpedFont15\">, <\/span><\/span><span class=\"s9\"><span class=\"bumpedFont15\">Resolu\u00e7\u00e3o F<\/span><\/span><span class=\"s9\"><span class=\"bumpedFont15\">NDE\/CD n\u00ba 04\/2015<\/span><\/span><span class=\"s9\"><span class=\"bumpedFont15\">, <\/span><\/span><span class=\"s9\"><span class=\"bumpedFont15\">Resolu\u00e7\u00e3o MEC<\/span><\/span><span class=\"s9\"><span class=\"bumpedFont15\">\/FNDE<\/span><\/span><span class=\"s9\"><span class=\"bumpedFont15\"> n\u00ba <\/span><\/span><span class=\"s9\"><span class=\"bumpedFont15\">0<\/span><\/span><span class=\"s9\"><span class=\"bumpedFont15\">6<\/span><\/span><span class=\"s9\"><span class=\"bumpedFont15\">\/2020<\/span><\/span><span class=\"s9\"><span class=\"bumpedFont15\"> e Resolu\u00e7\u00e3o MEC\/FNDE n\u00ba 21\/2021<\/span><\/span><span class=\"s9\"><span class=\"bumpedFont15\">. O recebimento da documenta\u00e7\u00e3o e do projeto de venda ocorrer\u00e1 at\u00e9 o dia <\/span><\/span><span class=\"s9\"><span class=\"bumpedFont15\">18<\/span><\/span><span class=\"s9\"><span class=\"bumpedFont15\">\/0<\/span><\/span><span class=\"s9\"><span class=\"bumpedFont15\">6<\/span><\/span><span class=\"s9\"><span class=\"bumpedFont15\">\/202<\/span><\/span><span class=\"s9\"><span class=\"bumpedFont15\">5<\/span><\/span><span class=\"s9\"><span class=\"bumpedFont15\">, <\/span><\/span><span class=\"s9\"><span class=\"bumpedFont15\">\u00e0s <\/span><\/span><span class=\"s9\"><span class=\"bumpedFont15\">16:00<\/span><\/span><span class=\"s9\"><span class=\"bumpedFont15\">h<\/span><\/span><span class=\"s9\"><span class=\"bumpedFont15\">, no Setor de Licita\u00e7\u00f5es da Prefeitura Municipal DESCOBERTO\/MG. O edital com os da<\/span><\/span><span class=\"s9\"><span class=\"bumpedFont15\">dos completos encontra-se dispon\u00edvel gratuit<\/span><\/span><span class=\"s9\"><span class=\"bumpedFont15\">amente aos interessados na sede da Pref<\/span><\/span><span class=\"s9\"><span class=\"bumpedFont15\">eitura Municipal de DESCOBERTO\/MG, sit<\/span><\/span><span class=\"s9\"><span class=\"bumpedFont15\">uado<\/span><\/span><span class=\"s9\"><span class=\"bumpedFont15\">n<\/span><\/span><span class=\"s9\"><span class=\"bumpedFont15\">a Rua Capit\u00e3o Bas\u00edlio, n\u00b0 39, Centro ou pelo site <\/span><\/span><a href=\"http:\/\/www.descoberto.mg.gov.br\/\"><span class=\"s10\"><span class=\"bumpedFont15\">http:\/\/www.descoberto.mg.gov.br<\/span><\/span><\/a><span class=\"s9\"><span class=\"bumpedFont15\">.<\/span><\/span> <span class=\"s9\"><span class=\"bumpedFont15\">Para <\/span><\/span><span class=\"s9\"><span class=\"bumpedFont15\">conhecimento de todos os interessados, expediu-s<\/span><\/span><span class=\"s9\"><span class=\"bumpedFont15\">e o presente que ser\u00e1 afixado no lugar <\/span><\/span><span class=\"s9\"><span class=\"bumpedFont15\">de costume, publicando-se na forma da lei. <\/span><\/span><span class=\"s9\"><span class=\"bumpedFont15\">DESCOBERTO, <\/span><\/span><span class=\"s9\"><span class=\"bumpedFont15\">28<\/span><\/span><span class=\"s9\"><span class=\"bumpedFont15\">de <\/span><\/span><span class=\"s9\"><span class=\"bumpedFont15\">maio<\/span><\/span><span class=\"s9\"><span class=\"bumpedFont15\"> de 202<\/span><\/span><span class=\"s9\"><span class=\"bumpedFont15\">5<\/span><\/span><span class=\"s9\"><span class=\"bumpedFont15\">.<\/span><\/span><\/p>\n<p class=\"s11\">\n<p class=\"s13\"><span class=\"s12\"><span class=\"bumpedFont15\">_________________________________<\/span><\/span><span class=\"s12\"><span class=\"bumpedFont15\">______________________________<\/span><\/span><\/p>\n<p class=\"s13\"><span class=\"s12\"><span class=\"bumpedFont15\">Rua: Capit\u00e3o<\/span><\/span> <span class=\"s12\"><span class=\"bumpedFont15\">Bas\u00edlio n<\/span><\/span><span class=\"s12\"><span class=\"bumpedFont15\">\u00ba 39 &#8211; Centro &#8211; Descobe<\/span><\/span><span class=\"s12\"><span class=\"bumpedFont15\">r<\/span><\/span><span class=\"s12\"><span class=\"bumpedFont15\">to &#8211; MG &#8211; <\/span><\/span><span class=\"s12\"><span class=\"bumpedFont15\">Cep 36690-000<\/span><\/span><\/p>\n<p class=\"s13\"><span class=\"s12\"><span class=\"bumpedFont15\">Tele-fax (32)<\/span><\/span><span class=\"s12\"><span class=\"bumpedFont15\"> 3265-1<\/span><\/span><span class=\"s12\"><span class=\"bumpedFont15\">740 \u2013 e-mail: <\/span><\/span><span class=\"s12\"><span class=\"bumpedFont15\">licitaca<\/span><\/span><span class=\"s12\"><span class=\"bumpedFont15\">o@descoberto.mg.gov.br<\/span><\/span><\/p>\n","protected":false},"excerpt":{"rendered":"<p>PREFEITURA MUNICIPAL DE DESCOBERTO AVISO DE CHAMADA P\u00daBLICA Processo Licitat\u00f3rio n\u00b0 038\/2025 Modalidade de Dispensa Presencial n\u00b0 0011\/2025 Chamada P\u00fablica de n\u00b0 001\/2025 O Munic\u00edpio de DESCOBERTO\/MG, torna p\u00fablico aos interessados, a Chamada P\u00fablica N\u00b0 001\/2025, para aquisi\u00e7\u00e3o de g\u00eaneros aliment\u00edcios da Agricultura Familiar e do Empreendedor Familiar Rural, destinado ao atendimento ao Programa Nacional [&hellip;]<\/p>\n","protected":false},"author":246,"featured_media":0,"comment_status":"closed","ping_status":"closed","sticky":false,"template":"","format":"standard","meta":{"footnotes":""},"categories":[307],"tags":[],"class_list":["post-228541","post","type-post","status-publish","format-standard","hentry","category-editais"],"_links":{"self":[{"href":"https:\/\/diarioregionaldigital.com.br\/index.php?rest_route=\/wp\/v2\/posts\/228541","targetHints":{"allow":["GET"]}}],"collection":[{"href":"https:\/\/diarioregionaldigital.com.br\/index.php?rest_route=\/wp\/v2\/posts"}],"about":[{"href":"https:\/\/diarioregionaldigital.com.br\/index.php?rest_route=\/wp\/v2\/types\/post"}],"author":[{"embeddable":true,"href":"https:\/\/diarioregionaldigital.com.br\/index.php?rest_route=\/wp\/v2\/users\/246"}],"replies":[{"embeddable":true,"href":"https:\/\/diarioregionaldigital.com.br\/index.php?rest_route=%2Fwp%2Fv2%2Fcomments&post=228541"}],"version-history":[{"count":1,"href":"https:\/\/diarioregionaldigital.com.br\/index.php?rest_route=\/wp\/v2\/posts\/228541\/revisions"}],"predecessor-version":[{"id":228542,"href":"https:\/\/diarioregionaldigital.com.br\/index.php?rest_route=\/wp\/v2\/posts\/228541\/revisions\/228542"}],"wp:attachment":[{"href":"https:\/\/diarioregionaldigital.com.br\/index.php?rest_route=%2Fwp%2Fv2%2Fmedia&parent=228541"}],"wp:term":[{"taxonomy":"category","embeddable":true,"href":"https:\/\/diarioregionaldigital.com.br\/index.php?rest_route=%2Fwp%2Fv2%2Fcategories&post=228541"},{"taxonomy":"post_tag","embeddable":true,"href":"https:\/\/diarioregionaldigital.com.br\/index.php?rest_route=%2Fwp%2Fv2%2Ftags&post=228541"}],"curies":[{"name":"wp","href":"https:\/\/api.w.org\/{rel}","templated":true}]}}