{"id":228534,"date":"2025-05-27T20:27:41","date_gmt":"2025-05-27T23:27:41","guid":{"rendered":"https:\/\/diarioregionaldigital.com.br\/?p=228534"},"modified":"2025-05-27T20:27:41","modified_gmt":"2025-05-27T23:27:41","slug":"cras-sudeste-recebe-a-primeira-pre-conferencia-de-assistencia-social","status":"publish","type":"post","link":"https:\/\/diarioregionaldigital.com.br\/?p=228534","title":{"rendered":"CRAS Sudeste recebe a primeira Pr\u00e9-Confer\u00eancia de Assist\u00eancia Social"},"content":{"rendered":"<p>Segundo informa\u00e7\u00f5es do site da Prefeitura de Juiz de Fora (PJF), teve in\u00edcio na manh\u00e3 desta ter\u00e7a-feira, 27, \u00e0s 9h, no CRAS Sudeste Costa Carvalho, a\u00a0primeira Pr\u00e9-Confer\u00eancia de Assist\u00eancia Social. Os encontros fazem parte da prepara\u00e7\u00e3o para\u00a0a Confer\u00eancia Municipal de Assist\u00eancia Social, que ser\u00e1 realizada nos dias 17 e 18 de julho, com local, hor\u00e1rio e link de inscri\u00e7\u00e3o ainda a serem divulgados. As Pr\u00e9-Confer\u00eancias t\u00eam como objetivo estimular a participa\u00e7\u00e3o ativa da popula\u00e7\u00e3o nas\u00a0discuss\u00f5es sobre os servi\u00e7os socioassistenciais e, assim como a Confer\u00eancia, ter\u00e1 como\u00a0prop\u00f3sito principal dialogar com a sociedade sobre\u00a0propostas para a melhoria dos servi\u00e7os de Assist\u00eancia Social em Juiz de Fora.<\/p>\n<p><strong>As Pr\u00e9-Confer\u00eancias continuam acontecendo nos territ\u00f3rios at\u00e9 o m\u00eas de junho. Confira o calend\u00e1rio:<\/strong><\/p>\n<p>Centro Pop: 30\/5 \u00e0s 9h &#8211; Endere\u00e7o: Av. Sete de Setembro, 1431 \u2013 Costa Carvalho<br \/>\nCRAS Centro: 3\/6 &#8211; \u00e0s 14h &#8211; Endere\u00e7o: Rua Halfeld, 450 \u2013 4\u00b0 andar &#8211; Centro<br \/>\nCRAS Nordeste Grama: 6\/6 &#8211; \u00e0s 9h &#8211; Endere\u00e7o: Pra\u00e7a \u00c1ureo Gomes Carneiro, S\/N\u00b0 &#8211; Grama<br \/>\nCRAS Leste Linhares: 9\/6 &#8211; \u00e0s 9h &#8211; Endere\u00e7o: Rua Diva Garcia, 1811 \u2013 Linhares<br \/>\nCRAS Leste Vitorino Braga: 11\/6 &#8211; \u00e0s 9h &#8211; Endere\u00e7o: Pra\u00e7a Senador Teot\u00f4nio Vilela, S\/N\u00b0 &#8211;<br \/>\nVitorino Braga<br \/>\nCRAS Sudeste Olavo Costa: 12\/6 &#8211; \u00e0s 16h &#8211; Endere\u00e7o: Rua Jacinto Marcelino, 25 \u2013 Olavo<br \/>\nCosta<br \/>\nCRAS Norte Barbosa Lage: 17\/6 &#8211; \u00e0s 16h &#8211; Endere\u00e7o: Av. Marginal, 50 \u2013 Barbosa Lage<br \/>\nCRAS Norte Santa Cruz: 24\/6 &#8211; \u00e0s 9h &#8211; Endere\u00e7o: Rua Maria Geny Barbosa, 50 \u2013 Santa Cruz<br \/>\nCRAS Norte Benfica: 26\/6 \u2013 \u00e0s 14h &#8211; Endere\u00e7o: Av. Presidente Juscelino Kubitschek, 5899 \u2013<br \/>\nPra\u00e7a Ceu &#8211; Benfica<\/p>\n<p>CRAS Sul Ipiranga: 27\/6 \u2013 \u00e0s 14h &#8211; Endere\u00e7o: Rua Bady Geara, 226 \u2013 Ipiranga<br \/>\nCRAS Oeste S\u00e3o Pedro: A confirmar &#8211; Endere\u00e7o: Rua Sady Monteiro Boechat, 185 \u2013 S\u00e3o<br \/>\nPedro<\/p>\n","protected":false},"excerpt":{"rendered":"<p>Segundo informa\u00e7\u00f5es do site da Prefeitura de Juiz de Fora (PJF), teve in\u00edcio na manh\u00e3 desta ter\u00e7a-feira, 27, \u00e0s 9h, no CRAS Sudeste Costa Carvalho, a\u00a0primeira Pr\u00e9-Confer\u00eancia de Assist\u00eancia Social. Os encontros fazem parte da prepara\u00e7\u00e3o para\u00a0a Confer\u00eancia Municipal de Assist\u00eancia Social, que ser\u00e1 realizada nos dias 17 e 18 de julho, com local, hor\u00e1rio [&hellip;]<\/p>\n","protected":false},"author":246,"featured_media":228535,"comment_status":"closed","ping_status":"closed","sticky":false,"template":"","format":"standard","meta":{"footnotes":""},"categories":[253,436,439],"tags":[],"class_list":["post-228534","post","type-post","status-publish","format-standard","has-post-thumbnail","hentry","category-cidade","category-destaque-da-semana","category-ultima-hora"],"_links":{"self":[{"href":"https:\/\/diarioregionaldigital.com.br\/index.php?rest_route=\/wp\/v2\/posts\/228534","targetHints":{"allow":["GET"]}}],"collection":[{"href":"https:\/\/diarioregionaldigital.com.br\/index.php?rest_route=\/wp\/v2\/posts"}],"about":[{"href":"https:\/\/diarioregionaldigital.com.br\/index.php?rest_route=\/wp\/v2\/types\/post"}],"author":[{"embeddable":true,"href":"https:\/\/diarioregionaldigital.com.br\/index.php?rest_route=\/wp\/v2\/users\/246"}],"replies":[{"embeddable":true,"href":"https:\/\/diarioregionaldigital.com.br\/index.php?rest_route=%2Fwp%2Fv2%2Fcomments&post=228534"}],"version-history":[{"count":1,"href":"https:\/\/diarioregionaldigital.com.br\/index.php?rest_route=\/wp\/v2\/posts\/228534\/revisions"}],"predecessor-version":[{"id":228536,"href":"https:\/\/diarioregionaldigital.com.br\/index.php?rest_route=\/wp\/v2\/posts\/228534\/revisions\/228536"}],"wp:featuredmedia":[{"embeddable":true,"href":"https:\/\/diarioregionaldigital.com.br\/index.php?rest_route=\/wp\/v2\/media\/228535"}],"wp:attachment":[{"href":"https:\/\/diarioregionaldigital.com.br\/index.php?rest_route=%2Fwp%2Fv2%2Fmedia&parent=228534"}],"wp:term":[{"taxonomy":"category","embeddable":true,"href":"https:\/\/diarioregionaldigital.com.br\/index.php?rest_route=%2Fwp%2Fv2%2Fcategories&post=228534"},{"taxonomy":"post_tag","embeddable":true,"href":"https:\/\/diarioregionaldigital.com.br\/index.php?rest_route=%2Fwp%2Fv2%2Ftags&post=228534"}],"curies":[{"name":"wp","href":"https:\/\/api.w.org\/{rel}","templated":true}]}}