{"id":228531,"date":"2025-05-27T20:25:59","date_gmt":"2025-05-27T23:25:59","guid":{"rendered":"https:\/\/diarioregionaldigital.com.br\/?p=228531"},"modified":"2025-05-27T20:25:59","modified_gmt":"2025-05-27T23:25:59","slug":"cesama-inicia-novo-trecho-de-melhorias-em-rede-de-esgoto-em-avenida-do-bairro-aeroporto","status":"publish","type":"post","link":"https:\/\/diarioregionaldigital.com.br\/?p=228531","title":{"rendered":"Cesama inicia novo trecho de melhorias em rede de esgoto em avenida do Bairro Aeroporto"},"content":{"rendered":"<p>Segundo informa\u00e7\u00f5es do site da Prefeitura de Juiz de Fora (PJF),\u00a0 a Companhia de Saneamento Municipal (Cesama) inicia nesta quarta-feira, 28, uma remodela\u00e7\u00e3o de rede de esgoto na Avenida Paulo Botti, no Bairro Aeroporto. Os trabalhos acontecem entre as esquinas das ruas Dirceu Fernandes Barbosa e Jos\u00e9 Appol\u00f4nio dos Reis, totalizando cerca de 200 metros de tubo PVC Ocre DN 200 mil\u00edmetros, mais resistentes e modernos para atender \u00e0 demanda da regi\u00e3o.<\/p>\n<p>Segundo a Cesama, os trabalhos v\u00e3o ocorrer, diariamente, entre 8h e 16h30 e a previs\u00e3o \u00e9 que a obra esteja conclu\u00edda at\u00e9 o fim da primeira quinzena de junho.<\/p>\n<p>Para a realiza\u00e7\u00e3o do servi\u00e7o ser\u00e1 necess\u00e1ria a interdi\u00e7\u00e3o total da Avenida Paulo Botti no trecho entre as ruas Jos\u00e9 Appol\u00f4nio dos Reis e a Liduino Vieira dos Reis. O bloqueio ocorre apenas nos hor\u00e1rios em que a obra estiver sendo executada.<\/p>\n<p>Por conta da interdi\u00e7\u00e3o, as linhas 515 &#8211; Dom Orione, 537 &#8211; Jardim da Serra e 655 &#8211; IF Sudeste \/ UFJF far\u00e3o desvios. Confira:<\/p>\n<p><strong>Linhas 515 e 537<\/strong><\/p>\n<p>Sentido Bairro \/ Centro: &#8230;, Rua Liduino Vieira dos Reis, Rua Jos\u00e9 Appol\u00f4nio dos Reis, Rua Zaquia Nami Mokdeci, Av. Eng. Valdir Pedro Monachesi, Rua Francisco Fayer Sobrinho, Av. Eug\u00eanio do Nascimento, Retorna na rotat\u00f3ria com a Rua Jos\u00e9 Appol\u00f4nio dos Reis, &#8230;<\/p>\n<p>Sentido Centro \/ Bairro: Sem altera\u00e7\u00e3o.<\/p>\n<p><strong>Linha 655<\/strong><\/p>\n<p>Sentido UFJF \/ IF SUDESTE: &#8230;, Rua Liduino Vieira dos Reis, Rua Jos\u00e9 Appol\u00f4nio dos Reis, Rua Zaquia Nami Mokdeci, Av. Eng. Valdir Pedro Monachesi, Rua Francisco Fayer Sobrinho, Av. Eug\u00eanio do Nascimento, Retorna na rotat\u00f3ria com a Rua Jos\u00e9 Appol\u00f4nio dos Reis, &#8230;<\/p>\n<p>Sentido IF SUDESTE \/ UFJF: Sem Altera\u00e7\u00e3o.<\/p>\n<p>Outras informa\u00e7\u00f5es:<\/p>\n<p>(32) 3692-9179 \u2013 Assessoria de Comunica\u00e7\u00e3o<\/p>\n<div><\/div>\n","protected":false},"excerpt":{"rendered":"<p>Segundo informa\u00e7\u00f5es do site da Prefeitura de Juiz de Fora (PJF),\u00a0 a Companhia de Saneamento Municipal (Cesama) inicia nesta quarta-feira, 28, uma remodela\u00e7\u00e3o de rede de esgoto na Avenida Paulo Botti, no Bairro Aeroporto. Os trabalhos acontecem entre as esquinas das ruas Dirceu Fernandes Barbosa e Jos\u00e9 Appol\u00f4nio dos Reis, totalizando cerca de 200 metros [&hellip;]<\/p>\n","protected":false},"author":246,"featured_media":228532,"comment_status":"closed","ping_status":"closed","sticky":false,"template":"","format":"standard","meta":{"footnotes":""},"categories":[253,436,439],"tags":[],"class_list":["post-228531","post","type-post","status-publish","format-standard","has-post-thumbnail","hentry","category-cidade","category-destaque-da-semana","category-ultima-hora"],"_links":{"self":[{"href":"https:\/\/diarioregionaldigital.com.br\/index.php?rest_route=\/wp\/v2\/posts\/228531","targetHints":{"allow":["GET"]}}],"collection":[{"href":"https:\/\/diarioregionaldigital.com.br\/index.php?rest_route=\/wp\/v2\/posts"}],"about":[{"href":"https:\/\/diarioregionaldigital.com.br\/index.php?rest_route=\/wp\/v2\/types\/post"}],"author":[{"embeddable":true,"href":"https:\/\/diarioregionaldigital.com.br\/index.php?rest_route=\/wp\/v2\/users\/246"}],"replies":[{"embeddable":true,"href":"https:\/\/diarioregionaldigital.com.br\/index.php?rest_route=%2Fwp%2Fv2%2Fcomments&post=228531"}],"version-history":[{"count":1,"href":"https:\/\/diarioregionaldigital.com.br\/index.php?rest_route=\/wp\/v2\/posts\/228531\/revisions"}],"predecessor-version":[{"id":228533,"href":"https:\/\/diarioregionaldigital.com.br\/index.php?rest_route=\/wp\/v2\/posts\/228531\/revisions\/228533"}],"wp:featuredmedia":[{"embeddable":true,"href":"https:\/\/diarioregionaldigital.com.br\/index.php?rest_route=\/wp\/v2\/media\/228532"}],"wp:attachment":[{"href":"https:\/\/diarioregionaldigital.com.br\/index.php?rest_route=%2Fwp%2Fv2%2Fmedia&parent=228531"}],"wp:term":[{"taxonomy":"category","embeddable":true,"href":"https:\/\/diarioregionaldigital.com.br\/index.php?rest_route=%2Fwp%2Fv2%2Fcategories&post=228531"},{"taxonomy":"post_tag","embeddable":true,"href":"https:\/\/diarioregionaldigital.com.br\/index.php?rest_route=%2Fwp%2Fv2%2Ftags&post=228531"}],"curies":[{"name":"wp","href":"https:\/\/api.w.org\/{rel}","templated":true}]}}