{"id":228528,"date":"2025-05-27T20:24:58","date_gmt":"2025-05-27T23:24:58","guid":{"rendered":"https:\/\/diarioregionaldigital.com.br\/?p=228528"},"modified":"2025-05-27T20:24:58","modified_gmt":"2025-05-27T23:24:58","slug":"prefeita-anuncia-nova-secretaria-de-agricultura-pecuaria-e-seguranca-alimentar-valdeane-dias-cerqueira","status":"publish","type":"post","link":"https:\/\/diarioregionaldigital.com.br\/?p=228528","title":{"rendered":"Prefeita anuncia nova secret\u00e1ria de Agricultura, Pecu\u00e1ria e Seguran\u00e7a Alimentar, Valdeane Dias Cerqueira"},"content":{"rendered":"<p>Segundo informa\u00e7\u00f5es do site da Prefeitura de Juiz de Fora (PJF),\u00a0 a\u00a0m\u00e9dica veterin\u00e1ria Valdeane Dias Cerqueira \u00e9 a nova secret\u00e1ria de Agricultura, Pecu\u00e1ria e Seguran\u00e7a Alimentar (Seapa). A cerim\u00f4nia de transi\u00e7\u00e3o\u00a0 de cargo foi realizada na tarde desta ter\u00e7a-feira, 27. A ent\u00e3o secret\u00e1ria, Fabiola Paulino da Silva, pediu o afastamento para tratar da finaliza\u00e7\u00e3o do seu doutorado.<\/p>\n<p>Na solenidade, a prefeita Margarida Salom\u00e3o agradeceu o trabalho significativo e fundamental da secret\u00e1ria Fabiola e deu boas vindas a Valdeane. \u201cQuero agradecer o trabalho brilhante da Fabiola e desejar todo sucesso, e agora conto com a Valdeane para que possamos seguir avan\u00e7ando, com os ajustes de estilo e de agenda, o que \u00e9\u00a0natural que aconte\u00e7a, mas com o mesmo compromisso que temos com o desenvolvimento, a democracia, e fundamentalmente, o compromisso com quem mais necessita, com quem mais precisa, que \u00e9 para quem existe esse nosso governo\u201d.<\/p>\n<p>\u201cMe despe\u00e7o com o cora\u00e7\u00e3o tranquilo de que reconstru\u00edmos a Seapa durante este quase quatro anos e meio. Avan\u00e7amos nas pol\u00edticas de seguran\u00e7a alimentar, cumprimos a lei do Programa Nacional de Alimenta\u00e7\u00e3o Escolar (PNAE) e ainda dobramos\u00a0a meta exigida pela lei, com a compra de mais de 60% de alimentos da agricultura familiar para as escolas municipais e creches conveniadas;\u00a0assumimos a gest\u00e3o direta dos Restaurantes Populares oferecendo comida e atendimento de qualidade para a popula\u00e7\u00e3o, requalificamos o Mercado Municipal, regularizamos as feiras livres e refor\u00e7amos a alimenta\u00e7\u00e3o escolar com caf\u00e9 da manh\u00e3. Desejo vida longa \u00e0 Seapa e agrade\u00e7o a confian\u00e7a da prefeita durante todos esses anos\u201d, destacou a Fabiola Paulino.<\/p>\n<p>Em seu discurso de posse, Valdeane Dias Cerqueira, ressaltou a continuidade e o avan\u00e7os nos trabalhos: \u201cquero que a equipe e a popula\u00e7\u00e3o tenha tranquilidade de saber que o que foi constru\u00eddo n\u00e3o ser\u00e1 destru\u00eddo, n\u00f3s vamos somar, adicionar e avan\u00e7ar ainda mais. Estou trazendo um outro olhar profissional, um olhar diferenciado, para ajudar a construir e at\u00e9 atingir outras vertentes que antes n\u00e3o conseguiam ser atingidas\u201d, destacou.<\/p>\n<p>Valdeane Dias Cerqueira possui gradua\u00e7\u00e3o em Medicina Veterin\u00e1ria pela Universidade Federal da Bahia (2002), mestrado em Biotecnologia (2014) e Especializa\u00e7\u00e3o em Gest\u00e3o Integrada da Qualidade e Certifica\u00e7\u00f5es (2007). Tem experi\u00eancia na \u00c1rea de Medicina Veterin\u00e1ria, com \u00eanfase em Boas Pr\u00e1ticas de Fabrica\u00e7\u00e3o de Produtos Veterin\u00e1rios, Latic\u00ednios, Implanta\u00e7\u00e3o de Sistemas de Qualidade, Programa de Autocontrole, Gerenciamento de res\u00edduos industriais, Valida\u00e7\u00e3o e Assuntos Regulat\u00f3rios do Minist\u00e9rio da Agricultura Pecu\u00e1ria e Abastecimento (MAPA).\u00a0Uma trajet\u00f3ria profissional de mais de 20 anos em empresas privadas e p\u00fablica, tendo destaque na EPAMIG ILCT na gest\u00e3o da f\u00e1brica escola por sete\u00a0anos.<\/p>\n<p>: Felipe Gasparete<\/p>\n<p><a href=\"https:\/\/www.instagram.com\/p\/DKK8c5hOMGg\/\">Confira o v\u00eddeo<\/a><\/p>\n","protected":false},"excerpt":{"rendered":"<p>Segundo informa\u00e7\u00f5es do site da Prefeitura de Juiz de Fora (PJF),\u00a0 a\u00a0m\u00e9dica veterin\u00e1ria Valdeane Dias Cerqueira \u00e9 a nova secret\u00e1ria de Agricultura, Pecu\u00e1ria e Seguran\u00e7a Alimentar (Seapa). A cerim\u00f4nia de transi\u00e7\u00e3o\u00a0 de cargo foi realizada na tarde desta ter\u00e7a-feira, 27. A ent\u00e3o secret\u00e1ria, Fabiola Paulino da Silva, pediu o afastamento para tratar da finaliza\u00e7\u00e3o do [&hellip;]<\/p>\n","protected":false},"author":246,"featured_media":228529,"comment_status":"closed","ping_status":"closed","sticky":false,"template":"","format":"standard","meta":{"footnotes":""},"categories":[253,436,440,439],"tags":[],"class_list":["post-228528","post","type-post","status-publish","format-standard","has-post-thumbnail","hentry","category-cidade","category-destaque-da-semana","category-destaques-do-dia","category-ultima-hora"],"_links":{"self":[{"href":"https:\/\/diarioregionaldigital.com.br\/index.php?rest_route=\/wp\/v2\/posts\/228528","targetHints":{"allow":["GET"]}}],"collection":[{"href":"https:\/\/diarioregionaldigital.com.br\/index.php?rest_route=\/wp\/v2\/posts"}],"about":[{"href":"https:\/\/diarioregionaldigital.com.br\/index.php?rest_route=\/wp\/v2\/types\/post"}],"author":[{"embeddable":true,"href":"https:\/\/diarioregionaldigital.com.br\/index.php?rest_route=\/wp\/v2\/users\/246"}],"replies":[{"embeddable":true,"href":"https:\/\/diarioregionaldigital.com.br\/index.php?rest_route=%2Fwp%2Fv2%2Fcomments&post=228528"}],"version-history":[{"count":1,"href":"https:\/\/diarioregionaldigital.com.br\/index.php?rest_route=\/wp\/v2\/posts\/228528\/revisions"}],"predecessor-version":[{"id":228530,"href":"https:\/\/diarioregionaldigital.com.br\/index.php?rest_route=\/wp\/v2\/posts\/228528\/revisions\/228530"}],"wp:featuredmedia":[{"embeddable":true,"href":"https:\/\/diarioregionaldigital.com.br\/index.php?rest_route=\/wp\/v2\/media\/228529"}],"wp:attachment":[{"href":"https:\/\/diarioregionaldigital.com.br\/index.php?rest_route=%2Fwp%2Fv2%2Fmedia&parent=228528"}],"wp:term":[{"taxonomy":"category","embeddable":true,"href":"https:\/\/diarioregionaldigital.com.br\/index.php?rest_route=%2Fwp%2Fv2%2Fcategories&post=228528"},{"taxonomy":"post_tag","embeddable":true,"href":"https:\/\/diarioregionaldigital.com.br\/index.php?rest_route=%2Fwp%2Fv2%2Ftags&post=228528"}],"curies":[{"name":"wp","href":"https:\/\/api.w.org\/{rel}","templated":true}]}}