{"id":228525,"date":"2025-05-27T20:22:54","date_gmt":"2025-05-27T23:22:54","guid":{"rendered":"https:\/\/diarioregionaldigital.com.br\/?p=228525"},"modified":"2025-05-27T20:22:54","modified_gmt":"2025-05-27T23:22:54","slug":"roland-garros-fonseca-estreia-com-vitoria-implacavel-sobre-ex-top-10","status":"publish","type":"post","link":"https:\/\/diarioregionaldigital.com.br\/?p=228525","title":{"rendered":"Roland Garros: Fonseca estreia com vit\u00f3ria implac\u00e1vel sobre ex-top 10"},"content":{"rendered":"<p>O carioca Jo\u00e3o Fonseca, n\u00famero 65 do mundo, debutou em grande estilo como tenista profissional em Roland Garros (Fran\u00e7a), o segundo Grand Slam da temporada. Nesta ter\u00e7a-feira (27), ele atropelou polon\u00eas Hubert Hurkacz (ex-top 10 e atual 28\u00ba no ranking), por 3 sets a 0 (parciais de 6\/2 6\/4 6\/2), ap\u00f3s 1h40min de confronto. Com o triunfo de hoje, o tenista de 18 anos tornou-se o mais jovem brasileiro a ganhar uma partida no saibro parisiense.<img decoding=\"async\" src=\"https:\/\/agenciabrasil.ebc.com.br\/ebc.png?id=1644389&amp;o=node\" \/><img decoding=\"async\" src=\"https:\/\/agenciabrasil.ebc.com.br\/ebc.gif?id=1644389&amp;o=node\" \/><\/p>\n<p>Na segunda rodada, Fonseca enfrentar\u00e1 o anfitri\u00e3o Pierre-Hugues Hebert (147\u00ba), de 34 anos. A partida ser\u00e1 na pr\u00f3xima quinta (29), em hor\u00e1rio a ser definido pelos organizadores.<\/p>\n<p>A vit\u00f3ria em Roland Garros interrompe uma sequ\u00eancia de trope\u00e7os recentes do carioca. Em abril ele parou na segunda rodada do Masters 1000 de Madrid (Espanha) e depois foi eliminado na estreia do Challenger de Estoril (Portugal); j\u00e1 neste m\u00eas, deu adeus ao Masters 1000 de Roma (It\u00e1lia) na segunda rodada.<\/p>\n<p>Fonseca abriu a temporada conquistando tr\u00eas t\u00edtulos seguidos:\u00a0<a href=\"https:\/\/agenciabrasil.ebc.com.br\/esportes\/noticia\/2025-01\/joao-fonseca-conquista-o-challenger-125-de-camberra\"><strong>Challenger 125 de Camberra\u00a0<\/strong><\/a>(Austr\u00e1lia) em janeiro; Challenger 175 de Phoenix (Estados Unidos) em mar\u00e7o; e o\u00a0<a href=\"https:\/\/agenciabrasil.ebc.com.br\/esportes\/noticia\/2025-02\/joao-fonseca-e-campeao-do-atp-250-de-buenos-aires-ao-bater-argentino#:~:text=O%20carioca%20derrotou%20na%20final,de%20Tenistas%20Profissionais%20(ATP).\"><strong>ATP 250 de Buenos Aires\u00a0<\/strong><\/a>(Argentina) , o mais importante na carreira profissional do jovem tenista.<\/p>\n<h2>Bia Haddad para na estreia de simples<\/h2>\n<p>A paulistana Beatriz Haddad Maia, n\u00famero 23 do mundo, come\u00e7ou vencendo o primeiro set da estreia de contra a contra a norte-americana Hailey Baptiste (70\u00aa no ranking), por 4\/6, mas na sequ\u00eancia a advers\u00e1ria ganhou de virada por 2 sets a 1 (4\/6 6\/3 6\/1), eliminando Bia da chave de simples, ap\u00f3s 2h17min de embate. A brasileira volta \u00e0 quadra nesta quarta (28), a partir das 7h10 (hor\u00e1rio de Bras\u00edlia) para a primeira rodada de duplas femininas. Ao lado da alem\u00e3 Laura Siegemund, Bia enfrentar\u00e1 a parceria das francesas Jessika Ponchet e Leolia Jeanjean.<\/p>\n<p>Outras cinco duplas com brasileiros tamb\u00e9m estreiam nesta quarta (28). \u00a0A partir das 6h, a dupla da paulista Luisa Stefani com a h\u00fangara Timea Babos (cabe\u00e7a de chave 14) \u2013 r<a href=\"https:\/\/agenciabrasil.ebc.com.br\/esportes\/noticia\/2025-05\/luisa-stefani-e-campea-do-torneio-de-duplas-do-wta-500-de-estrasburgo\"><strong>ec\u00e9m-campe\u00e3 do WTA 500 de Estrasburgo\u00a0<\/strong><\/a>&#8211; encara a dupla da chinesa Xu Yfan (44\u00aa no ranking) com a ucraniana Anhelina Kalinina (83\u00aa).<\/p>\n<h2>Primeira rodada de duplas brasileiras masculinas<\/h2>\n<p>6h \u2013 Fernando Robolli e John-Patrick Smith (Austr\u00e1lia) \u00a0x irm\u00e3os Stefanos e Petros Tsitsipas (Gr\u00e9cia);<\/p>\n<p>8h20 \u2013 Rafael Matos e Marcelo Melo x Manuel Guinard (Fran\u00e7a) e Romain Ameodo (Principado de M\u00f4naco);<\/p>\n<p>8h50 \u2013 Marcelo Demoliner e Nicolas Jarry (Chile) x Sander Arends (Holanda) e Luke Johnson (Reino Unido).<\/p>\n<p>Fonte: Ag\u00eancia Brasil<\/p>\n","protected":false},"excerpt":{"rendered":"<p>O carioca Jo\u00e3o Fonseca, n\u00famero 65 do mundo, debutou em grande estilo como tenista profissional em Roland Garros (Fran\u00e7a), o segundo Grand Slam da temporada. Nesta ter\u00e7a-feira (27), ele atropelou polon\u00eas Hubert Hurkacz (ex-top 10 e atual 28\u00ba no ranking), por 3 sets a 0 (parciais de 6\/2 6\/4 6\/2), ap\u00f3s 1h40min de confronto. Com [&hellip;]<\/p>\n","protected":false},"author":246,"featured_media":228526,"comment_status":"closed","ping_status":"closed","sticky":false,"template":"","format":"standard","meta":{"footnotes":""},"categories":[436,440,257,439],"tags":[],"class_list":["post-228525","post","type-post","status-publish","format-standard","has-post-thumbnail","hentry","category-destaque-da-semana","category-destaques-do-dia","category-esporte","category-ultima-hora"],"_links":{"self":[{"href":"https:\/\/diarioregionaldigital.com.br\/index.php?rest_route=\/wp\/v2\/posts\/228525","targetHints":{"allow":["GET"]}}],"collection":[{"href":"https:\/\/diarioregionaldigital.com.br\/index.php?rest_route=\/wp\/v2\/posts"}],"about":[{"href":"https:\/\/diarioregionaldigital.com.br\/index.php?rest_route=\/wp\/v2\/types\/post"}],"author":[{"embeddable":true,"href":"https:\/\/diarioregionaldigital.com.br\/index.php?rest_route=\/wp\/v2\/users\/246"}],"replies":[{"embeddable":true,"href":"https:\/\/diarioregionaldigital.com.br\/index.php?rest_route=%2Fwp%2Fv2%2Fcomments&post=228525"}],"version-history":[{"count":1,"href":"https:\/\/diarioregionaldigital.com.br\/index.php?rest_route=\/wp\/v2\/posts\/228525\/revisions"}],"predecessor-version":[{"id":228527,"href":"https:\/\/diarioregionaldigital.com.br\/index.php?rest_route=\/wp\/v2\/posts\/228525\/revisions\/228527"}],"wp:featuredmedia":[{"embeddable":true,"href":"https:\/\/diarioregionaldigital.com.br\/index.php?rest_route=\/wp\/v2\/media\/228526"}],"wp:attachment":[{"href":"https:\/\/diarioregionaldigital.com.br\/index.php?rest_route=%2Fwp%2Fv2%2Fmedia&parent=228525"}],"wp:term":[{"taxonomy":"category","embeddable":true,"href":"https:\/\/diarioregionaldigital.com.br\/index.php?rest_route=%2Fwp%2Fv2%2Fcategories&post=228525"},{"taxonomy":"post_tag","embeddable":true,"href":"https:\/\/diarioregionaldigital.com.br\/index.php?rest_route=%2Fwp%2Fv2%2Ftags&post=228525"}],"curies":[{"name":"wp","href":"https:\/\/api.w.org\/{rel}","templated":true}]}}