{"id":228513,"date":"2025-05-27T20:17:21","date_gmt":"2025-05-27T23:17:21","guid":{"rendered":"https:\/\/diarioregionaldigital.com.br\/?p=228513"},"modified":"2025-05-27T20:17:21","modified_gmt":"2025-05-27T23:17:21","slug":"minas-gerais-investe-r-159-milhoes-e-descentraliza-incentivos-para-arte-territorios-e-economia-da-criatividade","status":"publish","type":"post","link":"https:\/\/diarioregionaldigital.com.br\/?p=228513","title":{"rendered":"Minas Gerais investe R$ 159 milh\u00f5es e descentraliza incentivos para arte, territ\u00f3rios e economia da criatividade"},"content":{"rendered":"<p>Minas Gerais inaugura uma nova era de justi\u00e7a cultural, desconcentra\u00e7\u00e3o e democracia com a consolida\u00e7\u00e3o do Descentra Cultura, pol\u00edtica p\u00fablica do\u00a0<a href=\"https:\/\/www.mg.gov.br\/\" target=\"_blank\" rel=\"noopener\">Governo de Minas<\/a>, in\u00e9dita no Brasil, que descentraliza os investimentos em cultura e amplia o acesso ao fomento em todas as regi\u00f5es do estado.<\/p>\n<p>Em 2024, ano de regulamenta\u00e7\u00e3o do Descentra Cultura, dois marcos fundamentais definiram essa transforma\u00e7\u00e3o. O primeiro foi o reconhecimento oficial das Congadas como Patrim\u00f4nio Cultural Imaterial de Minas Gerais pelo\u00a0<a href=\"https:\/\/www.iepha.mg.gov.br\/\" target=\"_blank\" rel=\"noopener\">Instituto Estadual do Patrim\u00f4nio Hist\u00f3rico e Art\u00edstico (Iepha-MG)<\/a>.<\/p>\n<p>O segundo marco foram os editais pioneiros voltados \u00e0s Afromineiridades, como parte do Programa de Prote\u00e7\u00e3o da Cultura Afro de Minas Gerais, fortalecendo o papel das comunidades negras, quilombolas e de terreiro na forma\u00e7\u00e3o da cultura mineira.<\/p>\n<p>Esses editais destinaram recursos da ordem de R$ 3,9 milh\u00f5es, assegurando apoio direto a projetos de tradi\u00e7\u00e3o, inova\u00e7\u00e3o e express\u00e3o art\u00edstica enraizados nos territ\u00f3rios. Outro avan\u00e7o decisivo foi a capta\u00e7\u00e3o recorde de cerca de R$ 159 milh\u00f5es, via Lei Estadual de Incentivo \u00e0 Cultura (LeiC) em 2024, conforme dados da Diretoria de Economia da Criatividade da\u00a0<a href=\"https:\/\/www.secult.mg.gov.br\/\" target=\"_blank\" rel=\"noopener\">Secretaria de Estado de Cultura e Turismo de Minas Gerais (Secult-MG)<\/a>.<\/p>\n<table border=\"0\" cellspacing=\"1\" cellpadding=\"1\" align=\"center\">\n<tbody>\n<tr>\n<td colspan=\"5\"><img decoding=\"async\" src=\"https:\/\/www.agenciaminas.mg.gov.br\/ckeditor_assets\/pictures\/20949\/content_2_olho_topo.jpg\" alt=\"\" \/><\/td>\n<\/tr>\n<tr>\n<td><\/td>\n<td colspan=\"3\" rowspan=\"3\">\n<h1><strong>&#8220;Com o reconhecimento das Congadas como patrim\u00f4nio imaterial e a interioriza\u00e7\u00e3o dos recursos culturais, Minas repara uma d\u00edvida hist\u00f3rica com todas as express\u00f5es afrodescendentes e tradicionais. Estamos promovendo justi\u00e7a cultural de verdade \u2013 n\u00e3o apenas no discurso, mas na pr\u00e1tica, no or\u00e7amento e na pol\u00edtica p\u00fablica&#8221;, afirma o secret\u00e1rio de Estado de Cultura e Turismo de Minas Gerais, Le\u00f4nidas de Oliveira.<\/strong><\/h1>\n<\/td>\n<td><\/td>\n<\/tr>\n<tr>\n<td><\/td>\n<td><\/td>\n<\/tr>\n<tr>\n<td><\/td>\n<td><\/td>\n<\/tr>\n<tr>\n<td colspan=\"5\"><img decoding=\"async\" src=\"https:\/\/www.agenciaminas.mg.gov.br\/ckeditor_assets\/pictures\/20950\/content_2_olho_inferior.jpg\" alt=\"\" \/><\/td>\n<\/tr>\n<\/tbody>\n<\/table>\n<p><strong>A\u00e7\u00f5es de valoriza\u00e7\u00e3o em 2025<\/strong><\/p>\n<p>Em 2025, as a\u00e7\u00f5es de valoriza\u00e7\u00e3o seguem com for\u00e7a total: editais exclusivos para as culturas tradicionais e afrodescendentes, projetos de arte contempor\u00e2nea em di\u00e1logo com o territ\u00f3rio, apoio t\u00e9cnico, forma\u00e7\u00e3o continuada e investimento direto nas comunidades e artistas. O reconhecimento das Congadas n\u00e3o se limita ao t\u00edtulo \u2013 \u00e9 acompanhado de pol\u00edtica p\u00fablica efetiva, com recursos, planejamento e estrutura para sua continuidade.<\/p>\n<p>Proposto pelo Executivo e aprovado pela Assembleia Legislativa de Minas Gerais (ALMG), o Descentra Cultura resulta de uma constru\u00e7\u00e3o coletiva que envolveu secretarias de Estado, prefeituras, artistas, produtores culturais e, sobretudo, o Conselho Estadual de Pol\u00edtica Cultural. At\u00e9 2022, a maior parte dos recursos se concentrava na capital e nos grandes centros. A partir de 2023, as prioridades foram revistas com base em escuta p\u00fablica e pactua\u00e7\u00e3o institucional.<\/p>\n<p>Em 2024 e 2025, o interior do estado representou 61% do total de inscri\u00e7\u00f5es, alcan\u00e7ando 537 munic\u00edpios nas 13 regi\u00f5es intermedi\u00e1rias de Minas Gerais.<\/p>\n<p>Pela primeira vez, uma diretriz das confer\u00eancias estaduais de cultura foi plenamente aplicada: 30% dos recursos do fomento foram destinados \u00e0s culturas populares, artes tradicionais, patrim\u00f4nio, culturas ind\u00edgenas e afro-brasileiras, incluindo congadas, folias, maracatus, reinados, capoeiras, benzedeiras, mestres de tradi\u00e7\u00e3o e tamb\u00e9m manifesta\u00e7\u00f5es contempor\u00e2neas ancoradas nos territ\u00f3rios.<\/p>\n<p>Fonte: Ag\u00eancia Minas<\/p>\n","protected":false},"excerpt":{"rendered":"<p>Minas Gerais inaugura uma nova era de justi\u00e7a cultural, desconcentra\u00e7\u00e3o e democracia com a consolida\u00e7\u00e3o do Descentra Cultura, pol\u00edtica p\u00fablica do\u00a0Governo de Minas, in\u00e9dita no Brasil, que descentraliza os investimentos em cultura e amplia o acesso ao fomento em todas as regi\u00f5es do estado. Em 2024, ano de regulamenta\u00e7\u00e3o do Descentra Cultura, dois marcos fundamentais [&hellip;]<\/p>\n","protected":false},"author":246,"featured_media":228514,"comment_status":"closed","ping_status":"closed","sticky":false,"template":"","format":"standard","meta":{"footnotes":""},"categories":[436,440,261,254,439],"tags":[],"class_list":["post-228513","post","type-post","status-publish","format-standard","has-post-thumbnail","hentry","category-destaque-da-semana","category-destaques-do-dia","category-economia","category-politica","category-ultima-hora"],"_links":{"self":[{"href":"https:\/\/diarioregionaldigital.com.br\/index.php?rest_route=\/wp\/v2\/posts\/228513","targetHints":{"allow":["GET"]}}],"collection":[{"href":"https:\/\/diarioregionaldigital.com.br\/index.php?rest_route=\/wp\/v2\/posts"}],"about":[{"href":"https:\/\/diarioregionaldigital.com.br\/index.php?rest_route=\/wp\/v2\/types\/post"}],"author":[{"embeddable":true,"href":"https:\/\/diarioregionaldigital.com.br\/index.php?rest_route=\/wp\/v2\/users\/246"}],"replies":[{"embeddable":true,"href":"https:\/\/diarioregionaldigital.com.br\/index.php?rest_route=%2Fwp%2Fv2%2Fcomments&post=228513"}],"version-history":[{"count":1,"href":"https:\/\/diarioregionaldigital.com.br\/index.php?rest_route=\/wp\/v2\/posts\/228513\/revisions"}],"predecessor-version":[{"id":228515,"href":"https:\/\/diarioregionaldigital.com.br\/index.php?rest_route=\/wp\/v2\/posts\/228513\/revisions\/228515"}],"wp:featuredmedia":[{"embeddable":true,"href":"https:\/\/diarioregionaldigital.com.br\/index.php?rest_route=\/wp\/v2\/media\/228514"}],"wp:attachment":[{"href":"https:\/\/diarioregionaldigital.com.br\/index.php?rest_route=%2Fwp%2Fv2%2Fmedia&parent=228513"}],"wp:term":[{"taxonomy":"category","embeddable":true,"href":"https:\/\/diarioregionaldigital.com.br\/index.php?rest_route=%2Fwp%2Fv2%2Fcategories&post=228513"},{"taxonomy":"post_tag","embeddable":true,"href":"https:\/\/diarioregionaldigital.com.br\/index.php?rest_route=%2Fwp%2Fv2%2Ftags&post=228513"}],"curies":[{"name":"wp","href":"https:\/\/api.w.org\/{rel}","templated":true}]}}