{"id":228504,"date":"2025-05-26T21:15:13","date_gmt":"2025-05-27T00:15:13","guid":{"rendered":"https:\/\/diarioregionaldigital.com.br\/?p=228504"},"modified":"2025-05-26T21:15:13","modified_gmt":"2025-05-27T00:15:13","slug":"prefeitura-celebra-os-175-anos-de-juiz-de-fora-com-programacao-especial","status":"publish","type":"post","link":"https:\/\/diarioregionaldigital.com.br\/?p=228504","title":{"rendered":"Prefeitura celebra os 175 anos de Juiz de Fora com programa\u00e7\u00e3o especial"},"content":{"rendered":"<p>Segundo informa\u00e7\u00f5es do site da Prefeitura de Juiz de Fora (PJF), em comemora\u00e7\u00e3o aos 175 anos de Juiz de Fora, a Prefeitura de Juiz de Fora preparou uma s\u00e9rie de entregas para a cidade. S\u00e3o obras de infraestrutura, reformas, inaugura\u00e7\u00f5es, regulariza\u00e7\u00f5es fundi\u00e1rias,\u00a0 festas, solenidades e muita cultura por todas as regi\u00f5es da cidade.<\/p>\n<div id=\"box_texto_noticia\">\n<p><strong>Confira a Programa\u00e7\u00e3o Completa\u00a0 (31 de maio a 30 de junho)<\/strong><\/p>\n<p><strong>S\u00e1bado &#8211; 31\/05 &#8211; Festival Multicidade\u00a0<\/strong><\/p>\n<p>&#8211; Atividades, das 10h \u00e0s 20h, com brinquedos, atra\u00e7\u00f5es infantis, djs e shows de m\u00fasica brasileira por toda a cidade:<\/p>\n<p>Centro &#8211; Pra\u00e7a Clodesmidt Riani<\/p>\n<p>Leste &#8211;\u00a0 Pra\u00e7a Maria El\u00eddia (S\u00e3o Benedito)<\/p>\n<p>Norte &#8211; Pra\u00e7a CEU<\/p>\n<p>Nordeste &#8211; Pra\u00e7a \u00c1ureo Carneiro (Grama)<\/p>\n<p>Sul &#8211;\u00a0 Pra\u00e7a Pe. Geraldo Felzeps (Santa Luzia)<\/p>\n<p>Oeste &#8211; Via S\u00e3o Pedro<\/p>\n<p>Sudeste &#8211;\u00a0 R. Coronel Assis (Floresta)<\/p>\n<p><strong>S\u00e1bado &#8211; 31\/05 &#8211; Cortejo do Programa Gente em Primeiro Lugar\u00a0<\/strong><\/p>\n<p>10h &#8211; Cal\u00e7ad\u00e3o da Rua Halfeld<\/p>\n<p><strong>S\u00e1bado &#8211; 31\/05 &#8211; Cortejo das Folias de Reis<\/strong><\/p>\n<p>11h &#8211; Cal\u00e7ad\u00e3o da Rua Halfeld<\/p>\n<p><strong>S\u00e1bado &#8211; 31\/05 &#8211; Programa\u00e7\u00e3o especial no Mercado Municipal\u00a0<\/strong><\/p>\n<p><strong>\u00a016h &#8211; \u201cSambas e Mem\u00f3rias na Princesinha de Minas\u201d<\/strong><\/p>\n<p>Apresenta\u00e7\u00e3o especial do cantor e compositor juiz-forano\u00a0 Mam\u00e3o com as parcerias de Carlos Fernando, Roger Resende e Juninho 7 Cordas, no audit\u00f3rio do Mercado Cultural AICE.<\/p>\n<p><strong>\u00a018h, Exposi\u00e7\u00e3o \u201cJF em Cole\u00e7\u00e3o\u201d &#8211; Sala 02, no Mercado Cultural AICE\u00a0<\/strong><\/p>\n<p>Um recorte contendo parte da cole\u00e7\u00e3o de Ant\u00f4nio Carlos Duarte, englobando pinturas de v\u00e1rios artistas atuantes na cidade desde o in\u00edcio do s\u00e9culo XX, com nomes como \u00c2ngelo Bigi, Dnar Rocha, Silvio Arag\u00e3o, entre outros.<\/p>\n<p><strong>18h, Exposi\u00e7\u00e3o gerA\u00e7\u00f5es<\/strong><\/p>\n<p><em>Galeria N\u00edvea Bracher<\/em><\/p>\n<p>S\u00e3o obras de 25 artistas atuantes na cidade, das mais variadas gera\u00e7\u00f5es,\u00a0 t\u00e9cnicas e linguagens, abrangendo pintura, fotografia, escultura, instala\u00e7\u00f5es, colagem e\u00a0 arte digital<\/p>\n<p><strong>\u00a020h &#8211; Lan\u00e7amento da s\u00e9rie de anima\u00e7\u00e3o \u201cJuiz de Fora atrav\u00e9s dos s\u00e9culos\u201d, de Leonardo Amorim<\/strong><\/p>\n<p>Ressignificando a hist\u00f3ria da cidade com uma abordagem sens\u00edvel e criativa, a s\u00e9rie animada \u00e9 dividida em tr\u00eas epis\u00f3dios, cuja narrativa se estende ao longo de mais de 300 anos.\u00a0 Na trama, a arte e a literatura se entrela\u00e7am, percorrendo os encontros culturais que moldaram a cidade, passando pela presen\u00e7a dos povos origin\u00e1rios, o impacto da di\u00e1spora africana e os fluxos migrat\u00f3rios de germ\u00e2nicos, italianos, libaneses e s\u00edrios. \u00c9 um convite a olhar a cidade com novos olhos, em constante movimento entre passado, presente e futuro. Com dire\u00e7\u00e3o de Leonardo Amorim, cada epis\u00f3dio tem cerca de 20 minutos e prop\u00f5e uma imers\u00e3o po\u00e9tica nas mudan\u00e7as do territ\u00f3rio juiz-forano.<\/p>\n<p><strong>S\u00e1bado &#8211; 31\/05 &#8211; Comenda do M\u00e9rito Comendador Henrique Guilherme Fernando Halfeld\u00a0<\/strong><\/p>\n<p><em>18h, no Cine-Theatro Central &#8211;\u00a0<\/em><em>Pra\u00e7a Jo\u00e3o Pessoa, S\/N<\/em><em>\u00a0<\/em><\/p>\n<p>Maior honraria do munic\u00edpio ser\u00e1 entregue a 25 homenageados<\/p>\n<p><strong>S\u00e1bado &#8211; 31\/05 &#8211; 4\u00aa Edi\u00e7\u00e3o da Festa da Cerveja\u00a0<\/strong><\/p>\n<p><em>Estacionamento do Est\u00e1dio Municipal<\/em><\/p>\n<p>O evento contar\u00e1 com 25 cervejarias e mais de 200 estilos de cerveja. Al\u00e9m disso, a Festa da Cerveja ter\u00e1 m\u00fasica ao vivo, pra\u00e7a de alimenta\u00e7\u00e3o, \u00e1rea kids e uma edi\u00e7\u00e3o especial de Afeira.<\/p>\n<p><strong>Ter\u00e7a-feira &#8211; 03\/06 &#8211; Abertura da 6\u00aa Confer\u00eancia Municipal das Cidades<\/strong><\/p>\n<p><em>19h, no Ritz Plaza Hotel &#8211; Avenida Bar\u00e3o do Rio Branco, 2000<\/em><\/p>\n<p>O objetivo da Confer\u00eancia \u00e9 fortalecer a participa\u00e7\u00e3o social na formula\u00e7\u00e3o de pol\u00edticas p\u00fablicas para o desenvolvimento urbano. Entre os temas que ser\u00e3o debatidos est\u00e3o: moradia digna, mobilidade urbana, regulariza\u00e7\u00e3o fundi\u00e1ria, meio ambiente, mudan\u00e7as clim\u00e1ticas e governan\u00e7a democr\u00e1tica.<\/p>\n<p><strong>Quarta-feira &#8211; 04\/06 &#8211; Inaugura\u00e7\u00e3o das obras de drenagem da regi\u00e3o Leste\/Ces\u00e1rio Alvim e Pra\u00e7a Francisco Bellei (Jardim do Sol)\u00a0<\/strong><\/p>\n<p><em>19h, Pra\u00e7a Francisco Bellei<\/em><\/p>\n<p>A obra de Macrodrenagem da Rua Ces\u00e1rio Alvim consiste na implanta\u00e7\u00e3o de um novo sistema de drenagem, que busca a resolu\u00e7\u00e3o definitiva dos problemas hidrol\u00f3gicos existentes no local, como os alagamentos e enxurradas. Os trabalhos alcan\u00e7aram oito ruas no bairro S\u00e3o Bernardo, e a Avenida Sete de Setembro. Al\u00e9m disso, a PJF revitalizou a quadra da Pra\u00e7a Francisco Bellei, no Jardim do Sol.<br \/>\n<strong>\u201cT\u00edtulo Legal\u201d &#8211; Regulariza\u00e7\u00e3o Fundi\u00e1ria, de 5 a 24 de junho<\/strong><\/p>\n<p><em>Bairros: Arco-\u00edris ,\u00a0<\/em>Igrejinha, Santa Paula, Alto Santo Ant\u00f4nio e Terra Nostra<\/p>\n<p>A regulariza\u00e7\u00e3o fundi\u00e1ria, promovida pelo Programa T\u00edtulo Legal, assegura a posse formal dos im\u00f3veis, conferindo aos moradores o direito \u00e0 propriedade. Com o t\u00edtulo de propriedade em m\u00e3os, os benefici\u00e1rios poder\u00e3o vender os im\u00f3veis, transmiti-los a herdeiros, acessar linhas de cr\u00e9dito banc\u00e1rio, entre outros benef\u00edcios. Em termos ilustrativos, o t\u00edtulo de propriedade pode ser compreendido como a \u201ccertid\u00e3o de nascimento\u201d do im\u00f3vel.<\/p>\n<div><\/div>\n<p><strong>Segunda-feira &#8211; 09\/06 &#8211; Reforma da Pra\u00e7a Sylvia Faria Barros<\/strong><\/p>\n<p><em>19h, rua Eunice Weaver, bairro Carlos Chagas\u00a0<\/em><\/p>\n<p>A Prefeitura revitalizou totalmente a Pra\u00e7a \u201cSylvia Faria Barros\u201d, no bairro Carlos Chagas. Foi realizada substitui\u00e7\u00e3o da alvenaria e do alambrado da quadra; a instala\u00e7\u00e3o de equipamentos esportivos (academia ao ar livre, traves e redes); a recupera\u00e7\u00e3o do playground; a execu\u00e7\u00e3o de drenagem da quadra; a pavimenta\u00e7\u00e3o; e a pintura da quadra.<\/p>\n<p><strong>Quinta-feira 12\/06 a 22\/06 &#8211; Festa das Na\u00e7\u00f5es<\/strong><\/p>\n<p><em>Estacionamento do Gin\u00e1sio Municipal<\/em><\/p>\n<p>A principal atra\u00e7\u00e3o da festa, que agora faz parte do calend\u00e1rio oficial da cidade, \u00e9 a gastronomia t\u00edpica de 15 pa\u00edses, com mais de 70 op\u00e7\u00f5es de comidas t\u00edpicas. Al\u00e9m de\u00a0 cervejas artesanais, drink\u2019s com tema de cada pa\u00eds e carta de vinhos. O evento \u00e9 pet friendly e ter\u00e1 shows todos os dias (ser\u00e3o mais de 20 shows), mega \u00e1rea kids, simuladores de realidade virtual, apresenta\u00e7\u00f5es culturais, feirinha e muito mais.<\/p>\n<p><strong>Sexta-feira &#8211; 13\/06 &#8211; Casamento Comunit\u00e1rio &#8211; Bem Casado<\/strong><br \/>\n<em>11h, Parque Municipal (R. do Cont\u00f4rno, 8 &#8211; Nova Calif\u00f3rnia)<\/em><\/p>\n<p>O casamento possibilitar\u00e1 a uni\u00e3o de 175 casais, correspondentes a idade de Juiz de Fora. A PJF far\u00e1, de forma gratuita, a legitima\u00e7\u00e3o da uni\u00e3o e tamb\u00e9m est\u00e1 inclu\u00eddo o Casamento Civil no cart\u00f3rio e a festa de cerim\u00f4nia.<\/p>\n<p><strong>Segunda-feira 23\/06 &#8211; Exposi\u00e7\u00e3o \u201cCole\u00e7\u00f5es que revelam: o Centro de Juiz de Fora atrav\u00e9s do acervo do Museu Mariano Proc\u00f3pio\u201d<\/strong><\/p>\n<p><em>16h, Museu Mariano Proc\u00f3pio, rua Mariano Proc\u00f3pio 1.100<\/em><\/p>\n<p>A exposi\u00e7\u00e3o contar\u00e1 com 12 telas de representa\u00e7\u00f5es, incluindo pe\u00e7as pintadas por artistas locais, que retratam e contam um pouco sobre o Centro de nossa cidade. A inaugura\u00e7\u00e3o ser\u00e1 promovida na semana de anivers\u00e1rio do Museu e ser\u00e1 exposta no por\u00e3o da Villa Ferreira Lage.<\/p>\n<p><strong>Quarta-feira 25\/06 &#8211; Reservat\u00f3rios de \u00e1gua em diversos bairros<\/strong><\/p>\n<p>Para garantir mais qualidade no abastecimento de \u00e1gua, a Cesama entregar\u00e1 reservat\u00f3rios para as regi\u00f5es altas dos bairros Jardim dos Alfineiros, Milho Branco, Santos Dumont, Jardim das Flores, Santa L\u00facia e Dom Bosco.<\/p>\n<p><strong>Quinta-feira 26\/06 &#8211; Amplia\u00e7\u00e3o e qualifica\u00e7\u00e3o UBS S\u00e3o Pedro\u00a0\u00a0<\/strong><\/p>\n<p><em>16h, rua Jos\u00e9 Louren\u00e7o Kelmer, 1.533<\/em><\/p>\n<p>Entre as melhorias realizadas est\u00e3o a amplia\u00e7\u00e3o da cozinha, da recep\u00e7\u00e3o, da sala dos Agentes Comunit\u00e1rios de Sa\u00fade (ACS) e da sala de reuni\u00f5es. Al\u00e9m disso, foram constru\u00eddos quatro novos consult\u00f3rios, novos banheiros para uso dos funcion\u00e1rios e banheiros adaptados para pessoas com defici\u00eancia. A unidade tamb\u00e9m passa a contar com uma nova sala de vacinas e ganhou uma rampa de acesso para garantir a acessibilidade a todos os usu\u00e1rios. A UBS S\u00e3o Pedro atende atualmente uma popula\u00e7\u00e3o estimada entre 32 e 40 mil pessoas.<\/p>\n<p><strong>S\u00e1bado, 28\/06 &#8211; Amplia\u00e7\u00e3o e qualifica\u00e7\u00e3o da UBS Milho Branco\u00a0<\/strong><\/p>\n<p><em>10h, Rua Nicolau Schuery, 60 &#8211; Milho Branco<\/em><\/p>\n<p><strong>S\u00e1bado 28\/06 e domingo 29\/06 &#8211; Arrai\u00e1 da Cidade\u00a0\u00a0<\/strong><\/p>\n<p><em>9h, Parque Municipal<\/em><\/p>\n<p>Muita alegria com m\u00fasica e comidas t\u00edpicas para celebrar o per\u00edodo das festas juninas!<\/p>\n<p><strong>Segunda-feira, 30\/06 &#8211; Recapeamento asf\u00e1ltico do trecho 1 da Avenida JK<\/strong><br \/>\n<em>Trecho 1 da\u00a0Pra\u00e7a CEU a UPA Norte<\/em><\/p>\n<p><strong>Segunda-feira 30\/06 &#8211; Inaugura\u00e7\u00e3o do Centro de Preserva\u00e7\u00e3o da Mem\u00f3ria Negra de Juiz de Fora e Regi\u00e3o\u00a0<\/strong><\/p>\n<p><em>19h &#8211; Pa\u00e7o Municipal, Avenida Rio Branco 2234, Centro, Pa\u00e7o Municipal<\/em><\/p>\n<p>O in\u00e9dito Centro de Preserva\u00e7\u00e3o da Mem\u00f3ria Negra foi criado como forma de repara\u00e7\u00e3o \u00e0 mem\u00f3ria negra de Juiz de Fora e regi\u00e3o. O Centro de Preserva\u00e7\u00e3o da Mem\u00f3ria \u00e9 o primeiro passo para a implanta\u00e7\u00e3o do Museu da Mem\u00f3ria Negra e pretende ser o espa\u00e7o pol\u00edtico e cultural a abrigar as diversas manifesta\u00e7\u00f5es art\u00edsticas e antropol\u00f3gicas da popula\u00e7\u00e3o negra, constituindo-se como territ\u00f3rio de preserva\u00e7\u00e3o de acervo, de pesquisa acad\u00eamica e de aglutina\u00e7\u00e3o pol\u00edtica das diversas pessoas e entidades interessadas na preserva\u00e7\u00e3o da mem\u00f3ria negra que permanece ainda hoje sendo silenciada em diversos vetores da historiografia oficial. Seu objetivo \u00e9 ancestralizar e reafirmar o passado preto, muitas vezes apagado, e, assim, ressignificar a hist\u00f3ria da Juiz de Fora de \u201ccoloniza\u00e7\u00e3o europeia\u201d.<\/p>\n<p>&nbsp;<\/p>\n<\/div>\n<p>&nbsp;<\/p>\n<div class=\"texto_anexo\"><img loading=\"lazy\" decoding=\"async\" src=\"https:\/\/www.pjf.mg.gov.br\/imagens\/clips.jpg\" width=\"22\" height=\"20\" \/>\u00a0<a href=\"https:\/\/www.pjf.mg.gov.br\/noticias\/anexo\/Programacao175anosPJF-DATAS.pdf.pdf\" target=\"_blank\" rel=\"noopener\">Veja o anexo<\/a><\/div>\n","protected":false},"excerpt":{"rendered":"<p>Segundo informa\u00e7\u00f5es do site da Prefeitura de Juiz de Fora (PJF), em comemora\u00e7\u00e3o aos 175 anos de Juiz de Fora, a Prefeitura de Juiz de Fora preparou uma s\u00e9rie de entregas para a cidade. S\u00e3o obras de infraestrutura, reformas, inaugura\u00e7\u00f5es, regulariza\u00e7\u00f5es fundi\u00e1rias,\u00a0 festas, solenidades e muita cultura por todas as regi\u00f5es da cidade. Confira a [&hellip;]<\/p>\n","protected":false},"author":246,"featured_media":228505,"comment_status":"closed","ping_status":"closed","sticky":false,"template":"","format":"standard","meta":{"footnotes":""},"categories":[253,436,439],"tags":[],"class_list":["post-228504","post","type-post","status-publish","format-standard","has-post-thumbnail","hentry","category-cidade","category-destaque-da-semana","category-ultima-hora"],"_links":{"self":[{"href":"https:\/\/diarioregionaldigital.com.br\/index.php?rest_route=\/wp\/v2\/posts\/228504","targetHints":{"allow":["GET"]}}],"collection":[{"href":"https:\/\/diarioregionaldigital.com.br\/index.php?rest_route=\/wp\/v2\/posts"}],"about":[{"href":"https:\/\/diarioregionaldigital.com.br\/index.php?rest_route=\/wp\/v2\/types\/post"}],"author":[{"embeddable":true,"href":"https:\/\/diarioregionaldigital.com.br\/index.php?rest_route=\/wp\/v2\/users\/246"}],"replies":[{"embeddable":true,"href":"https:\/\/diarioregionaldigital.com.br\/index.php?rest_route=%2Fwp%2Fv2%2Fcomments&post=228504"}],"version-history":[{"count":1,"href":"https:\/\/diarioregionaldigital.com.br\/index.php?rest_route=\/wp\/v2\/posts\/228504\/revisions"}],"predecessor-version":[{"id":228506,"href":"https:\/\/diarioregionaldigital.com.br\/index.php?rest_route=\/wp\/v2\/posts\/228504\/revisions\/228506"}],"wp:featuredmedia":[{"embeddable":true,"href":"https:\/\/diarioregionaldigital.com.br\/index.php?rest_route=\/wp\/v2\/media\/228505"}],"wp:attachment":[{"href":"https:\/\/diarioregionaldigital.com.br\/index.php?rest_route=%2Fwp%2Fv2%2Fmedia&parent=228504"}],"wp:term":[{"taxonomy":"category","embeddable":true,"href":"https:\/\/diarioregionaldigital.com.br\/index.php?rest_route=%2Fwp%2Fv2%2Fcategories&post=228504"},{"taxonomy":"post_tag","embeddable":true,"href":"https:\/\/diarioregionaldigital.com.br\/index.php?rest_route=%2Fwp%2Fv2%2Ftags&post=228504"}],"curies":[{"name":"wp","href":"https:\/\/api.w.org\/{rel}","templated":true}]}}