{"id":228501,"date":"2025-05-26T21:13:43","date_gmt":"2025-05-27T00:13:43","guid":{"rendered":"https:\/\/diarioregionaldigital.com.br\/?p=228501"},"modified":"2025-05-26T21:13:43","modified_gmt":"2025-05-27T00:13:43","slug":"juiz-foranos-e-juiz-foranas-se-classificam-para-proxima-etapa-do-jemg","status":"publish","type":"post","link":"https:\/\/diarioregionaldigital.com.br\/?p=228501","title":{"rendered":"Juiz-foranos e juiz-foranas se classificam para pr\u00f3xima etapa do JEMG"},"content":{"rendered":"<p>Segundo informa\u00e7\u00f5es do site da Prefeitura de Juiz de Fora (PJF), um total de 171 estudantes-atletas de Juiz de Fora (83 da categoria feminina e 88 na masculina) integram a Delega\u00e7\u00e3o JF Microrregional dos Jogos Estudantis de Minas Gerais (JEMG). A etapa microrregional foi realizada at\u00e9 este domingo (25). Os atletas participaram anteriormente dos Jogos Intercolegiais de Juiz de Fora que serviram como classificat\u00f3ria para a competi\u00e7\u00e3o estadual. Com um desempenho expressivo, Juiz de Fora garantiu vagas para a pr\u00f3xima etapa regional, que acontecer\u00e1 em S\u00e3o Jo\u00e3o del-Rei, entre os dias 23 e 29 de junho.<\/p>\n<div id=\"box_texto_noticia\">\n<p>Na modalidade I, com nascidos entre 2011 e 2013,\u00a0o munic\u00edpio assegurou classifica\u00e7\u00e3o nas seguintes disputas: Basquete Feminino, Basquete Masculino, Futsal Feminino, Futsal Masculino, Handebol Feminino e Xadrez (Feminino e Masculino). J\u00e1 no m\u00f3dulo II, com estudantes nascidos entre 2008 e 2010, Juiz de Fora conquistou vagas no Basquete Feminino, Basquete Masculino, Voleibol Feminino, Voleibol Masculino e tamb\u00e9m no Xadrez, nas categorias feminina e masculina.<\/p>\n<p>O Secret\u00e1rio de Esporte e Lazer da PJF, Marcelo Matta celebrou os primeiros resultados obtidos e mandou um recado para os estudantes.\u201cDesejo os parab\u00e9ns para todas as escolas que j\u00e1 representaram Juiz de Fora nessa etapa e fica aqui o nosso desejo de sucesso para as pr\u00f3ximas.\u201d<\/p>\n<p>De acordo com o supervisor de Esporte de Participa\u00e7\u00e3o e Rendimento da SEL, Moacyr Oliveira, \u201cJuiz de Fora teve participa\u00e7\u00e3o destacada na etapa microrregional do JEMG em Lima Duarte, fruto do trabalho dos professores e professoras nas escolas e nos Jogos Intercolegiais, ratificando a cultura esportiva do munic\u00edpio. Para al\u00e9m do rendimento esportivo, a participa\u00e7\u00e3o nestes eventos resulta em significativos ganhos pedag\u00f3gicos e de viv\u00eancia para esses estudantes, levando as diversas pr\u00e1ticas corporais para o seu cotidiano.\u201d<\/p>\n<p><strong>Confira o nome dos atletas e os nomes das institui\u00e7\u00f5es de ensino no anexo<\/strong><\/p>\n<div><\/div>\n<\/div>\n<p>&nbsp;<\/p>\n<div class=\"texto_anexo\"><img loading=\"lazy\" decoding=\"async\" src=\"https:\/\/www.pjf.mg.gov.br\/imagens\/clips.jpg\" width=\"22\" height=\"20\" \/>\u00a0<a href=\"https:\/\/www.pjf.mg.gov.br\/noticias\/anexo\/Lista-de-Classificados-para-a-Etapa-Regional-.pdf\" target=\"_blank\" rel=\"noopener\">Veja o anexo<\/a><\/div>\n","protected":false},"excerpt":{"rendered":"<p>Segundo informa\u00e7\u00f5es do site da Prefeitura de Juiz de Fora (PJF), um total de 171 estudantes-atletas de Juiz de Fora (83 da categoria feminina e 88 na masculina) integram a Delega\u00e7\u00e3o JF Microrregional dos Jogos Estudantis de Minas Gerais (JEMG). A etapa microrregional foi realizada at\u00e9 este domingo (25). Os atletas participaram anteriormente dos Jogos [&hellip;]<\/p>\n","protected":false},"author":246,"featured_media":228502,"comment_status":"closed","ping_status":"closed","sticky":false,"template":"","format":"standard","meta":{"footnotes":""},"categories":[253,436,440,257,439],"tags":[],"class_list":["post-228501","post","type-post","status-publish","format-standard","has-post-thumbnail","hentry","category-cidade","category-destaque-da-semana","category-destaques-do-dia","category-esporte","category-ultima-hora"],"_links":{"self":[{"href":"https:\/\/diarioregionaldigital.com.br\/index.php?rest_route=\/wp\/v2\/posts\/228501","targetHints":{"allow":["GET"]}}],"collection":[{"href":"https:\/\/diarioregionaldigital.com.br\/index.php?rest_route=\/wp\/v2\/posts"}],"about":[{"href":"https:\/\/diarioregionaldigital.com.br\/index.php?rest_route=\/wp\/v2\/types\/post"}],"author":[{"embeddable":true,"href":"https:\/\/diarioregionaldigital.com.br\/index.php?rest_route=\/wp\/v2\/users\/246"}],"replies":[{"embeddable":true,"href":"https:\/\/diarioregionaldigital.com.br\/index.php?rest_route=%2Fwp%2Fv2%2Fcomments&post=228501"}],"version-history":[{"count":1,"href":"https:\/\/diarioregionaldigital.com.br\/index.php?rest_route=\/wp\/v2\/posts\/228501\/revisions"}],"predecessor-version":[{"id":228503,"href":"https:\/\/diarioregionaldigital.com.br\/index.php?rest_route=\/wp\/v2\/posts\/228501\/revisions\/228503"}],"wp:featuredmedia":[{"embeddable":true,"href":"https:\/\/diarioregionaldigital.com.br\/index.php?rest_route=\/wp\/v2\/media\/228502"}],"wp:attachment":[{"href":"https:\/\/diarioregionaldigital.com.br\/index.php?rest_route=%2Fwp%2Fv2%2Fmedia&parent=228501"}],"wp:term":[{"taxonomy":"category","embeddable":true,"href":"https:\/\/diarioregionaldigital.com.br\/index.php?rest_route=%2Fwp%2Fv2%2Fcategories&post=228501"},{"taxonomy":"post_tag","embeddable":true,"href":"https:\/\/diarioregionaldigital.com.br\/index.php?rest_route=%2Fwp%2Fv2%2Ftags&post=228501"}],"curies":[{"name":"wp","href":"https:\/\/api.w.org\/{rel}","templated":true}]}}