{"id":228498,"date":"2025-05-26T21:11:45","date_gmt":"2025-05-27T00:11:45","guid":{"rendered":"https:\/\/diarioregionaldigital.com.br\/?p=228498"},"modified":"2025-05-26T21:11:45","modified_gmt":"2025-05-27T00:11:45","slug":"candidato-unico-samir-xaud-e-eleito-presidente-da-cbf","status":"publish","type":"post","link":"https:\/\/diarioregionaldigital.com.br\/?p=228498","title":{"rendered":"Candidato \u00fanico, Samir Xaud \u00e9 eleito presidente da CBF"},"content":{"rendered":"<p>O m\u00e9dico infectologista e dirigente esportivo Samir de Ara\u00fajo Xaud, de 41 anos, \u00e9 o novo presidente da Confedera\u00e7\u00e3o Brasileira de Futebol (CBF).\u00a0<img decoding=\"async\" src=\"https:\/\/agenciabrasil.ebc.com.br\/ebc.png?id=1644109&amp;o=node\" \/><img decoding=\"async\" src=\"https:\/\/agenciabrasil.ebc.com.br\/ebc.gif?id=1644109&amp;o=node\" \/><\/p>\n<p><strong>Candidato \u00fanico, ele foi eleito neste domingo (25) na sede da entidade, no Rio de Janeiro, por 25 das 27 federa\u00e7\u00f5es estaduais e por apenas 10 dos 40 clubes das S\u00e9ries A e B do Campeonato Brasileiro.\u00a0O mandato de Xaud vai at\u00e9 2029.<\/strong><\/p>\n<p><strong>Ele comandar\u00e1 a CBF no lugar de Ednaldo Rodrigues, afastado no \u00faltimo dia 15, por determina\u00e7\u00e3o do Tribunal de Justi\u00e7a do Rio de Janeiro<\/strong>.<\/p>\n<p>No in\u00edcio do ano passado, Xaud foi eleito presidente da Federa\u00e7\u00e3o Roraimense de Futebol (FRF), antes comandada por seu pai por 42 anos seguidos.<\/p>\n<h2>Boicote<\/h2>\n<p>Diferentemente da elei\u00e7\u00e3o anterior, que reelegeu Ednaldo Rodrigues por unanimidade,\u00a0<strong>o pleito deste domingo n\u00e3o contou com os votos de 18 clubes.\u00a0<\/strong><\/p>\n<p><strong>Participaram do boicote \u00e0 elei\u00e7\u00e3o da CBF as seguinte agremia\u00e7\u00f5es: Am\u00e9rica-MG, Athletico, Atl\u00e9tico-GO, Botafogo-SP, Chapecoense, Corinthians, Coritiba, Cuiab\u00e1, Flamengo, Fluminense, Fortaleza, Goi\u00e1s, Internacional, Juventude, Mirassol, Novorizontino, S\u00e3o Paulo e Sport.<\/strong><\/p>\n<p>Apenas Cruzeiro, Oper\u00e1rio e Santos votaram neste domingo (25). Bragantino e Ferrovi\u00e1ria n\u00e3o compareceram ao pleito, assim como a Federa\u00e7\u00e3o Paulista de Futebol (FPF), a maior do pa\u00eds.<\/p>\n<p>Vale destacar que os votos t\u00eam peso diferente de acordo com o estatuto da CBF. O voto das federa\u00e7\u00f5es tem peso tr\u00eas; os clubes da S\u00e9rie A t\u00eam peso dois; e os demais da S\u00e9rie B contam apenas um ponto.<\/p>\n<p><strong>Sendo assim, Xaud totalizou 103 pontos, sendo que o m\u00e1ximo poss\u00edvel seria 141.<\/strong><\/p>\n<p>A elei\u00e7\u00e3o ocorre um dia antes da primeira convoca\u00e7\u00e3o da sele\u00e7\u00e3o brasileira pelo novo t\u00e9cnico Carlo Ancelotti, ex-treinador do Real Madrid. A equipe disputar\u00e1 em junho as Eliminat\u00f3rias da Copa do Mundo.<\/p>\n<p>&#8220;Queremos que o povo volte a se identificar com a sele\u00e7\u00e3o canarinho&#8221;, afirmou Xaud, no discurso de posse.<\/p>\n<blockquote><p>&#8220;Iniciamos uma nova fase na CBF. Nossa gest\u00e3o ser\u00e1 marcada pelas renova\u00e7\u00f5es das ideias e pelo desenvolvimento pleno do esporte. Nosso prop\u00f3sito \u00e9 construir uma nova CBF, moderna e comprometida com o desenvolvimento da ind\u00fastria de futebol&#8221;.<\/p><\/blockquote>\n<p>Al\u00e9m de Xaud, foram eleitos oito vice-presidentes: Ednailson Leite Rozenha, Fernando Jos\u00e9 Macieira Sarney, Fl\u00e1vio Diz Zveiter, Gustavo Dias Henrique, Jos\u00e9 Vanildo da Silva, Michelle Ramalho Cardoso, Ricardo Augusto Lobo Gluck Paul e Rubens Renato Angelotti.<\/p>\n<h2>Legalidade em pauta<\/h2>\n<p>Nesta semana,\u00a0<strong>volta \u00e0 pauta do Supremo Tribunal Federal (STF) a legalidade do processo eleitoral da CBF<\/strong>.<\/p>\n<p>Em fevereiro deste ano, o ministro Gilmar Mendes arquivou a a\u00e7\u00e3o do Minist\u00e9rio P\u00fablico, iniciada em 2017, ap\u00f3s homologa\u00e7\u00e3o do acordo que reconhecia a conformidade do pleito.<\/p>\n<p>No entanto, com a conclus\u00e3o do pedido de vista solicitado pelo ministro Fl\u00e1vio Dino, o\u00a0<strong>m\u00e9rito da A\u00e7\u00e3o Civil P\u00fablica que questiona as mudan\u00e7as no estatuto eleitoral da CBF ser\u00e1 julgado na pr\u00f3xima quarta-feira<\/strong>\u00a0(28).<\/p>\n<p><strong>Tais mudan\u00e7as estabeleceram peso diferente aos votos de federa\u00e7\u00f5es e clubes do Brasileir\u00e3o nas elei\u00e7\u00f5es \u00e0 presid\u00eancia da entidade esportiva.<\/p>\n<p><\/strong>Fonte: Ag\u00eancia Brasil<\/p>\n","protected":false},"excerpt":{"rendered":"<p>O m\u00e9dico infectologista e dirigente esportivo Samir de Ara\u00fajo Xaud, de 41 anos, \u00e9 o novo presidente da Confedera\u00e7\u00e3o Brasileira de Futebol (CBF).\u00a0 Candidato \u00fanico, ele foi eleito neste domingo (25) na sede da entidade, no Rio de Janeiro, por 25 das 27 federa\u00e7\u00f5es estaduais e por apenas 10 dos 40 clubes das S\u00e9ries A [&hellip;]<\/p>\n","protected":false},"author":246,"featured_media":228499,"comment_status":"closed","ping_status":"closed","sticky":false,"template":"","format":"standard","meta":{"footnotes":""},"categories":[436,257,439],"tags":[],"class_list":["post-228498","post","type-post","status-publish","format-standard","has-post-thumbnail","hentry","category-destaque-da-semana","category-esporte","category-ultima-hora"],"_links":{"self":[{"href":"https:\/\/diarioregionaldigital.com.br\/index.php?rest_route=\/wp\/v2\/posts\/228498","targetHints":{"allow":["GET"]}}],"collection":[{"href":"https:\/\/diarioregionaldigital.com.br\/index.php?rest_route=\/wp\/v2\/posts"}],"about":[{"href":"https:\/\/diarioregionaldigital.com.br\/index.php?rest_route=\/wp\/v2\/types\/post"}],"author":[{"embeddable":true,"href":"https:\/\/diarioregionaldigital.com.br\/index.php?rest_route=\/wp\/v2\/users\/246"}],"replies":[{"embeddable":true,"href":"https:\/\/diarioregionaldigital.com.br\/index.php?rest_route=%2Fwp%2Fv2%2Fcomments&post=228498"}],"version-history":[{"count":1,"href":"https:\/\/diarioregionaldigital.com.br\/index.php?rest_route=\/wp\/v2\/posts\/228498\/revisions"}],"predecessor-version":[{"id":228500,"href":"https:\/\/diarioregionaldigital.com.br\/index.php?rest_route=\/wp\/v2\/posts\/228498\/revisions\/228500"}],"wp:featuredmedia":[{"embeddable":true,"href":"https:\/\/diarioregionaldigital.com.br\/index.php?rest_route=\/wp\/v2\/media\/228499"}],"wp:attachment":[{"href":"https:\/\/diarioregionaldigital.com.br\/index.php?rest_route=%2Fwp%2Fv2%2Fmedia&parent=228498"}],"wp:term":[{"taxonomy":"category","embeddable":true,"href":"https:\/\/diarioregionaldigital.com.br\/index.php?rest_route=%2Fwp%2Fv2%2Fcategories&post=228498"},{"taxonomy":"post_tag","embeddable":true,"href":"https:\/\/diarioregionaldigital.com.br\/index.php?rest_route=%2Fwp%2Fv2%2Ftags&post=228498"}],"curies":[{"name":"wp","href":"https:\/\/api.w.org\/{rel}","templated":true}]}}