{"id":228489,"date":"2025-05-26T21:04:37","date_gmt":"2025-05-27T00:04:37","guid":{"rendered":"https:\/\/diarioregionaldigital.com.br\/?p=228489"},"modified":"2025-05-26T21:04:37","modified_gmt":"2025-05-27T00:04:37","slug":"minas-junina-2025-amplia-circuito-cultural-com-participacao-de-mais-de-400-municipios-e-3-milhoes-de-turistas","status":"publish","type":"post","link":"https:\/\/diarioregionaldigital.com.br\/?p=228489","title":{"rendered":"Minas Junina 2025 amplia circuito cultural com participa\u00e7\u00e3o de mais de 400 munic\u00edpios e 3 milh\u00f5es de turistas"},"content":{"rendered":"<p><main class=\"clear margin-md-bottom-3\"><\/p>\n<div class=\"clear \">\n<p>O\u00a0<a href=\"https:\/\/www.mg.gov.br\/\" target=\"_blank\" rel=\"noopener\">Governo de Minas<\/a>, por meio da\u00a0<a href=\"https:\/\/www.secult.mg.gov.br\/\" target=\"_blank\" rel=\"noopener\">Secretaria de Estado de Cultura e Turismo de Minas Gerais (Secult-MG)<\/a>, lan\u00e7ou, nesta segunda-feira (26\/5), o Minas Junina 2025 como uma pol\u00edtica p\u00fablica estruturante que celebra, valoriza e promove a cultura popular e tradicional em todas as regi\u00f5es do estado.<\/p>\n<p>Integrado ao Descentra Cultura, programa in\u00e9dito no Brasil, o projeto assegura uma descentraliza\u00e7\u00e3o efetiva da promo\u00e7\u00e3o cultural e fortalece a transversalidade entre cultura e turismo, articulando os munic\u00edpios, artistas e comunidades no maior circuito junino j\u00e1 realizado no estado.<\/p>\n<p>Mais de 400 munic\u00edpios mineiros participar\u00e3o das celebra\u00e7\u00f5es em 2025 com apoio do Governo do Estado, seja por meio do fomento direto via editais regionais, da valoriza\u00e7\u00e3o dos patrim\u00f4nios imateriais ou atrav\u00e9s de recursos do ICMS Cultural. Incentivos que garantem autonomia e protagonismo \u00e0s cidades na preserva\u00e7\u00e3o e ativa\u00e7\u00e3o de seus bens culturais e festejos tradicionais.<\/p>\n<p>O Minas Junina \u00e9 tamb\u00e9m uma pol\u00edtica de desenvolvimento. Em 2024, segundo dados da Diretoria de Economia da Criatividade da Secult-MG, a capta\u00e7\u00e3o via Lei Estadual de Incentivo \u00e0 Cultura (LeiC) chegou a R$ 159 milh\u00f5es, mobilizando centenas de projetos em festas populares, quadrilhas, reinados, congados, folias e as mais diversas \u00e1reas e express\u00f5es art\u00edsticas. Essa for\u00e7a econ\u00f4mica traduz-se em empregos, turismo local, valoriza\u00e7\u00e3o da identidade mineira e dinamiza\u00e7\u00e3o das cadeias produtivas da cultura.<\/p>\n<p><strong>Programa\u00e7\u00e3o diversa<\/strong><\/p>\n<p>Na capital, o Arrai\u00e1 da Liberdade, promovido pela\u00a0<a href=\"https:\/\/fcs.mg.gov.br\/\" target=\"_blank\" rel=\"noopener\">Funda\u00e7\u00e3o Cl\u00f3vis Salgado (FCS)<\/a>\u00a0e instalado nos jardins do Pal\u00e1cio da Liberdade, ser\u00e1, nos dias 27, 28 e 29\/6, o palco simb\u00f3lico dessa integra\u00e7\u00e3o entre capital e interior.<\/p>\n<p>Dezenas de grupos de quadrilha, congos, catop\u00eas e outras express\u00f5es vindas de todas as regi\u00f5es do estado ocupar\u00e3o o espa\u00e7o, celebrando o ciclo junino como momento de encontro, f\u00e9, arte e mineiridade.<\/p>\n<p>O Minas Junina 2025 refor\u00e7a ainda o reconhecimento das Congadas como Patrim\u00f4nio Cultural Imaterial de Minas Gerais, t\u00edtulo conquistado em 2024. Em 2025, o Estado amplia os investimentos nas tradi\u00e7\u00f5es afro-mineiras com editais exclusivos e apoio t\u00e9cnico por meio do Programa de Prote\u00e7\u00e3o da Cultura Afro e do Descentra Cultura.<\/p>\n<table border=\"0\" cellspacing=\"1\" cellpadding=\"1\" align=\"center\">\n<tbody>\n<tr>\n<td colspan=\"5\"><img decoding=\"async\" src=\"https:\/\/www.agenciaminas.mg.gov.br\/ckeditor_assets\/pictures\/20949\/content_2_olho_topo.jpg\" alt=\"\" \/><\/td>\n<\/tr>\n<tr>\n<td><\/td>\n<td colspan=\"3\" rowspan=\"3\">\n<h1><strong>&#8220;O Descentra Cultura \u00e9 mais que uma pol\u00edtica de fomento: \u00e9 uma pol\u00edtica integral, que vai da base, com o apoio t\u00e9cnico e os editais, at\u00e9 a promo\u00e7\u00e3o, comunica\u00e7\u00e3o e valoriza\u00e7\u00e3o da cultura nos palcos da capital e do interior. \u00c9 uma engrenagem viva que movimenta todo o sistema de cultura e turismo de Minas Gerais, unindo planejamento, diversidade, protagonismo territorial e mineiridade&#8221;, afirma o secret\u00e1rio da Secult-MG, Le\u00f4nidas de Oliveira.<\/strong><\/h1>\n<\/td>\n<td><\/td>\n<\/tr>\n<tr>\n<td><\/td>\n<td><\/td>\n<\/tr>\n<tr>\n<td><\/td>\n<td><\/td>\n<\/tr>\n<tr>\n<td colspan=\"5\"><img decoding=\"async\" src=\"https:\/\/www.agenciaminas.mg.gov.br\/ckeditor_assets\/pictures\/20950\/content_2_olho_inferior.jpg\" alt=\"\" \/><\/td>\n<\/tr>\n<\/tbody>\n<\/table>\n<p>&nbsp;<\/p>\n<p>Com a destina\u00e7\u00e3o in\u00e9dita de 30% dos recursos p\u00fablicos para a cultura popular e tradicional, Minas Gerais se afirma como refer\u00eancia nacional em pol\u00edticas culturais democr\u00e1ticas, inclusivas e territorializadas.<\/p>\n<p><strong>Protagonismo do interior<\/strong><\/p>\n<p>\u00c9 no interior que o Minas Junina revela seu poder de transforma\u00e7\u00e3o social e cultural. Em Pav\u00e3o, no Vale do Mucuri, o Forr\u00f3 do Rega\u00e7o movimenta moradores e visitantes com shows, dan\u00e7as e comidas t\u00edpicas.<\/p>\n<p>Piranguinho, no Sul de Minas, orgulhosamente realiza a 18\u00aa Festa do Maior P\u00e9 de Moleque do Mundo, celebra\u00e7\u00e3o reconhecida como Patrim\u00f4nio Imaterial de Minas Gerais.<\/p>\n<p>O Festival Junino de Paraopeba, na Regi\u00e3o Central, j\u00e1 se consolidou como evento de grande apelo regional, enquanto o 1\u00ba Junin\u00e3o na Pra\u00e7a, em Rio Parana\u00edba, estreia com expectativa de se tornar refer\u00eancia no Alto Parana\u00edba.<\/p>\n<p>Munic\u00edpios como Itinga, Jana\u00faba, Jequitinhonha, Lagoa da Prata, S\u00e3o Jo\u00e3o Nepomuceno, Pedra Azul, Monte Azul e tantos outros mostram a for\u00e7a das manifesta\u00e7\u00f5es culturais locais, com festas que unem f\u00e9, m\u00fasica, dan\u00e7a e identidade.<\/p>\n<p>Fonte: Ag\u00eancia Minas<\/p>\n<\/div>\n<p><\/main><\/p>\n","protected":false},"excerpt":{"rendered":"<p>O\u00a0Governo de Minas, por meio da\u00a0Secretaria de Estado de Cultura e Turismo de Minas Gerais (Secult-MG), lan\u00e7ou, nesta segunda-feira (26\/5), o Minas Junina 2025 como uma pol\u00edtica p\u00fablica estruturante que celebra, valoriza e promove a cultura popular e tradicional em todas as regi\u00f5es do estado. Integrado ao Descentra Cultura, programa in\u00e9dito no Brasil, o projeto [&hellip;]<\/p>\n","protected":false},"author":246,"featured_media":228490,"comment_status":"closed","ping_status":"closed","sticky":false,"template":"","format":"standard","meta":{"footnotes":""},"categories":[436,261,254,439],"tags":[],"class_list":["post-228489","post","type-post","status-publish","format-standard","has-post-thumbnail","hentry","category-destaque-da-semana","category-economia","category-politica","category-ultima-hora"],"_links":{"self":[{"href":"https:\/\/diarioregionaldigital.com.br\/index.php?rest_route=\/wp\/v2\/posts\/228489","targetHints":{"allow":["GET"]}}],"collection":[{"href":"https:\/\/diarioregionaldigital.com.br\/index.php?rest_route=\/wp\/v2\/posts"}],"about":[{"href":"https:\/\/diarioregionaldigital.com.br\/index.php?rest_route=\/wp\/v2\/types\/post"}],"author":[{"embeddable":true,"href":"https:\/\/diarioregionaldigital.com.br\/index.php?rest_route=\/wp\/v2\/users\/246"}],"replies":[{"embeddable":true,"href":"https:\/\/diarioregionaldigital.com.br\/index.php?rest_route=%2Fwp%2Fv2%2Fcomments&post=228489"}],"version-history":[{"count":1,"href":"https:\/\/diarioregionaldigital.com.br\/index.php?rest_route=\/wp\/v2\/posts\/228489\/revisions"}],"predecessor-version":[{"id":228491,"href":"https:\/\/diarioregionaldigital.com.br\/index.php?rest_route=\/wp\/v2\/posts\/228489\/revisions\/228491"}],"wp:featuredmedia":[{"embeddable":true,"href":"https:\/\/diarioregionaldigital.com.br\/index.php?rest_route=\/wp\/v2\/media\/228490"}],"wp:attachment":[{"href":"https:\/\/diarioregionaldigital.com.br\/index.php?rest_route=%2Fwp%2Fv2%2Fmedia&parent=228489"}],"wp:term":[{"taxonomy":"category","embeddable":true,"href":"https:\/\/diarioregionaldigital.com.br\/index.php?rest_route=%2Fwp%2Fv2%2Fcategories&post=228489"},{"taxonomy":"post_tag","embeddable":true,"href":"https:\/\/diarioregionaldigital.com.br\/index.php?rest_route=%2Fwp%2Fv2%2Ftags&post=228489"}],"curies":[{"name":"wp","href":"https:\/\/api.w.org\/{rel}","templated":true}]}}