{"id":228483,"date":"2025-05-26T21:00:46","date_gmt":"2025-05-27T00:00:46","guid":{"rendered":"https:\/\/diarioregionaldigital.com.br\/?p=228483"},"modified":"2025-05-26T21:00:46","modified_gmt":"2025-05-27T00:00:46","slug":"nova-rodada-do-compete-minas-destina-r-50-milhoes-para-impulsionar-o-setor-produtivo-mineiro","status":"publish","type":"post","link":"https:\/\/diarioregionaldigital.com.br\/?p=228483","title":{"rendered":"Nova rodada do Compete Minas destina R$ 50 milh\u00f5es para impulsionar o setor produtivo mineiro"},"content":{"rendered":"<p>O\u00a0<a id=\"OWA76301041-39c3-7323-43a0-740a4cbdfc52\" title=\"https:\/\/www.mg.gov.br\/\" href=\"https:\/\/www.mg.gov.br\/\" target=\"_blank\" rel=\"noopener noreferrer\" data-auth=\"NotApplicable\" data-linkindex=\"1\">Governo de Minas<\/a>\u00a0lan\u00e7ou a quarta rodada do\u00a0<a id=\"OWA13af6604-c4dd-5ecc-c22f-0bf484fbf321\" title=\"https:\/\/desenvolvimento.mg.gov.br\/competeminas\" href=\"https:\/\/desenvolvimento.mg.gov.br\/competeminas\" target=\"_blank\" rel=\"noopener noreferrer\" data-auth=\"NotApplicable\" data-linkindex=\"2\">Compete Minas<\/a>, nesta segunda-feira (26\/5), no audit\u00f3rio da\u00a0<a id=\"OWA1efea481-4211-7d3d-c5f2-de1092a343a4\" title=\"http:\/\/www.fapemig.br\/pt\/\" href=\"http:\/\/www.fapemig.br\/pt\/\" target=\"_blank\" rel=\"noopener noreferrer\" data-auth=\"NotApplicable\" data-linkindex=\"3\">Funda\u00e7\u00e3o de Amparo \u00e0 Pesquisa do Estado de Minas Gerais (Fapemig)<\/a>, parceira da\u00a0<a id=\"OWA07c0dbdc-138f-14b2-4c06-190497ab3a12\" title=\"https:\/\/desenvolvimento.mg.gov.br\/\" href=\"https:\/\/desenvolvimento.mg.gov.br\/\" target=\"_blank\" rel=\"noopener noreferrer\" data-auth=\"NotApplicable\" data-linkindex=\"4\">Secretaria de Estado de Desenvolvimento Econ\u00f4mico (Sede-MG)<\/a>\u00a0na coordena\u00e7\u00e3o do programa. Est\u00e3o sendo disponibilizados R$ 50 milh\u00f5es em subven\u00e7\u00e3o econ\u00f4mica (recursos n\u00e3o-reembols\u00e1veis).<\/p>\n<p>A nova chamada apoia projetos de pesquisa, desenvolvimento tecnol\u00f3gico e inova\u00e7\u00e3o propostos por empresas,\u00a0startups\u00a0e cooperativas com atua\u00e7\u00e3o em Minas Gerais. Existe ainda a possibilidade de participa\u00e7\u00e3o de Institui\u00e7\u00f5es Cient\u00edficas, Tecnol\u00f3gicas e de Inova\u00e7\u00e3o de Minas Gerais (ICTs-MG) como parceiras. As inscri\u00e7\u00f5es v\u00e3o at\u00e9 9\/7.<\/p>\n<p>As propostas podem abranger desde setores tradicionais e produtores de\u00a0commodities\u00a0at\u00e9 empresas de base tecnol\u00f3gica, fomentando o desenvolvimento de produtos, bens, servi\u00e7os e processos inovadores que agreguem valor, ampliem a competitividade e contribuam para o fortalecimento da economia mineira.<\/p>\n<p>&nbsp;<\/p>\n<table border=\"0\" cellspacing=\"1\" cellpadding=\"1\" align=\"center\">\n<tbody>\n<tr>\n<td colspan=\"5\"><img decoding=\"async\" src=\"https:\/\/www.agenciaminas.mg.gov.br\/ckeditor_assets\/pictures\/20949\/content_2_olho_topo.jpg\" alt=\"\" \/><\/td>\n<\/tr>\n<tr>\n<td><\/td>\n<td colspan=\"3\" rowspan=\"3\">\n<h1><strong>&#8220;Os investimentos contribuem para impulsionar ainda mais a economia de Minas, com o incentivo \u00e0 pesquisa e \u00e0 inova\u00e7\u00e3o tecnol\u00f3gica. Na minha gest\u00e3o, temos buscado eliminar as burocracias para a atra\u00e7\u00e3o de novos empreendimentos e incentivado a expans\u00e3o dos que aqui j\u00e1 se encontram. E com o Compete Minas, temos proporcionado esse fomento \u00e0 competitividade das empresas&#8221;, enfatizou o governador Romeu Zema.<\/strong><\/h1>\n<\/td>\n<td><\/td>\n<\/tr>\n<tr>\n<td><\/td>\n<td><\/td>\n<\/tr>\n<tr>\n<td><\/td>\n<td><\/td>\n<\/tr>\n<tr>\n<td colspan=\"5\"><img decoding=\"async\" src=\"https:\/\/www.agenciaminas.mg.gov.br\/ckeditor_assets\/pictures\/20950\/content_2_olho_inferior.jpg\" alt=\"\" \/><\/td>\n<\/tr>\n<\/tbody>\n<\/table>\n<p>&nbsp;<\/p>\n<p>A secret\u00e1ria de Estado de Desenvolvimento Econ\u00f4mico, Mila Corr\u00eaa da Costa, destaca que o edital \u00e9 in\u00e9dito no Brasil, sendo o \u00fanico entre as institui\u00e7\u00f5es de fomento \u00e0 pesquisa que prop\u00f5e a aproxima\u00e7\u00e3o entre o setor produtivo e a ci\u00eancia.<\/p>\n<p>&nbsp;<\/p>\n<table border=\"0\" cellspacing=\"1\" cellpadding=\"1\" align=\"center\">\n<tbody>\n<tr>\n<td colspan=\"5\"><img decoding=\"async\" src=\"https:\/\/www.agenciaminas.mg.gov.br\/ckeditor_assets\/pictures\/20949\/content_2_olho_topo.jpg\" alt=\"\" \/><\/td>\n<\/tr>\n<tr>\n<td><\/td>\n<td colspan=\"3\" rowspan=\"3\">\n<h1><strong>&#8220;A novidade \u00e9 que agora as micro e pequenas empresas podem participar com o apoio do Sebrae. \u00c9 mais uma iniciativa para que possamos estimular a aproxima\u00e7\u00e3o entre setor produtivo, mercado e administra\u00e7\u00e3o p\u00fablica estadual\u201d, completa Mila Corr\u00eaa.<\/strong><\/h1>\n<\/td>\n<td><\/td>\n<\/tr>\n<tr>\n<td><\/td>\n<td><\/td>\n<\/tr>\n<tr>\n<td><\/td>\n<td><\/td>\n<\/tr>\n<tr>\n<td colspan=\"5\"><img decoding=\"async\" src=\"https:\/\/www.agenciaminas.mg.gov.br\/ckeditor_assets\/pictures\/20950\/content_2_olho_inferior.jpg\" alt=\"\" \/><\/td>\n<\/tr>\n<\/tbody>\n<\/table>\n<p>&nbsp;<\/p>\n<p>Para Carlos Arruda, presidente da Fapemig, o Compete Minas \u00e9 uma oportunidade de reduzir a dist\u00e2ncia entre a produ\u00e7\u00e3o do conhecimento e a inova\u00e7\u00e3o, por meio da atua\u00e7\u00e3o conjunta entre a academia, o Estado e o setor produtivo.<\/p>\n<p>&nbsp;<\/p>\n<table border=\"0\" cellspacing=\"1\" cellpadding=\"1\" align=\"center\">\n<tbody>\n<tr>\n<td colspan=\"5\"><img decoding=\"async\" src=\"https:\/\/www.agenciaminas.mg.gov.br\/ckeditor_assets\/pictures\/20949\/content_2_olho_topo.jpg\" alt=\"\" \/><\/td>\n<\/tr>\n<tr>\n<td><\/td>\n<td colspan=\"3\" rowspan=\"3\">\n<h1><strong>&#8220;N\u00f3s entendemos que fomento \u00e9 muito mais que apoio financeiro. Com essa chamada, estamos investindo em relacionamento, para que possamos promover a troca de informa\u00e7\u00f5es entre os entes da cadeia e pensar em solu\u00e7\u00f5es que impactem a sociedade&#8221;, afirma Carlos Arruda.<\/strong><\/h1>\n<\/td>\n<td><\/td>\n<\/tr>\n<tr>\n<td><\/td>\n<td><\/td>\n<\/tr>\n<tr>\n<td><\/td>\n<td><\/td>\n<\/tr>\n<tr>\n<td colspan=\"5\"><img decoding=\"async\" src=\"https:\/\/www.agenciaminas.mg.gov.br\/ckeditor_assets\/pictures\/20950\/content_2_olho_inferior.jpg\" alt=\"\" \/><\/td>\n<\/tr>\n<\/tbody>\n<\/table>\n<p>&nbsp;<\/p>\n<p><strong>Solu\u00e7\u00f5es que impactam o mercado<\/strong><\/p>\n<p>A VMI Security foi aprovada na primeira rodada do Compete Minas &#8211; Empresas, Startups e Cooperativas, com o projeto para constru\u00e7\u00e3o de um equipamento de raio-x que usa intelig\u00eancia artificial (IA) para detectar objetos em bagagens. A\u00a0 empresa de Lagoa Santa, na Regi\u00e3o Metropolitana de Belo Horizonte (RMBH), \u00e9 especializada no setor de seguran\u00e7a e a \u00fanica fabricante de equipamentos de inspe\u00e7\u00e3o por raios-x na Am\u00e9rica Latina.<\/p>\n<p>&#8220;O equipamento trabalha com quatro \u00e2ngulos distintos, permitindo que nossa IA tenha uma assertividade muito maior e desenvolva uma constitui\u00e7\u00e3o 3D do objeto escaneado. Sem o apoio da Fapemig na tecnologia, ter\u00edamos demorado muito mais para chegar nos resultados que temos agora&#8221;, destaca o gestor de projetos da VMI Security, Michel Gomes.<\/p>\n<p>Ao todo, mais de R$ 992 mil foram empenhados via Compete Minas no projeto aprovado em edital de 2022 e, atualmente,\u00a0 o produto da VMI est\u00e1 em fase de testes para a constru\u00e7\u00e3o da pr\u00e9-s\u00e9rie \u2013 etapa que antecede a produ\u00e7\u00e3o comercial.<\/p>\n<p><strong>Tecnologia para preven\u00e7\u00e3o de fraudes<\/strong><\/p>\n<p>Outro\u00a0case<i>\u00a0<\/i>de sucesso desenvolvido a partir do Compete Minas foi a \u201cUP Check\u201d, Interface de Programa\u00e7\u00e3o de Aplica\u00e7\u00f5es (API no ingl\u00eas) de an\u00e1lise de risco desenvolvida pela Universidade Federal de Lavras (Ufla) de S\u00e3o Sebasti\u00e3o do Para\u00edso, no Sul de Minas, em parceria com a\u00a0startup\u00a0UP Vendas.<\/p>\n<p>Unindo conhecimentos produzidos na academia e uma demanda real de mercado, a iniciativa otimiza a an\u00e1lise cadastral em plataformas de vendas, aumentando a aprova\u00e7\u00e3o de usu\u00e1rios sem comprometer a seguran\u00e7a.<\/p>\n<p>&#8220;A universidade sozinha n\u00e3o consegue fazer uma inova\u00e7\u00e3o que atinja o mercado. Quando a gente desenvolve um projeto em parceria com uma empresa, conseguimos que esse projeto atinja o mercado de maneira mais eficiente e r\u00e1pida\u201d, ressalta o professor e coordenador do projeto, Leonilson Kiyoshi Sato de Herval.<\/p>\n<p>Participante da terceira rodada, em 2024, do Compete Minas (Tr\u00edplice H\u00e9lice), a solu\u00e7\u00e3o recebeu mais de R$ 392 mil via Fapemig e j\u00e1 est\u00e1 sendo operada pela empresa. A tecnologia, inclusive, levou a UP Vendas a ser uma das finalistas da segunda edi\u00e7\u00e3o do Pr\u00eamio Impulsiona Startups, do Serasa Experian.<\/p>\n<p>&#8220;Esse projeto impacta Minas de tr\u00eas formas: gerando tecnologia para o estado; promovendo a parceria entre empresa, universidade e as cidades, gerando empregos; e beneficiando as revendedoras que utilizam nossas tecnologias&#8221;, afirma o CEO da startup Up Vendas, Francisco L\u00facio de Rodrigues Silva.<\/p>\n<p><strong>Programa j\u00e1 consolidado<\/strong><\/p>\n<p>Desde a primeira rodada, em 2022, por meio do Compete Minas, j\u00e1 foram empenhados mais de R$ 67,8 milh\u00f5es em quase 200 projetos aprovados no estado.<\/p>\n<p>Nesta nova rodada, as linhas \u201cTr\u00edplice H\u00e9lice\u201d e &#8220;Empresas, Cooperativas e Startups&#8221; anteriormente separadas, foram unificadas em um \u00fanico edital.<\/p>\n<p>Os interessados em participar do edital Fapemig 08\/2025 &#8211; Compete Minas devem submeter seus projetos por meio do\u00a0<a id=\"OWA8f48f238-a1c7-5c38-1697-ef520b15a7c6\" title=\"https:\/\/everest.fapemig.br\/Home\/login\" href=\"https:\/\/everest.fapemig.br\/Home\/login\" target=\"_blank\" rel=\"noopener noreferrer\" data-auth=\"NotApplicable\" data-linkindex=\"5\">Sistema Everest, da Fapemig<\/a>, at\u00e9 o dia 9\/7.<\/p>\n<p>Fonte: Ag\u00eancia Minas<\/p>\n","protected":false},"excerpt":{"rendered":"<p>O\u00a0Governo de Minas\u00a0lan\u00e7ou a quarta rodada do\u00a0Compete Minas, nesta segunda-feira (26\/5), no audit\u00f3rio da\u00a0Funda\u00e7\u00e3o de Amparo \u00e0 Pesquisa do Estado de Minas Gerais (Fapemig), parceira da\u00a0Secretaria de Estado de Desenvolvimento Econ\u00f4mico (Sede-MG)\u00a0na coordena\u00e7\u00e3o do programa. Est\u00e3o sendo disponibilizados R$ 50 milh\u00f5es em subven\u00e7\u00e3o econ\u00f4mica (recursos n\u00e3o-reembols\u00e1veis). A nova chamada apoia projetos de pesquisa, desenvolvimento tecnol\u00f3gico [&hellip;]<\/p>\n","protected":false},"author":246,"featured_media":228484,"comment_status":"closed","ping_status":"closed","sticky":false,"template":"","format":"standard","meta":{"footnotes":""},"categories":[436,440,261,254,439],"tags":[],"class_list":["post-228483","post","type-post","status-publish","format-standard","has-post-thumbnail","hentry","category-destaque-da-semana","category-destaques-do-dia","category-economia","category-politica","category-ultima-hora"],"_links":{"self":[{"href":"https:\/\/diarioregionaldigital.com.br\/index.php?rest_route=\/wp\/v2\/posts\/228483","targetHints":{"allow":["GET"]}}],"collection":[{"href":"https:\/\/diarioregionaldigital.com.br\/index.php?rest_route=\/wp\/v2\/posts"}],"about":[{"href":"https:\/\/diarioregionaldigital.com.br\/index.php?rest_route=\/wp\/v2\/types\/post"}],"author":[{"embeddable":true,"href":"https:\/\/diarioregionaldigital.com.br\/index.php?rest_route=\/wp\/v2\/users\/246"}],"replies":[{"embeddable":true,"href":"https:\/\/diarioregionaldigital.com.br\/index.php?rest_route=%2Fwp%2Fv2%2Fcomments&post=228483"}],"version-history":[{"count":1,"href":"https:\/\/diarioregionaldigital.com.br\/index.php?rest_route=\/wp\/v2\/posts\/228483\/revisions"}],"predecessor-version":[{"id":228485,"href":"https:\/\/diarioregionaldigital.com.br\/index.php?rest_route=\/wp\/v2\/posts\/228483\/revisions\/228485"}],"wp:featuredmedia":[{"embeddable":true,"href":"https:\/\/diarioregionaldigital.com.br\/index.php?rest_route=\/wp\/v2\/media\/228484"}],"wp:attachment":[{"href":"https:\/\/diarioregionaldigital.com.br\/index.php?rest_route=%2Fwp%2Fv2%2Fmedia&parent=228483"}],"wp:term":[{"taxonomy":"category","embeddable":true,"href":"https:\/\/diarioregionaldigital.com.br\/index.php?rest_route=%2Fwp%2Fv2%2Fcategories&post=228483"},{"taxonomy":"post_tag","embeddable":true,"href":"https:\/\/diarioregionaldigital.com.br\/index.php?rest_route=%2Fwp%2Fv2%2Ftags&post=228483"}],"curies":[{"name":"wp","href":"https:\/\/api.w.org\/{rel}","templated":true}]}}