{"id":228477,"date":"2025-05-23T20:39:44","date_gmt":"2025-05-23T23:39:44","guid":{"rendered":"https:\/\/diarioregionaldigital.com.br\/?p=228477"},"modified":"2025-05-23T20:39:44","modified_gmt":"2025-05-23T23:39:44","slug":"fiscalizacao-apreende-mais-de-400-produtos-comercializados-irregularmente-pela-operacao-comercio-legal","status":"publish","type":"post","link":"https:\/\/diarioregionaldigital.com.br\/?p=228477","title":{"rendered":"Fiscaliza\u00e7\u00e3o apreende mais de 400 produtos comercializados irregularmente pela Opera\u00e7\u00e3o Com\u00e9rcio Legal"},"content":{"rendered":"<p>Segundo informa\u00e7\u00f5es do site da Prefeitura de Juiz de Fora (PJF), a PJF, por meio da Fiscaliza\u00e7\u00e3o de Posturas da Secretaria de Desenvolvimento Urbano com Participa\u00e7\u00e3o Popular (SEDUPP), realizou a apreens\u00e3o de 481 produtos que seriam comercializados de maneira irregular no Centro. Os produtos foram apreendidos nas avenidas Bar\u00e3o do Rio Branco e Get\u00falio Vargas e rua Marechal Deodoro. A a\u00e7\u00e3o faz parte da opera\u00e7\u00e3o Com\u00e9rcio Legal, que atua no combate \u00e0 venda de produtos sem proced\u00eancia.<\/p>\n<p>Foram apreendidos 350 pares de meias, 89 acess\u00f3rios e 42 vidros de perfumes. Os produtos estavam sendo comercializados sem a licen\u00e7a da PJF e sem qualquer informa\u00e7\u00e3o sobre a origem, como nota fiscal, ou composi\u00e7\u00e3o dos itens. A pr\u00e1tica de venda de perfumes, representa um risco aos consumidores que podem conter subst\u00e2ncias nocivas \u00e0 sa\u00fade.<\/p>\n<p>Caso o vendedor irregular queira retomar a mercadoria apreendida, o procedimento \u00e9: procurar a fiscaliza\u00e7\u00e3o, apresentar documentos de origem dos produtos e pagar multa.O objetivo dessas interven\u00e7\u00f5es \u00e9 combater o com\u00e9rcio irregular na \u00e1rea central, garantir os direitos dos consumidores e assegurar o cumprimento do edital de licita\u00e7\u00e3o para o com\u00e9rcio popular. Conforme previsto no C\u00f3digo de Posturas do Munic\u00edpio, os materiais apreendidos devem ser doados, caso n\u00e3o sejam retomados pelos vendedores irregulares. .<\/p>\n<div><\/div>\n","protected":false},"excerpt":{"rendered":"<p>Segundo informa\u00e7\u00f5es do site da Prefeitura de Juiz de Fora (PJF), a PJF, por meio da Fiscaliza\u00e7\u00e3o de Posturas da Secretaria de Desenvolvimento Urbano com Participa\u00e7\u00e3o Popular (SEDUPP), realizou a apreens\u00e3o de 481 produtos que seriam comercializados de maneira irregular no Centro. Os produtos foram apreendidos nas avenidas Bar\u00e3o do Rio Branco e Get\u00falio Vargas [&hellip;]<\/p>\n","protected":false},"author":246,"featured_media":228478,"comment_status":"closed","ping_status":"closed","sticky":false,"template":"","format":"standard","meta":{"footnotes":""},"categories":[253,436,440,439],"tags":[],"class_list":["post-228477","post","type-post","status-publish","format-standard","has-post-thumbnail","hentry","category-cidade","category-destaque-da-semana","category-destaques-do-dia","category-ultima-hora"],"_links":{"self":[{"href":"https:\/\/diarioregionaldigital.com.br\/index.php?rest_route=\/wp\/v2\/posts\/228477","targetHints":{"allow":["GET"]}}],"collection":[{"href":"https:\/\/diarioregionaldigital.com.br\/index.php?rest_route=\/wp\/v2\/posts"}],"about":[{"href":"https:\/\/diarioregionaldigital.com.br\/index.php?rest_route=\/wp\/v2\/types\/post"}],"author":[{"embeddable":true,"href":"https:\/\/diarioregionaldigital.com.br\/index.php?rest_route=\/wp\/v2\/users\/246"}],"replies":[{"embeddable":true,"href":"https:\/\/diarioregionaldigital.com.br\/index.php?rest_route=%2Fwp%2Fv2%2Fcomments&post=228477"}],"version-history":[{"count":1,"href":"https:\/\/diarioregionaldigital.com.br\/index.php?rest_route=\/wp\/v2\/posts\/228477\/revisions"}],"predecessor-version":[{"id":228479,"href":"https:\/\/diarioregionaldigital.com.br\/index.php?rest_route=\/wp\/v2\/posts\/228477\/revisions\/228479"}],"wp:featuredmedia":[{"embeddable":true,"href":"https:\/\/diarioregionaldigital.com.br\/index.php?rest_route=\/wp\/v2\/media\/228478"}],"wp:attachment":[{"href":"https:\/\/diarioregionaldigital.com.br\/index.php?rest_route=%2Fwp%2Fv2%2Fmedia&parent=228477"}],"wp:term":[{"taxonomy":"category","embeddable":true,"href":"https:\/\/diarioregionaldigital.com.br\/index.php?rest_route=%2Fwp%2Fv2%2Fcategories&post=228477"},{"taxonomy":"post_tag","embeddable":true,"href":"https:\/\/diarioregionaldigital.com.br\/index.php?rest_route=%2Fwp%2Fv2%2Ftags&post=228477"}],"curies":[{"name":"wp","href":"https:\/\/api.w.org\/{rel}","templated":true}]}}