{"id":228474,"date":"2025-05-23T20:38:47","date_gmt":"2025-05-23T23:38:47","guid":{"rendered":"https:\/\/diarioregionaldigital.com.br\/?p=228474"},"modified":"2025-05-23T20:38:47","modified_gmt":"2025-05-23T23:38:47","slug":"campeoes-dos-intercolegiais-de-jf-disputam-jogos-escolares-de-mg","status":"publish","type":"post","link":"https:\/\/diarioregionaldigital.com.br\/?p=228474","title":{"rendered":"Campe\u00f5es dos Intercolegiais de JF disputam Jogos Escolares de MG"},"content":{"rendered":"<p>Segundo informa\u00e7\u00f5es do site da Prefeitura de Juiz de Fora (PJF),\u00a0 os campe\u00f5es de cada modalidade dos Jogos Intercolegiais de Juiz de Fora, promovidos pela Prefeitura de Juiz de Fora (PJF), participam nesta semana da etapa microrregional dos Jogos Escolares de Minas Gerais (JEMG). As competi\u00e7\u00f5es seguem at\u00e9 domingo, 25.<\/p>\n<p>Juiz de Fora est\u00e1 entre as 30 cidades mineiras que integram esta fase do JEMG.Nesta etapa, participam estudantes das modalidades coletivas \u2014 basquetebol, futsal, handebol e voleibol \u2014 e xadrez, com competi\u00e7\u00f5es masculina e feminina. Os campe\u00f5es de cada modalidade coletiva, assim como os quatro primeiros colocados no xadrez, garantem vaga na etapa regional.<\/p>\n<p>Al\u00e9m de Juiz de Fora, participam da microrregional:\u00a0 Arantina, Belmiro Braga, Bicas, Bom Jardim de Minas, Ch\u00e1cara, Chiador, Coronel Pacheco, Descoberto, Ewbank da C\u00e2mara, Goian\u00e1, Guarar\u00e1, Lima Duarte, Mar de Espanha, Marip\u00e1 de Minas, Matias Barbosa, Olaria, Pedro Teixeira, Pequeri, Piau, Rio Novo, Rio Preto, Rochedo de Minas, Santa B\u00e1rbara do Monte Verde, Santa Rita do Jacutinga, Santana do Deserto, Santos Dumont, S\u00e3o Jo\u00e3o Nepomuceno, Senador Cortes e Sim\u00e3o Pereira.<\/p>\n<p><strong>Pr\u00f3ximas etapas<\/strong><\/p>\n<p>A etapa regional da Zona da Mata ser\u00e1 realizada em S\u00e3o Jo\u00e3o Del Rey, entre 23 a 29 julho, com competi\u00e7\u00f5es de atletismo, basquetebol, basquete 3\u00d73, futsal, handebol, voleibol e xadrez. Nela, competem as escolas inscritas das cidades-sede, bem como os vencedores da etapa microrregional nas modalidades coletivas e os quatro melhores classificados no xadrez.<\/p>\n<p>J\u00e1 a etapa final, os Jogos Escolares Brasileiros (JEBs), indicar\u00e1 as escolas e os estudantes-atletas que representar\u00e3o o estado nas etapas nacionais. Nesta fase, acontecem as finais das modalidades coletivas com a participa\u00e7\u00e3o das escolas campe\u00e3s das seis regionais, al\u00e9m dos quatro primeiros colocados no xadrez, em cada m\u00f3dulo e naipe. Tamb\u00e9m s\u00e3o realizadas as disputas das modalidades individuais e paral\u00edmpicas.<\/p>\n<p><strong>Modalidades\u00a0<\/strong><\/p>\n<p>Atletismo, badminton, basquetebol, basquete 3\u00d73, ciclismo, futsal, gin\u00e1stica art\u00edstica, gin\u00e1stica r\u00edtmica, handebol, jud\u00f4, karat\u00ea, nata\u00e7\u00e3o, taekwondo, t\u00eanis de mesa, voleibol, voleibol de praia e xadrez.<\/p>\n<p>As modalidades paral\u00edmpicas incluem atletismo PCD, basquete em cadeira de rodas, bocha, futebol de 5, futebol de 7 (PCD), goalball, halterofilismo, jud\u00f4 PCD, nata\u00e7\u00e3o PCD, parabadminton, t\u00eanis de mesa PCD, t\u00eanis em cadeira de rodas e voleibol sentado.<\/p>\n","protected":false},"excerpt":{"rendered":"<p>Segundo informa\u00e7\u00f5es do site da Prefeitura de Juiz de Fora (PJF),\u00a0 os campe\u00f5es de cada modalidade dos Jogos Intercolegiais de Juiz de Fora, promovidos pela Prefeitura de Juiz de Fora (PJF), participam nesta semana da etapa microrregional dos Jogos Escolares de Minas Gerais (JEMG). As competi\u00e7\u00f5es seguem at\u00e9 domingo, 25. Juiz de Fora est\u00e1 entre [&hellip;]<\/p>\n","protected":false},"author":246,"featured_media":228475,"comment_status":"closed","ping_status":"closed","sticky":false,"template":"","format":"standard","meta":{"footnotes":""},"categories":[253,436,257,439],"tags":[],"class_list":["post-228474","post","type-post","status-publish","format-standard","has-post-thumbnail","hentry","category-cidade","category-destaque-da-semana","category-esporte","category-ultima-hora"],"_links":{"self":[{"href":"https:\/\/diarioregionaldigital.com.br\/index.php?rest_route=\/wp\/v2\/posts\/228474","targetHints":{"allow":["GET"]}}],"collection":[{"href":"https:\/\/diarioregionaldigital.com.br\/index.php?rest_route=\/wp\/v2\/posts"}],"about":[{"href":"https:\/\/diarioregionaldigital.com.br\/index.php?rest_route=\/wp\/v2\/types\/post"}],"author":[{"embeddable":true,"href":"https:\/\/diarioregionaldigital.com.br\/index.php?rest_route=\/wp\/v2\/users\/246"}],"replies":[{"embeddable":true,"href":"https:\/\/diarioregionaldigital.com.br\/index.php?rest_route=%2Fwp%2Fv2%2Fcomments&post=228474"}],"version-history":[{"count":1,"href":"https:\/\/diarioregionaldigital.com.br\/index.php?rest_route=\/wp\/v2\/posts\/228474\/revisions"}],"predecessor-version":[{"id":228476,"href":"https:\/\/diarioregionaldigital.com.br\/index.php?rest_route=\/wp\/v2\/posts\/228474\/revisions\/228476"}],"wp:featuredmedia":[{"embeddable":true,"href":"https:\/\/diarioregionaldigital.com.br\/index.php?rest_route=\/wp\/v2\/media\/228475"}],"wp:attachment":[{"href":"https:\/\/diarioregionaldigital.com.br\/index.php?rest_route=%2Fwp%2Fv2%2Fmedia&parent=228474"}],"wp:term":[{"taxonomy":"category","embeddable":true,"href":"https:\/\/diarioregionaldigital.com.br\/index.php?rest_route=%2Fwp%2Fv2%2Fcategories&post=228474"},{"taxonomy":"post_tag","embeddable":true,"href":"https:\/\/diarioregionaldigital.com.br\/index.php?rest_route=%2Fwp%2Fv2%2Ftags&post=228474"}],"curies":[{"name":"wp","href":"https:\/\/api.w.org\/{rel}","templated":true}]}}