{"id":228467,"date":"2025-05-23T20:35:46","date_gmt":"2025-05-23T23:35:46","guid":{"rendered":"https:\/\/diarioregionaldigital.com.br\/?p=228467"},"modified":"2025-05-23T20:35:46","modified_gmt":"2025-05-23T23:35:46","slug":"camara-aprova-projeto-que-reajusta-salarios-de-servidores-publicos","status":"publish","type":"post","link":"https:\/\/diarioregionaldigital.com.br\/?p=228467","title":{"rendered":"C\u00e2mara aprova projeto que reajusta sal\u00e1rios de servidores p\u00fablicos"},"content":{"rendered":"<p>Por<strong>\u00a0388 votos a 43<\/strong>, a\u00a0<strong>C\u00e2mara dos Deputados aprovou nesta quarta-feira (21) \u00e0 noite o projeto de lei que reajusta os sal\u00e1rios de v\u00e1rias categorias dos servidores p\u00fablicos federais<\/strong>.<img decoding=\"async\" src=\"https:\/\/agenciabrasil.ebc.com.br\/ebc.png?id=1643655&amp;o=node\" \/><img decoding=\"async\" src=\"https:\/\/agenciabrasil.ebc.com.br\/ebc.gif?id=1643655&amp;o=node\" \/><\/p>\n<p>Por\u00a0<strong>falta de acordo<\/strong>, no entanto,\u00a0<strong>o texto foi fatiado, e parte da reestrutura\u00e7\u00e3o de carreiras ficar\u00e1 para o grupo de trabalho que discutir\u00e1 a reforma administrativa<\/strong>.<\/p>\n<p>O\u00a0<strong>texto segue para o Senado<\/strong>. Com<strong>\u00a0impacto de R$ 17,9 bilh\u00f5es em 2025 e de R$ 8,5 bilh\u00f5es em 2026<\/strong>, os<strong>\u00a0reajustes diferenciados por categorias cumprem acordos acertados com as diversas categorias de servidores no ano passado<\/strong>.<\/p>\n<p>Para as\u00a0<strong>categorias sem acordo ou sem negocia\u00e7\u00e3o<\/strong>, o\u00a0<strong>texto concede aumento de 9% em 2025 e de 9% em 2026<\/strong>.<\/p>\n<p><a href=\"https:\/\/www.whatsapp.com\/channel\/0029VaoRTgrInlqYLSk59B2M\" target=\"_blank\" rel=\"noopener\">&gt;&gt; Siga o canal da\u00a0<strong>Ag\u00eancia Brasil\u00a0<\/strong>no WhatsApp<\/a><\/p>\n<p>Por causa do atraso na aprova\u00e7\u00e3o do Or\u00e7amento deste ano, o\u00a0<a href=\"https:\/\/agenciabrasil.ebc.com.br\/politica\/noticia\/2025-03\/reajuste-de-servidores-federais-sera-pago-em-maio-garante-governo\" target=\"_blank\" rel=\"noopener\"><strong>reajuste come\u00e7ou a ser pago em maio<\/strong><\/a>, de\u00a0<strong>forma retroativa a janeiro<\/strong>.<\/p>\n<p>No entanto, o Congresso corre contra o tempo para aprovar o projeto porque a\u00a0<strong>medida provis\u00f3ria (MP) que originou o projeto de lei perde a validade em 2 de junho<\/strong>.<\/p>\n<p>No fim do ano passado, o governo publicou a\u00a0<a href=\"https:\/\/agenciabrasil.ebc.com.br\/politica\/noticia\/2024-12\/mp-sobre-salarios-carreiras-e-cargos-consolida-acordo-com-servidores\" target=\"_blank\" rel=\"noopener\">Medida Provis\u00f3ria 1286\/24<\/a>, com os reajustes e a reestrutura\u00e7\u00e3o de carreiras no servi\u00e7o p\u00fablico. No entanto, em abril, o texto foi transformado em projeto de lei em regime de urg\u00eancia por um impasse entre a C\u00e2mara e o Senado na tramita\u00e7\u00e3o de MPs.<\/p>\n<h2>Reforma administrativa<\/h2>\n<p>Diante da press\u00e3o de v\u00e1rias categorias e da falta de acordo, a\u00a0<strong>C\u00e2mara decidiu deixar parte da reestrutura\u00e7\u00e3o de carreiras para a reforma administrativa<\/strong>.\u00a0<strong>Somente as reestrutura\u00e7\u00f5es que constam do texto original foram aprovadas<\/strong>, mas as sugest\u00f5es inclu\u00eddas durante a tramita\u00e7\u00e3o na Casa ficaram para o grupo de trabalho.<\/p>\n<p>Os\u00a0<strong>deputados rejeitaram cerca de 60 emendas<\/strong>, mas aprovaram uma que evitou a inclus\u00e3o de 27 carreiras ou plano de cargos no Sistema de Desenvolvimento da Carreira (Sidec), que unifica as regras para incorporar gratifica\u00e7\u00f5es com base em avalia\u00e7\u00f5es de desempenho.<\/p>\n<p>Com 45 dias para apresentar uma proposta e um representante de cada partido, o\u00a0<strong>grupo de trabalho da reforma administrativa discutir\u00e1 os seguintes temas<\/strong>:<\/p>\n<ul>\n<li>progress\u00e3o funcional;<\/li>\n<li>enquadramentos;<\/li>\n<li>altera\u00e7\u00f5es de nomenclatura de cargos;<\/li>\n<li>concess\u00f5es de outros reajustes;<\/li>\n<li>cria\u00e7\u00e3o de carreiras n\u00e3o previstas no texto original.<\/li>\n<\/ul>\n<p>&nbsp;<\/p>\n<p>Fonte: Ag\u00eancia Brasil\/Ag\u00eancia C\u00e2mara<\/p>\n","protected":false},"excerpt":{"rendered":"<p>Por\u00a0388 votos a 43, a\u00a0C\u00e2mara dos Deputados aprovou nesta quarta-feira (21) \u00e0 noite o projeto de lei que reajusta os sal\u00e1rios de v\u00e1rias categorias dos servidores p\u00fablicos federais. Por\u00a0falta de acordo, no entanto,\u00a0o texto foi fatiado, e parte da reestrutura\u00e7\u00e3o de carreiras ficar\u00e1 para o grupo de trabalho que discutir\u00e1 a reforma administrativa. O\u00a0texto segue [&hellip;]<\/p>\n","protected":false},"author":246,"featured_media":228468,"comment_status":"closed","ping_status":"closed","sticky":false,"template":"","format":"standard","meta":{"footnotes":""},"categories":[436,261,254,439],"tags":[],"class_list":["post-228467","post","type-post","status-publish","format-standard","has-post-thumbnail","hentry","category-destaque-da-semana","category-economia","category-politica","category-ultima-hora"],"_links":{"self":[{"href":"https:\/\/diarioregionaldigital.com.br\/index.php?rest_route=\/wp\/v2\/posts\/228467","targetHints":{"allow":["GET"]}}],"collection":[{"href":"https:\/\/diarioregionaldigital.com.br\/index.php?rest_route=\/wp\/v2\/posts"}],"about":[{"href":"https:\/\/diarioregionaldigital.com.br\/index.php?rest_route=\/wp\/v2\/types\/post"}],"author":[{"embeddable":true,"href":"https:\/\/diarioregionaldigital.com.br\/index.php?rest_route=\/wp\/v2\/users\/246"}],"replies":[{"embeddable":true,"href":"https:\/\/diarioregionaldigital.com.br\/index.php?rest_route=%2Fwp%2Fv2%2Fcomments&post=228467"}],"version-history":[{"count":2,"href":"https:\/\/diarioregionaldigital.com.br\/index.php?rest_route=\/wp\/v2\/posts\/228467\/revisions"}],"predecessor-version":[{"id":228470,"href":"https:\/\/diarioregionaldigital.com.br\/index.php?rest_route=\/wp\/v2\/posts\/228467\/revisions\/228470"}],"wp:featuredmedia":[{"embeddable":true,"href":"https:\/\/diarioregionaldigital.com.br\/index.php?rest_route=\/wp\/v2\/media\/228468"}],"wp:attachment":[{"href":"https:\/\/diarioregionaldigital.com.br\/index.php?rest_route=%2Fwp%2Fv2%2Fmedia&parent=228467"}],"wp:term":[{"taxonomy":"category","embeddable":true,"href":"https:\/\/diarioregionaldigital.com.br\/index.php?rest_route=%2Fwp%2Fv2%2Fcategories&post=228467"},{"taxonomy":"post_tag","embeddable":true,"href":"https:\/\/diarioregionaldigital.com.br\/index.php?rest_route=%2Fwp%2Fv2%2Ftags&post=228467"}],"curies":[{"name":"wp","href":"https:\/\/api.w.org\/{rel}","templated":true}]}}