{"id":228463,"date":"2025-05-23T20:33:42","date_gmt":"2025-05-23T23:33:42","guid":{"rendered":"https:\/\/diarioregionaldigital.com.br\/?p=228463"},"modified":"2025-05-23T20:33:42","modified_gmt":"2025-05-23T23:33:42","slug":"inss-volta-a-autorizar-emprestimos-mediante-cadastramento-biometrico","status":"publish","type":"post","link":"https:\/\/diarioregionaldigital.com.br\/?p=228463","title":{"rendered":"INSS volta a autorizar empr\u00e9stimos mediante cadastramento biom\u00e9trico"},"content":{"rendered":"<p>A partir desta sexta-feira (23), os benefici\u00e1rios do Instituto Nacional do Seguro Social (INSS) que quiserem contratar novos empr\u00e9stimos consignados ter\u00e3o que cadastrar seus dados biom\u00e9tricos na plataforma Meu INSS, na internet.<img decoding=\"async\" src=\"https:\/\/agenciabrasil.ebc.com.br\/ebc.png?id=1643906&amp;o=node\" \/><img decoding=\"async\" src=\"https:\/\/agenciabrasil.ebc.com.br\/ebc.gif?id=1643906&amp;o=node\" \/><\/p>\n<p>A medida de seguran\u00e7a foi anunciada na \u00faltima segunda-feira (19), por meio de um despacho\u00a0<a href=\"https:\/\/agenciabrasil.ebc.com.br\/geral\/noticia\/2025-05\/inss-exigira-identificacao-biometrica-para-desbloquear-consignados\" target=\"_blank\" rel=\"noopener\">publicado no<em>\u00a0Di\u00e1rio Oficial da Uni\u00e3o<\/em><\/a>.<\/p>\n<p>Assinado pelo presidente do instituto, Gilberto Waller Junior, o documento estabelece que a identifica\u00e7\u00e3o biom\u00e9trica de aposentados e pensionistas do Regime Geral da Previd\u00eancia Social atende \u00e0 necessidade de avalia\u00e7\u00e3o do servi\u00e7o de\u00a0<strong>desbloqueio de benef\u00edcios para empr\u00e9stimos consignados<\/strong>, com o\u00a0<strong>objetivo de mapear vulnerabilidades operacionais e implementar medidas corretivas e aprimoramentos, garantindo maior seguran\u00e7a e conformidade aos processos envolvidos.<\/strong><\/p>\n<p>A concess\u00e3o de novas autoriza\u00e7\u00f5es para empr\u00e9stimos consignados para aposentados e pensionistas\u00a0<a href=\"https:\/\/agenciabrasil.ebc.com.br\/geral\/noticia\/2025-05\/inss-bloqueia-novas-autorizacoes-de-emprestimo-consignado-pensionistas\" target=\"_blank\" rel=\"noopener\">estava bloqueada<\/a>\u00a0desde o \u00faltimo dia 8.<\/p>\n<p><a href=\"https:\/\/www.whatsapp.com\/channel\/0029VaoRTgrInlqYLSk59B2M\" target=\"_blank\" rel=\"noopener\">&gt;&gt; Siga o canal da<strong>\u00a0Ag\u00eancia Brasil n<\/strong>o WhatsApp<\/a><\/p>\n<p>Anunciado em meio \u00e0s investiga\u00e7\u00f5es de irregularidades na cobran\u00e7a de mensalidades associativas e empr\u00e9stimos consignados, o\u00a0<strong>bloqueio\u00a0<\/strong>atendeu a uma\u00a0<strong>determina\u00e7\u00e3o do Tribunal de Contas da Uni\u00e3o (TCU), de junho do ano passado.<\/strong><\/p>\n<p>Ao apurar den\u00fancias de descontos n\u00e3o autorizados por aposentados e pensionistas e encontrar ind\u00edcios de irregularidades, o\u00a0<strong>TCU determinou que o INSS s\u00f3 permitisse as cobran\u00e7as em folha em favor de sindicatos e entidades sociais\u00a0<\/strong>mediante a obten\u00e7\u00e3o e confer\u00eancia da assinatura eletr\u00f4nica avan\u00e7ada e dados biom\u00e9tricos do benefici\u00e1rio<strong>.<\/strong>\u00a0A determina\u00e7\u00e3o valia tanto para as mensalidades de filia\u00e7\u00e3o \u00e0s entidades, quanto para empr\u00e9stimos consignados.<\/p>\n<p>O\u00a0<strong>instituto<\/strong>\u00a0recorreu das determina\u00e7\u00f5es, alegando, entre outras coisas, que as autoriza\u00e7\u00f5es para empr\u00e9stimos consignados j\u00e1 passavam por mecanismos de controle mais eficazes que aqueles a que s\u00e3o submetidas autoriza\u00e7\u00f5es para descontos de mensalidades associativas em folha. No entanto, um dia antes do INSS anunciar o bloqueio dos consignados, o TCU negou o recurso, mantendo as determina\u00e7\u00f5es.<\/p>\n<p>O\u00a0<strong>INSS alerta que n\u00e3o realiza atendimento por meio de redes sociais ou aplicativos como o WhatsApp<\/strong>, nem pede aos benefici\u00e1rios enviem documentos pessoais, fotos, senhas ou dados banc\u00e1rios por estes canais de comunica\u00e7\u00e3o. Todos os servi\u00e7os e informa\u00e7\u00f5es sobre\u00a0<strong>benef\u00edcios devem ser acessados apenas pelos canais oficiais<\/strong>, como o\u00a0<a href=\"http:\/\/gov.br\/meuinss\" target=\"_blank\" rel=\"noopener\"><em>site<\/em><\/a>, o Aplicativo Meu INSS ou o telefone 135.<\/p>\n<p>Fonte: Ag\u00eancia Brasil<\/p>\n","protected":false},"excerpt":{"rendered":"<p>A partir desta sexta-feira (23), os benefici\u00e1rios do Instituto Nacional do Seguro Social (INSS) que quiserem contratar novos empr\u00e9stimos consignados ter\u00e3o que cadastrar seus dados biom\u00e9tricos na plataforma Meu INSS, na internet. A medida de seguran\u00e7a foi anunciada na \u00faltima segunda-feira (19), por meio de um despacho\u00a0publicado no\u00a0Di\u00e1rio Oficial da Uni\u00e3o. Assinado pelo presidente do [&hellip;]<\/p>\n","protected":false},"author":246,"featured_media":228464,"comment_status":"closed","ping_status":"closed","sticky":false,"template":"","format":"standard","meta":{"footnotes":""},"categories":[436,261,254,439],"tags":[],"class_list":["post-228463","post","type-post","status-publish","format-standard","has-post-thumbnail","hentry","category-destaque-da-semana","category-economia","category-politica","category-ultima-hora"],"_links":{"self":[{"href":"https:\/\/diarioregionaldigital.com.br\/index.php?rest_route=\/wp\/v2\/posts\/228463","targetHints":{"allow":["GET"]}}],"collection":[{"href":"https:\/\/diarioregionaldigital.com.br\/index.php?rest_route=\/wp\/v2\/posts"}],"about":[{"href":"https:\/\/diarioregionaldigital.com.br\/index.php?rest_route=\/wp\/v2\/types\/post"}],"author":[{"embeddable":true,"href":"https:\/\/diarioregionaldigital.com.br\/index.php?rest_route=\/wp\/v2\/users\/246"}],"replies":[{"embeddable":true,"href":"https:\/\/diarioregionaldigital.com.br\/index.php?rest_route=%2Fwp%2Fv2%2Fcomments&post=228463"}],"version-history":[{"count":2,"href":"https:\/\/diarioregionaldigital.com.br\/index.php?rest_route=\/wp\/v2\/posts\/228463\/revisions"}],"predecessor-version":[{"id":228466,"href":"https:\/\/diarioregionaldigital.com.br\/index.php?rest_route=\/wp\/v2\/posts\/228463\/revisions\/228466"}],"wp:featuredmedia":[{"embeddable":true,"href":"https:\/\/diarioregionaldigital.com.br\/index.php?rest_route=\/wp\/v2\/media\/228464"}],"wp:attachment":[{"href":"https:\/\/diarioregionaldigital.com.br\/index.php?rest_route=%2Fwp%2Fv2%2Fmedia&parent=228463"}],"wp:term":[{"taxonomy":"category","embeddable":true,"href":"https:\/\/diarioregionaldigital.com.br\/index.php?rest_route=%2Fwp%2Fv2%2Fcategories&post=228463"},{"taxonomy":"post_tag","embeddable":true,"href":"https:\/\/diarioregionaldigital.com.br\/index.php?rest_route=%2Fwp%2Fv2%2Ftags&post=228463"}],"curies":[{"name":"wp","href":"https:\/\/api.w.org\/{rel}","templated":true}]}}