{"id":228454,"date":"2025-05-23T20:29:53","date_gmt":"2025-05-23T23:29:53","guid":{"rendered":"https:\/\/diarioregionaldigital.com.br\/?p=228454"},"modified":"2025-05-23T20:29:53","modified_gmt":"2025-05-23T23:29:53","slug":"a-uma-semana-do-fim-do-prazo-um-terco-dos-brasileiros-nao-declarou-ir","status":"publish","type":"post","link":"https:\/\/diarioregionaldigital.com.br\/?p=228454","title":{"rendered":"A uma semana do fim do prazo, um ter\u00e7o dos brasileiros n\u00e3o declarou IR"},"content":{"rendered":"<p><strong>A uma semana do fim do prazo, um ter\u00e7o dos contribuintes ainda n\u00e3o acertou as contas com o Le\u00e3o. At\u00e9 as 18h desta sexta-feira (23), 30.328.822 de contribuintes tinham enviado a Declara\u00e7\u00e3o Imposto de Renda Pessoa F\u00edsica (IRPF) \u00e0 Receita Federal. O n\u00famero equivale a 65,65% do total esperado para este ano.<\/strong><img decoding=\"async\" src=\"https:\/\/agenciabrasil.ebc.com.br\/ebc.png?id=1643984&amp;o=node\" \/><img decoding=\"async\" src=\"https:\/\/agenciabrasil.ebc.com.br\/ebc.gif?id=1643984&amp;o=node\" \/><\/p>\n<p>Segundo a Receita Federal, 62,6% das declara\u00e7\u00f5es entregues at\u00e9 agora ter\u00e3o direito a receber restitui\u00e7\u00e3o, enquanto 20,2% ter\u00e3o que pagar Imposto de Renda e 17,2% n\u00e3o ter\u00e3o imposto a pagar nem a receber. A maioria dos documentos foi preenchida pelo programa de computador (83,6%), mas 10,9% dos contribuintes recorreram ao preenchimento\u00a0<em>online<\/em>, que deixa o rascunho da declara\u00e7\u00e3o salvo nos computadores do Fisco (nuvem da Receita), e 5,5% declaram pelo aplicativo Meu Imposto de Renda para\u00a0<em>smartphones\u00a0<\/em>e\u00a0<em>tablets.<\/em><\/p>\n<p>Um total de 48,4% dos contribuintes que entregaram o documento \u00e0 Receita Federal usou a declara\u00e7\u00e3o pr\u00e9-preenchida, por meio da qual o declarante baixa uma vers\u00e3o preliminar do documento, bastando confirmar as informa\u00e7\u00f5es ou retificar os dados. A op\u00e7\u00e3o de desconto simplificado representa 56,4% dos envios.<\/p>\n<p><strong>Desde 1\u00ba de abril, a declara\u00e7\u00e3o pr\u00e9-preenchida passou a ser baixada com todos os dados dispon\u00edveis. O abastecimento dos dados da declara\u00e7\u00e3o pr\u00e9-preenchida atrasou neste ano por causa da greve dos auditores fiscais da Receita.<\/strong><\/p>\n<p>O prazo para entregar a declara\u00e7\u00e3o come\u00e7ou em 17 de mar\u00e7o e termina \u00e0s 23h59min59s do dia de 30 de maio. O programa gerador da declara\u00e7\u00e3o est\u00e1 dispon\u00edvel desde 13 de mar\u00e7o na p\u00e1gina\u00a0<a href=\"https:\/\/www.gov.br\/receitafederal\/pt-br\" target=\"_blank\" rel=\"noopener\">Meu Imposto de Renda<\/a>.<\/p>\n<p>A Receita Federal espera receber 46,2 milh\u00f5es de declara\u00e7\u00f5es do Imposto de Renda Pessoa F\u00edsica este ano, o que representar\u00e1 um acr\u00e9scimo de quase 7%, na compara\u00e7\u00e3o com 2024, quando foram entregues 43,2 milh\u00f5es de declara\u00e7\u00f5es.<\/p>\n<p><strong>As pessoas f\u00edsicas que receberam rendimentos tribut\u00e1veis acima de R$ 33.888, assim como aquelas que obtiveram receita bruta da atividade rural acima de R$ 169.440, s\u00e3o obrigadas a declarar. As pessoas que receberam at\u00e9 dois sal\u00e1rios m\u00ednimos mensais durante 2024 est\u00e3o dispensadas de fazer a declara\u00e7\u00e3o, salvo se se enquadrarem em outro crit\u00e9rio de obrigatoriedade.<\/p>\n<p><\/strong>Fonte: Ag\u00eancia Brasil<\/p>\n","protected":false},"excerpt":{"rendered":"<p>A uma semana do fim do prazo, um ter\u00e7o dos contribuintes ainda n\u00e3o acertou as contas com o Le\u00e3o. At\u00e9 as 18h desta sexta-feira (23), 30.328.822 de contribuintes tinham enviado a Declara\u00e7\u00e3o Imposto de Renda Pessoa F\u00edsica (IRPF) \u00e0 Receita Federal. O n\u00famero equivale a 65,65% do total esperado para este ano. Segundo a Receita [&hellip;]<\/p>\n","protected":false},"author":246,"featured_media":228455,"comment_status":"closed","ping_status":"closed","sticky":false,"template":"","format":"standard","meta":{"footnotes":""},"categories":[436,440,261,254,439],"tags":[],"class_list":["post-228454","post","type-post","status-publish","format-standard","has-post-thumbnail","hentry","category-destaque-da-semana","category-destaques-do-dia","category-economia","category-politica","category-ultima-hora"],"_links":{"self":[{"href":"https:\/\/diarioregionaldigital.com.br\/index.php?rest_route=\/wp\/v2\/posts\/228454","targetHints":{"allow":["GET"]}}],"collection":[{"href":"https:\/\/diarioregionaldigital.com.br\/index.php?rest_route=\/wp\/v2\/posts"}],"about":[{"href":"https:\/\/diarioregionaldigital.com.br\/index.php?rest_route=\/wp\/v2\/types\/post"}],"author":[{"embeddable":true,"href":"https:\/\/diarioregionaldigital.com.br\/index.php?rest_route=\/wp\/v2\/users\/246"}],"replies":[{"embeddable":true,"href":"https:\/\/diarioregionaldigital.com.br\/index.php?rest_route=%2Fwp%2Fv2%2Fcomments&post=228454"}],"version-history":[{"count":1,"href":"https:\/\/diarioregionaldigital.com.br\/index.php?rest_route=\/wp\/v2\/posts\/228454\/revisions"}],"predecessor-version":[{"id":228456,"href":"https:\/\/diarioregionaldigital.com.br\/index.php?rest_route=\/wp\/v2\/posts\/228454\/revisions\/228456"}],"wp:featuredmedia":[{"embeddable":true,"href":"https:\/\/diarioregionaldigital.com.br\/index.php?rest_route=\/wp\/v2\/media\/228455"}],"wp:attachment":[{"href":"https:\/\/diarioregionaldigital.com.br\/index.php?rest_route=%2Fwp%2Fv2%2Fmedia&parent=228454"}],"wp:term":[{"taxonomy":"category","embeddable":true,"href":"https:\/\/diarioregionaldigital.com.br\/index.php?rest_route=%2Fwp%2Fv2%2Fcategories&post=228454"},{"taxonomy":"post_tag","embeddable":true,"href":"https:\/\/diarioregionaldigital.com.br\/index.php?rest_route=%2Fwp%2Fv2%2Ftags&post=228454"}],"curies":[{"name":"wp","href":"https:\/\/api.w.org\/{rel}","templated":true}]}}