{"id":228449,"date":"2025-05-22T19:15:44","date_gmt":"2025-05-22T22:15:44","guid":{"rendered":"https:\/\/diarioregionaldigital.com.br\/?p=228449"},"modified":"2025-05-22T19:15:44","modified_gmt":"2025-05-22T22:15:44","slug":"edicao-juiz-de-fora-mg-do-conexao-na-pratica-promove-imersao-sobre-a-nova-lei-de-licitacoes","status":"publish","type":"post","link":"https:\/\/diarioregionaldigital.com.br\/?p=228449","title":{"rendered":"Edi\u00e7\u00e3o Juiz de Fora\/MG do \u201cConex\u00e3o na Pr\u00e1tica\u201d promove imers\u00e3o sobre a Nova Lei de Licita\u00e7\u00f5es"},"content":{"rendered":"<p>Segundo informa\u00e7\u00f5es do site da Prefeitura de Juiz de Fora (PJF),\u00a0 a\u00a0edi\u00e7\u00e3o Juiz de Fora\/MG do \u201cConex\u00e3o na Pr\u00e1tica\u201d aconteceu nesta ter\u00e7a, 20, e quarta,\u00a0 21, no Teatro Paschoal Carlos Magno, e abordou a implementa\u00e7\u00e3o da Lei 14.133\/21 nos munic\u00edpios, com o objetivo apresentar uma vis\u00e3o completa da legisla\u00e7\u00e3o, destacando sua aplica\u00e7\u00e3o pr\u00e1tica no cotidiano municipal, especialmente sobre a Fase de Planejamento nas Contrata\u00e7\u00f5es de Obras P\u00fablicas e Servi\u00e7os de Engenharia.<\/p>\n<p>O evento foi uma parceria do portal de Compras P\u00fablicas com a Prefeitura de Juiz de Fora (PJF), atrav\u00e9s da Secretaria de Licita\u00e7\u00f5es e Gest\u00e3o de Contratos (Selicon) e o escrit\u00f3rio Jacoby Fernandes e Reolon. Os palestrantes foram o\u00a0Engenheiro Civil e Advogado, especialista em licita\u00e7\u00f5es e contratos administrativos, autor de obras sobre o tema,\u00a0professor Paulo Reis;\u00a0o Analista do SEBRAE Minas, Paulo Ver\u00edssimo; a Instrutora do Portal de Compras P\u00fablicas,\u00a0 Michelle Veloso; o\u00a0 CEO do Portal de Compras P\u00fablicas, Leonardo Ladeira; a Secret\u00e1ria de Obras (SO) da Prefeitura Municipal de Juiz de Fora, Bruna Rocha e o Secret\u00e1rio de Licita\u00e7\u00f5es e Gest\u00e3o de Contratos (Selicon) da PJF, Luan David Gomes Ferreira.<\/p>\n<p>No primeiro dia, o professor Paulo Reis apontou sua experi\u00eancia em uma aula sobre seus 48 anos no servi\u00e7o p\u00fablico e 10 anos com licita\u00e7\u00f5es. A partir do tema: \u201cFase de Planejamento nas Contrata\u00e7\u00f5es de Obras P\u00fablicas e Servi\u00e7os de Engenharia\u201d, o professor destacou que: \u201ccostumamos dizer que engenharia n\u00e3o \u00e9 atividade final\u00edstica no servi\u00e7o p\u00fablico. De fato n\u00e3o \u00e9, mas ningu\u00e9m trabalha sem engenharia. Precisamos acabar com esse mito que existe em rela\u00e7\u00e3o a dificuldade de licitar obras e, com esse n\u00famero: dizem ser em torno de 14 mil obras p\u00fablicas n\u00e3o conclu\u00eddas no Brasil. Isso \u00e9 um crime e temos que aprender a n\u00e3o cometer esses erros.\u201d O professor destacou que apesar do roteiro apresentado, o di\u00e1logo e tirar as d\u00favidas que surgirem \u00e9 imprescind\u00edvel para um evento de sucesso.<\/p>\n<p>Em um painel, no segundo dia, o secret\u00e1rio da Selicon, Luan Ferreira, explicou como tem utilizado do marketplace a servi\u00e7o da gest\u00e3o p\u00fablica com a cria\u00e7\u00e3o de uma plataforma na qual ter\u00e3o servi\u00e7os ali j\u00e1 pr\u00e9-contratados e definidos dentro desse quadro de licita\u00e7\u00f5es, a fim de realizar as contra\u00e7\u00f5es de forma mais \u00e1gil e pr\u00e1tica. \u201cNossa ideia \u00e9 que o microempreendedor individual consiga atender a administra\u00e7\u00e3o nessas demandas. Com isso, a gente cria um ecossistema de servi\u00e7os que a administra\u00e7\u00e3o precisa com mais rapidez e que n\u00e3o seria razo\u00e1vel a contrata\u00e7\u00e3o desse servi\u00e7o pela forma tradicional. A gente vem utilizando o marketplace como, primeiro, uma forma de aproxima\u00e7\u00e3o do fornecedor local. Esse \u00e9 um desejo da gest\u00e3o, o dinheiro ficar na cidade. Segundo, \u00e9 uma forma de dar celeridade em demandas que precisam ser r\u00e1pidas e que n\u00e3o fazem tanto sentido que a gente as contrata, ou melhor, as operacionalize por aquela forma burocr\u00e1tica.\u201d<\/p>\n<p>&nbsp;<\/p>\n<p>Bruna Rocha, secret\u00e1ria de Obras, falou sobre as principais dificuldades de contrata\u00e7\u00e3o de obras p\u00fablicas: \u201cAntes a gente tinha dificuldade com a falta de fornecedores. Agora, a dificuldade \u00e9 com os grandes descontos. Precisamos pensar a empresa como uma parceira do munic\u00edpio, porque ela que desenvolve a obra, e administra\u00e7\u00e3o p\u00fablica precisa entender que esta \u00e9 uma parceria entre os dois entes, mas tamb\u00e9m a responsabilidade de cada um deles. Ambos n\u00e3o est\u00e3o fazendo uma simples obra e sim, construindo algum direito ao cidad\u00e3o, direito ao lazer, direito ao ensino, direito \u00e0 sa\u00fade. O que a gente est\u00e1 construindo vai proporcionar ao cidad\u00e3o o acesso a um bem, o acesso ao servi\u00e7o p\u00fablico de qualidade.\u201d destacou a secret\u00e1ria.<\/p>\n<p>&nbsp;<\/p>\n<p>Esta edi\u00e7\u00e3o do Conex\u00e3o na Pr\u00e1tica em Juiz de Fora teve cerca de\u00a0 200 inscri\u00e7\u00f5es, mais de 20 \u00f3rg\u00e3os p\u00fablicos diferentes, entre engenheiros, advogados, empres\u00e1rios e servidores p\u00fablicos. O consultor de rela\u00e7\u00f5es institucionais do Portal de Compras P\u00fablicas, Maur\u00edcio Andrade, faz um balan\u00e7o positivo do evento: \u201ca gente teve aqui um engajamento bem interessante da equipe de Juiz de Fora, dos outros \u00f3rg\u00e3os p\u00fablicos da regi\u00e3o, de empresas. Al\u00e9m de tirar d\u00favidas com os palestrantes,eles puderam tamb\u00e9m conversar entre si e trocar experi\u00eancias. Tanto os gestores falaram das particularidades para as empresas, quanto as empresas contaram as suas dores para os gestores. O evento foi muito melhor do que a gente esperava, as palestras foram um sucesso. O ponto alto, na minha opini\u00e3o, foi a oportunidade que todos tiveram de conex\u00e3o. Agradecemos muito a oportunidade da Prefeitura de Juiz de Fora que investe nesse tipo de capacita\u00e7\u00e3o e se mostra vision\u00e1ria em se propor capacitar gestores e tamb\u00e9m empresas da regi\u00e3o.\u201d<\/p>\n","protected":false},"excerpt":{"rendered":"<p>Segundo informa\u00e7\u00f5es do site da Prefeitura de Juiz de Fora (PJF),\u00a0 a\u00a0edi\u00e7\u00e3o Juiz de Fora\/MG do \u201cConex\u00e3o na Pr\u00e1tica\u201d aconteceu nesta ter\u00e7a, 20, e quarta,\u00a0 21, no Teatro Paschoal Carlos Magno, e abordou a implementa\u00e7\u00e3o da Lei 14.133\/21 nos munic\u00edpios, com o objetivo apresentar uma vis\u00e3o completa da legisla\u00e7\u00e3o, destacando sua aplica\u00e7\u00e3o pr\u00e1tica no cotidiano [&hellip;]<\/p>\n","protected":false},"author":246,"featured_media":228450,"comment_status":"closed","ping_status":"closed","sticky":false,"template":"","format":"standard","meta":{"footnotes":""},"categories":[253,436,440,439],"tags":[],"class_list":["post-228449","post","type-post","status-publish","format-standard","has-post-thumbnail","hentry","category-cidade","category-destaque-da-semana","category-destaques-do-dia","category-ultima-hora"],"_links":{"self":[{"href":"https:\/\/diarioregionaldigital.com.br\/index.php?rest_route=\/wp\/v2\/posts\/228449","targetHints":{"allow":["GET"]}}],"collection":[{"href":"https:\/\/diarioregionaldigital.com.br\/index.php?rest_route=\/wp\/v2\/posts"}],"about":[{"href":"https:\/\/diarioregionaldigital.com.br\/index.php?rest_route=\/wp\/v2\/types\/post"}],"author":[{"embeddable":true,"href":"https:\/\/diarioregionaldigital.com.br\/index.php?rest_route=\/wp\/v2\/users\/246"}],"replies":[{"embeddable":true,"href":"https:\/\/diarioregionaldigital.com.br\/index.php?rest_route=%2Fwp%2Fv2%2Fcomments&post=228449"}],"version-history":[{"count":1,"href":"https:\/\/diarioregionaldigital.com.br\/index.php?rest_route=\/wp\/v2\/posts\/228449\/revisions"}],"predecessor-version":[{"id":228451,"href":"https:\/\/diarioregionaldigital.com.br\/index.php?rest_route=\/wp\/v2\/posts\/228449\/revisions\/228451"}],"wp:featuredmedia":[{"embeddable":true,"href":"https:\/\/diarioregionaldigital.com.br\/index.php?rest_route=\/wp\/v2\/media\/228450"}],"wp:attachment":[{"href":"https:\/\/diarioregionaldigital.com.br\/index.php?rest_route=%2Fwp%2Fv2%2Fmedia&parent=228449"}],"wp:term":[{"taxonomy":"category","embeddable":true,"href":"https:\/\/diarioregionaldigital.com.br\/index.php?rest_route=%2Fwp%2Fv2%2Fcategories&post=228449"},{"taxonomy":"post_tag","embeddable":true,"href":"https:\/\/diarioregionaldigital.com.br\/index.php?rest_route=%2Fwp%2Fv2%2Ftags&post=228449"}],"curies":[{"name":"wp","href":"https:\/\/api.w.org\/{rel}","templated":true}]}}