{"id":228441,"date":"2025-05-22T19:13:20","date_gmt":"2025-05-22T22:13:20","guid":{"rendered":"https:\/\/diarioregionaldigital.com.br\/?p=228441"},"modified":"2025-05-22T19:13:20","modified_gmt":"2025-05-22T22:13:20","slug":"governo-de-minas-discute-acordo-com-empresa-que-quer-produzir-hidrogenio-verde-em-uberaba","status":"publish","type":"post","link":"https:\/\/diarioregionaldigital.com.br\/?p=228441","title":{"rendered":"Governo de Minas discute acordo com empresa que quer produzir hidrog\u00eanio verde em Uberaba"},"content":{"rendered":"<p>De olho em oportunidades para atrair investimentos e empregos para o estado, o\u00a0<a href=\"https:\/\/www.mg.gov.br\/\" target=\"_blank\" rel=\"noopener\">Governo de Minas<\/a>\u00a0participou do World Hydrogen Summit, o maior evento global dedicado \u00e0 inova\u00e7\u00e3o em hidrog\u00eanio, realizado em Roterd\u00e3, na Holanda, entre os dias 20 e 22\/5.<\/p>\n<p>E nesta quinta-feira (22\/5), por meio do trabalho da\u00a0<a href=\"https:\/\/desenvolvimento.mg.gov.br\/\" target=\"_blank\" rel=\"noopener\">Secretaria de Estado de Desenvolvimento Econ\u00f4mico (Sede-MG)<\/a>\u00a0e sua vinculada\u00a0<a href=\"https:\/\/investminas.mg.gov.br\/\" target=\"_blank\" rel=\"noopener\">Invest Minas<\/a>, al\u00e9m da Prefeitura de Uberaba, o Governo do Estado discutiu um acordo com a empresa luso-brasileira H2Brazil para a instala\u00e7\u00e3o de uma planta para produ\u00e7\u00e3o de hidrog\u00eanio verde na Zona de Exporta\u00e7\u00e3o de Uberaba (ZPE), no Tri\u00e2ngulo Mineiro.<\/p>\n<p>Um Protocolo de Inten\u00e7\u00f5es entre a empresa e o Governo de Minas j\u00e1 est\u00e1 em tramita\u00e7\u00e3o. O apoio do Estado envolve ainda a\u00a0<a href=\"https:\/\/www.cemig.com.br\/\" target=\"_blank\" rel=\"noopener\">Cemig<\/a>, por meio de um acordo de coopera\u00e7\u00e3o para futuro fornecimento de energia el\u00e9trica 100% renov\u00e1vel.<\/p>\n<p>A H2Brazil trabalha para obter os recursos a serem investidos no projeto. O objetivo \u00e9 que a planta tenha capacidade de produ\u00e7\u00e3o de 820 MWe e esteja em funcionamento at\u00e9 2030. Mas, antes, o planejamento \u00e9 de que uma planta-piloto esteja em funcionamento at\u00e9 2027, com produ\u00e7\u00e3o de 20 MW.<\/p>\n<p>Ao entrar em funcionamento, o objetivo da empresa ser\u00e1 o de suprir os mercados do agroneg\u00f3cio por meio da produ\u00e7\u00e3o de am\u00f4nia, energia e de combust\u00edveis sint\u00e9ticos (metanol).<\/p>\n<p>Para o gerente de Cadeias de Minera\u00e7\u00e3o, Siderurgia e Metal-Mec\u00e2nicas da Invest Minas, Henrique Tavares, projetos como o da H2Brazil, refor\u00e7am o perfil inovador da ag\u00eancia, bem como o protagonismo do estado e o esfor\u00e7o dos munic\u00edpios em buscar solu\u00e7\u00f5es empreendedoras com foco no futuro.<\/p>\n<p>\u201cO hidrog\u00eanio verde representa uma virada de chave na transi\u00e7\u00e3o energ\u00e9tica global. \u00c9 a chance concreta de descarbonizar setores intensivos em uso de energia e construir um futuro mais limpo, mediante a utiliza\u00e7\u00e3o de fonte com potencial para transformar a matriz energ\u00e9tica mundial\u201d, ressaltou.<\/p>\n<p><strong>Desafio<\/strong><\/p>\n<p>Apesar do enorme potencial, o custo ainda \u00e9 o principal desafio global em rela\u00e7\u00e3o ao hidrog\u00eanio verde. Ele enfrenta dificuldades para competir com combust\u00edveis f\u00f3sseis, o que\u00a0dificulta a ado\u00e7\u00e3o em setores intensivos em energia \u2014 como constru\u00e7\u00e3o pesada, minera\u00e7\u00e3o, agroneg\u00f3cio e transporte.<\/p>\n<p>\u201cA transi\u00e7\u00e3o energ\u00e9tica exige colabora\u00e7\u00e3o estrat\u00e9gica\u201d, afirma Nath\u00e1lia Ervedosa, COO da H2Brazil. \u201cTemos orgulho de trabalhar com parceiros vision\u00e1rios como o Governo de Minas, a Invest Minas, a Prefeitura de Uberaba e a Cemig. Essas alian\u00e7as nos permitem acessar a infraestrutura e o ambiente regulat\u00f3rio necess\u00e1rios para oferecer hidrog\u00eanio verde a pre\u00e7os realmente competitivos, promovendo a descarboniza\u00e7\u00e3o real da ind\u00fastria\u201d, completou.<\/p>\n<p><strong>Chegada ao Brasil<\/strong><\/p>\n<p>Fundada na Europa, a H2Brazil \u00e9 liderada por executivos que comandaram os primeiros e maiores projetos de hidrog\u00eanio verde em Portugal e na Espanha. Agora, o foco da produ\u00e7\u00e3o em larga escala, visando a descarboniza\u00e7\u00e3o da ind\u00fastria est\u00e1 no Brasil.<\/p>\n<p>Com plantas \u00e2ncoras em desenvolvimento em Uberaba e no Porto do A\u00e7u (RJ), a empresa est\u00e1 construindo uma plataforma escal\u00e1vel de produ\u00e7\u00e3o de hidrog\u00eanio e am\u00f4nia verde na Am\u00e9rica Latina.<\/p>\n<p>\u201cO que realmente diferencia o Brasil \u00e9 a abund\u00e2ncia de energia renov\u00e1vel\u201d, afirma Pedro Ca\u00e7orino, CEO da H2Brazil. \u201cCom recursos solares e e\u00f3licos excepcionais e uma rede el\u00e9trica reconhecida internacionalmente como quase 100% verde, podemos produzir hidrog\u00eanio verde e seus derivados a pre\u00e7os competitivos em n\u00edvel global. \u00c9 por isso que o Brasil \u00e9 um dos mercados mais promissores para a transi\u00e7\u00e3o energ\u00e9tica\u201d, disse.<\/p>\n<p>Fonte: Ag\u00eancia Minas<\/p>\n","protected":false},"excerpt":{"rendered":"<p>De olho em oportunidades para atrair investimentos e empregos para o estado, o\u00a0Governo de Minas\u00a0participou do World Hydrogen Summit, o maior evento global dedicado \u00e0 inova\u00e7\u00e3o em hidrog\u00eanio, realizado em Roterd\u00e3, na Holanda, entre os dias 20 e 22\/5. E nesta quinta-feira (22\/5), por meio do trabalho da\u00a0Secretaria de Estado de Desenvolvimento Econ\u00f4mico (Sede-MG)\u00a0e sua [&hellip;]<\/p>\n","protected":false},"author":246,"featured_media":228442,"comment_status":"closed","ping_status":"closed","sticky":false,"template":"","format":"standard","meta":{"footnotes":""},"categories":[436,440,261,254,439],"tags":[],"class_list":["post-228441","post","type-post","status-publish","format-standard","has-post-thumbnail","hentry","category-destaque-da-semana","category-destaques-do-dia","category-economia","category-politica","category-ultima-hora"],"_links":{"self":[{"href":"https:\/\/diarioregionaldigital.com.br\/index.php?rest_route=\/wp\/v2\/posts\/228441","targetHints":{"allow":["GET"]}}],"collection":[{"href":"https:\/\/diarioregionaldigital.com.br\/index.php?rest_route=\/wp\/v2\/posts"}],"about":[{"href":"https:\/\/diarioregionaldigital.com.br\/index.php?rest_route=\/wp\/v2\/types\/post"}],"author":[{"embeddable":true,"href":"https:\/\/diarioregionaldigital.com.br\/index.php?rest_route=\/wp\/v2\/users\/246"}],"replies":[{"embeddable":true,"href":"https:\/\/diarioregionaldigital.com.br\/index.php?rest_route=%2Fwp%2Fv2%2Fcomments&post=228441"}],"version-history":[{"count":2,"href":"https:\/\/diarioregionaldigital.com.br\/index.php?rest_route=\/wp\/v2\/posts\/228441\/revisions"}],"predecessor-version":[{"id":228444,"href":"https:\/\/diarioregionaldigital.com.br\/index.php?rest_route=\/wp\/v2\/posts\/228441\/revisions\/228444"}],"wp:featuredmedia":[{"embeddable":true,"href":"https:\/\/diarioregionaldigital.com.br\/index.php?rest_route=\/wp\/v2\/media\/228442"}],"wp:attachment":[{"href":"https:\/\/diarioregionaldigital.com.br\/index.php?rest_route=%2Fwp%2Fv2%2Fmedia&parent=228441"}],"wp:term":[{"taxonomy":"category","embeddable":true,"href":"https:\/\/diarioregionaldigital.com.br\/index.php?rest_route=%2Fwp%2Fv2%2Fcategories&post=228441"},{"taxonomy":"post_tag","embeddable":true,"href":"https:\/\/diarioregionaldigital.com.br\/index.php?rest_route=%2Fwp%2Fv2%2Ftags&post=228441"}],"curies":[{"name":"wp","href":"https:\/\/api.w.org\/{rel}","templated":true}]}}