{"id":228438,"date":"2025-05-22T19:12:00","date_gmt":"2025-05-22T22:12:00","guid":{"rendered":"https:\/\/diarioregionaldigital.com.br\/?p=228438"},"modified":"2025-05-22T19:12:00","modified_gmt":"2025-05-22T22:12:00","slug":"minas-gerais-mostra-seu-potencial-turistico-e-de-eventos-ao-mundo-na-imex-frankfurt-2025","status":"publish","type":"post","link":"https:\/\/diarioregionaldigital.com.br\/?p=228438","title":{"rendered":"Minas Gerais mostra seu potencial tur\u00edstico e de eventos ao mundo na Imex Frankfurt 2025"},"content":{"rendered":"<p>Com o objetivo de divulgar os atrativos tur\u00edsticos, culturais, gastron\u00f4micos e a infraestrutura do estado para projetos de diversos portes, Minas Gerais participa da IMEX Frankfurt 2025, entre os dias 20 e esta quinta-feira (22\/5), na Alemanha.<\/p>\n<p>Reconhecida globalmente por reunir os principais nomes do segmento Mice (Meetings, Incentives, Conferences and Exhibitions), a feira \u00e9 o palco ideal para promover o estado como destino estrat\u00e9gico para eventos internacionais, viagens de incentivo e grandes congressos.<\/p>\n<p>Durante os tr\u00eas dias de evento, a equipe da\u00a0<a href=\"https:\/\/www.secult.mg.gov.br\/\" target=\"_blank\" rel=\"noopener\">Secretaria de Estado de Cultura e Turismo de Minas Gerais (Secult-MG)<\/a>\u00a0realizou encontros com redes hoteleiras, operadores tur\u00edsticos, companhias a\u00e9reas e organizadores de eventos, refor\u00e7ando o posicionamento do estado como destino de experi\u00eancias \u00fanicas, aut\u00eanticas e de alto padr\u00e3o.<\/p>\n<p>\u201cEstar presente na Imex Frankfurt \u00e9 uma oportunidade crucial para posicionar Minas Gerais no radar dos grandes organizadores internacionais. Com um t\u00edquete m\u00e9dio elevado, o turismo de eventos tem impacto direto na economia local. Nosso objetivo \u00e9 atrair investimentos, gerar neg\u00f3cios e fortalecer a imagem do estado no mercado global\u201d, destaca a subsecret\u00e1ria de Turismo de Minas Gerais, Patr\u00edcia Moreira.<\/p>\n<p>Com mais de 3.100 expositores de 150 pa\u00edses e um p\u00fablico altamente qualificado de 12 mil profissionais do setor, a Imex Frankfurt \u00e9 vitrine de oportunidades, visibilidade e neg\u00f3cios.<\/p>\n<p>A participa\u00e7\u00e3o de \u201chosted buyers\u201d (compradores seniores) mineiros foi outro ponto de destaque, ampliando o networking e abrindo portas para novas parcerias comerciais com players internacionais.<\/p>\n<p>O gerente executivo da Associa\u00e7\u00e3o dos Produtores de Queijo Canastra (Aprocan), Higor Freitas, que integra a equipe mineira promovendo o potencial tur\u00edstico e gastron\u00f4mico do estado, ressalta a import\u00e2ncia do evento. Segundo ele, &#8220;\u00e9 uma oportunidade de mostrar a for\u00e7a da nossa cultura, a qualidade dos nossos produtos e a hospitalidade que \u00e9 a marca do povo mineiro&#8221;.<\/p>\n<p>A presen\u00e7a de Minas na Imex 2025 refor\u00e7a o compromisso do estado em se consolidar como destino competitivo no turismo de neg\u00f3cios, aliando infraestrutura moderna, patrim\u00f4nio cultural, gastronomia premiada e hospitalidade inigual\u00e1vel.<\/p>\n<p>Fonte: Ag\u00eancia Minas<\/p>\n","protected":false},"excerpt":{"rendered":"<p>Com o objetivo de divulgar os atrativos tur\u00edsticos, culturais, gastron\u00f4micos e a infraestrutura do estado para projetos de diversos portes, Minas Gerais participa da IMEX Frankfurt 2025, entre os dias 20 e esta quinta-feira (22\/5), na Alemanha. Reconhecida globalmente por reunir os principais nomes do segmento Mice (Meetings, Incentives, Conferences and Exhibitions), a feira \u00e9 [&hellip;]<\/p>\n","protected":false},"author":246,"featured_media":228439,"comment_status":"closed","ping_status":"closed","sticky":false,"template":"","format":"standard","meta":{"footnotes":""},"categories":[436,440,261,254,439],"tags":[],"class_list":["post-228438","post","type-post","status-publish","format-standard","has-post-thumbnail","hentry","category-destaque-da-semana","category-destaques-do-dia","category-economia","category-politica","category-ultima-hora"],"_links":{"self":[{"href":"https:\/\/diarioregionaldigital.com.br\/index.php?rest_route=\/wp\/v2\/posts\/228438","targetHints":{"allow":["GET"]}}],"collection":[{"href":"https:\/\/diarioregionaldigital.com.br\/index.php?rest_route=\/wp\/v2\/posts"}],"about":[{"href":"https:\/\/diarioregionaldigital.com.br\/index.php?rest_route=\/wp\/v2\/types\/post"}],"author":[{"embeddable":true,"href":"https:\/\/diarioregionaldigital.com.br\/index.php?rest_route=\/wp\/v2\/users\/246"}],"replies":[{"embeddable":true,"href":"https:\/\/diarioregionaldigital.com.br\/index.php?rest_route=%2Fwp%2Fv2%2Fcomments&post=228438"}],"version-history":[{"count":1,"href":"https:\/\/diarioregionaldigital.com.br\/index.php?rest_route=\/wp\/v2\/posts\/228438\/revisions"}],"predecessor-version":[{"id":228440,"href":"https:\/\/diarioregionaldigital.com.br\/index.php?rest_route=\/wp\/v2\/posts\/228438\/revisions\/228440"}],"wp:featuredmedia":[{"embeddable":true,"href":"https:\/\/diarioregionaldigital.com.br\/index.php?rest_route=\/wp\/v2\/media\/228439"}],"wp:attachment":[{"href":"https:\/\/diarioregionaldigital.com.br\/index.php?rest_route=%2Fwp%2Fv2%2Fmedia&parent=228438"}],"wp:term":[{"taxonomy":"category","embeddable":true,"href":"https:\/\/diarioregionaldigital.com.br\/index.php?rest_route=%2Fwp%2Fv2%2Fcategories&post=228438"},{"taxonomy":"post_tag","embeddable":true,"href":"https:\/\/diarioregionaldigital.com.br\/index.php?rest_route=%2Fwp%2Fv2%2Ftags&post=228438"}],"curies":[{"name":"wp","href":"https:\/\/api.w.org\/{rel}","templated":true}]}}