{"id":228433,"date":"2025-05-21T18:50:27","date_gmt":"2025-05-21T21:50:27","guid":{"rendered":"https:\/\/diarioregionaldigital.com.br\/?p=228433"},"modified":"2025-05-21T18:50:27","modified_gmt":"2025-05-21T21:50:27","slug":"pjf-lanca-edital-de-vagas-ociosas-da-area-gastronomica-do-mercado-municipal","status":"publish","type":"post","link":"https:\/\/diarioregionaldigital.com.br\/?p=228433","title":{"rendered":"PJF lan\u00e7a edital de vagas ociosas da \u00e1rea gastron\u00f4mica do Mercado Municipal"},"content":{"rendered":"<p>Segundo informa\u00e7\u00f5es do site da Prefeitura de Juiz de Fora (PJF), a PJF lan\u00e7ou o Edital 041\/2025\/Setur, referente a tr\u00eas unidades da \u00e1rea gastron\u00f4mica do Mercado Municipal, entre elas dois quiosques de 11,30 metros quadrados e uma loja de 29,58 metros quadrados. O processo licitat\u00f3rio \u00e9 na modalidade Preg\u00e3o Eletr\u00f4nico, isso significa que o julgamento das propostas entregues ser\u00e1 feito pelo maior lance ofertado.<\/p>\n<div id=\"box_texto_noticia\">\n<p>Poder\u00e3o pleitear a vaga pessoas f\u00edsicas ou jur\u00eddicas, e, para participar, os interessados dever\u00e3o apresentar a documenta\u00e7\u00e3o de habilita\u00e7\u00e3o e a proposta de pre\u00e7o por meio eletr\u00f4nico, pelo\u00a0<a href=\"https:\/\/www.portaldecompraspublicas.com.br\/processos\/mg\/prefeitura-municipal-de-juiz-de-fora-13\/pmp-041-2025-2025-389974\"><u>Portal de Compras P\u00fablicas<\/u><\/a>. O interessado, obrigatoriamente, deve estar credenciado no Portal. O cadastro pode ser feito\u00a0<a href=\"https:\/\/www.portaldecompraspublicas.com.br\/\">aqui<\/a>.<\/p>\n<p>A sess\u00e3o de abertura da licita\u00e7\u00e3o ser\u00e1 online pelo portal de compras p\u00fablicas, no dia 10 de junho, \u00e0s 9h30. Pedidos de esclarecimentos podem ser feitos at\u00e9 5 de junho, pelo Portal de Compras P\u00fablicas. Acesse o edital na \u00edntegra\u00a0<a href=\"https:\/\/www.portaldecompraspublicas.com.br\/processos\/mg\/prefeitura-municipal-de-juiz-de-fora-13\/pmp-041-2025-2025-389974\"><u>aqui<\/u><\/a>\u00a0e confira todos os detalhes para participa\u00e7\u00e3o.<\/p>\n<p><strong>Outros Editais de Ocupa\u00e7\u00e3o do Mercado<\/strong><\/p>\n<p>O Edital 004\/2025\/Setur, referente \u00e0 unidade 51 do Mercado Municipal, localizada no andar t\u00e9rreo do pr\u00e9dio, segue em aberto, e a sess\u00e3o p\u00fablica ser\u00e1 realizada nesta quinta-feira, 22, \u00e0s 9h30, no\u00a0<a href=\"https:\/\/www.portaldecompraspublicas.com.br\/processos\/mg\/prefeitura-municipal-de-juiz-de-fora-13\/cpt-004-2025-2025-375883\"><u>Portal<\/u><\/a>. O espa\u00e7o pode ser ocupado por &#8220;Restaurante\/Bar com Entretenimento&#8221; e possui uma \u00e1rea de 184,08 metros quadrados, ou seja, trata-se da maior loja do novo mercado, um espa\u00e7o mais vers\u00e1til e amplo para o empreendimento. Acesse\u00a0<a href=\"https:\/\/www.pjf.mg.gov.br\/noticias\/view.php?modo=link2&amp;idnoticia2=85912\"><u>aqui<\/u><\/a>\u00a0outros detalhes.<\/p>\n<p>Em breve, outros editais ser\u00e3o lan\u00e7ados para ocupa\u00e7\u00e3o das demais lojas vacantes.<\/p>\n<\/div>\n<p>&nbsp;<\/p>\n","protected":false},"excerpt":{"rendered":"<p>Segundo informa\u00e7\u00f5es do site da Prefeitura de Juiz de Fora (PJF), a PJF lan\u00e7ou o Edital 041\/2025\/Setur, referente a tr\u00eas unidades da \u00e1rea gastron\u00f4mica do Mercado Municipal, entre elas dois quiosques de 11,30 metros quadrados e uma loja de 29,58 metros quadrados. O processo licitat\u00f3rio \u00e9 na modalidade Preg\u00e3o Eletr\u00f4nico, isso significa que o julgamento [&hellip;]<\/p>\n","protected":false},"author":246,"featured_media":228434,"comment_status":"closed","ping_status":"closed","sticky":false,"template":"","format":"standard","meta":{"footnotes":""},"categories":[253,436,439],"tags":[],"class_list":["post-228433","post","type-post","status-publish","format-standard","has-post-thumbnail","hentry","category-cidade","category-destaque-da-semana","category-ultima-hora"],"_links":{"self":[{"href":"https:\/\/diarioregionaldigital.com.br\/index.php?rest_route=\/wp\/v2\/posts\/228433","targetHints":{"allow":["GET"]}}],"collection":[{"href":"https:\/\/diarioregionaldigital.com.br\/index.php?rest_route=\/wp\/v2\/posts"}],"about":[{"href":"https:\/\/diarioregionaldigital.com.br\/index.php?rest_route=\/wp\/v2\/types\/post"}],"author":[{"embeddable":true,"href":"https:\/\/diarioregionaldigital.com.br\/index.php?rest_route=\/wp\/v2\/users\/246"}],"replies":[{"embeddable":true,"href":"https:\/\/diarioregionaldigital.com.br\/index.php?rest_route=%2Fwp%2Fv2%2Fcomments&post=228433"}],"version-history":[{"count":1,"href":"https:\/\/diarioregionaldigital.com.br\/index.php?rest_route=\/wp\/v2\/posts\/228433\/revisions"}],"predecessor-version":[{"id":228435,"href":"https:\/\/diarioregionaldigital.com.br\/index.php?rest_route=\/wp\/v2\/posts\/228433\/revisions\/228435"}],"wp:featuredmedia":[{"embeddable":true,"href":"https:\/\/diarioregionaldigital.com.br\/index.php?rest_route=\/wp\/v2\/media\/228434"}],"wp:attachment":[{"href":"https:\/\/diarioregionaldigital.com.br\/index.php?rest_route=%2Fwp%2Fv2%2Fmedia&parent=228433"}],"wp:term":[{"taxonomy":"category","embeddable":true,"href":"https:\/\/diarioregionaldigital.com.br\/index.php?rest_route=%2Fwp%2Fv2%2Fcategories&post=228433"},{"taxonomy":"post_tag","embeddable":true,"href":"https:\/\/diarioregionaldigital.com.br\/index.php?rest_route=%2Fwp%2Fv2%2Ftags&post=228433"}],"curies":[{"name":"wp","href":"https:\/\/api.w.org\/{rel}","templated":true}]}}