{"id":228427,"date":"2025-05-21T18:48:28","date_gmt":"2025-05-21T21:48:28","guid":{"rendered":"https:\/\/diarioregionaldigital.com.br\/?p=228427"},"modified":"2025-05-21T18:48:28","modified_gmt":"2025-05-21T21:48:28","slug":"fiscalizacao-e-procon-apreendem-mais-de-500-alimentos-improprios-para-consumo-nas-lojas-americanas","status":"publish","type":"post","link":"https:\/\/diarioregionaldigital.com.br\/?p=228427","title":{"rendered":"Fiscaliza\u00e7\u00e3o e Procon apreendem mais de 500 alimentos impr\u00f3prios para consumo nas Lojas Americanas"},"content":{"rendered":"<p>Segundo informa\u00e7\u00f5es do site da Prefeitura de Juiz de Fora (PJF), nesta ter\u00e7a-feira, 20, a Prefeitura de Juiz de Fora\u00a0 (PJF), por meio da Ag\u00eancia de Prote\u00e7\u00e3o e Defesa do Consumidor (Procon) em conjunto com a Fiscaliza\u00e7\u00e3o de Posturas da Secretaria de Desenvolvimento Urbano com Participa\u00e7\u00e3o Popular (SEDUPP), realizou a apreens\u00e3o de 563 produtos fora do prazo de validade na Lojas Americanas, na unidade do Shopping Jardim Norte.<\/p>\n<p>O estabelecimento foi denunciado por uma consumidora e, a partir disso, as equipes foram at\u00e9 o local e constataram os produtos impr\u00f3prios para o consumo. Dos 563 produtos apreendidos est\u00e3o 167 pacotes de biscoitos, 126 unidades de bebidas l\u00e1cteas, 181 balas e chocolates, entre outros itens. Todos os produtos foram recolhidos e inutilizados no pr\u00f3prio local. O estabelecimento recebeu um auto de infra\u00e7\u00e3o que pode resultar em san\u00e7\u00e3o administrativa com penalidade de multa que pode variar de R$947,94 a at\u00e9 R$14.219.100,00.<\/p>\n<p>Em caso de irregularidades, o consumidor pode fazer uma denuncia no Procon pelos telefones (32) 3690-7610 e (32) 3690-7611 ou pelo WhatsApp (32) 98463-2687, ou pelo Whatsapp da Fiscaliza\u00e7\u00e3o (32) 3690-7984.<\/p>\n","protected":false},"excerpt":{"rendered":"<p>Segundo informa\u00e7\u00f5es do site da Prefeitura de Juiz de Fora (PJF), nesta ter\u00e7a-feira, 20, a Prefeitura de Juiz de Fora\u00a0 (PJF), por meio da Ag\u00eancia de Prote\u00e7\u00e3o e Defesa do Consumidor (Procon) em conjunto com a Fiscaliza\u00e7\u00e3o de Posturas da Secretaria de Desenvolvimento Urbano com Participa\u00e7\u00e3o Popular (SEDUPP), realizou a apreens\u00e3o de 563 produtos fora [&hellip;]<\/p>\n","protected":false},"author":246,"featured_media":228428,"comment_status":"closed","ping_status":"closed","sticky":false,"template":"","format":"standard","meta":{"footnotes":""},"categories":[253,436,440,439],"tags":[],"class_list":["post-228427","post","type-post","status-publish","format-standard","has-post-thumbnail","hentry","category-cidade","category-destaque-da-semana","category-destaques-do-dia","category-ultima-hora"],"_links":{"self":[{"href":"https:\/\/diarioregionaldigital.com.br\/index.php?rest_route=\/wp\/v2\/posts\/228427","targetHints":{"allow":["GET"]}}],"collection":[{"href":"https:\/\/diarioregionaldigital.com.br\/index.php?rest_route=\/wp\/v2\/posts"}],"about":[{"href":"https:\/\/diarioregionaldigital.com.br\/index.php?rest_route=\/wp\/v2\/types\/post"}],"author":[{"embeddable":true,"href":"https:\/\/diarioregionaldigital.com.br\/index.php?rest_route=\/wp\/v2\/users\/246"}],"replies":[{"embeddable":true,"href":"https:\/\/diarioregionaldigital.com.br\/index.php?rest_route=%2Fwp%2Fv2%2Fcomments&post=228427"}],"version-history":[{"count":1,"href":"https:\/\/diarioregionaldigital.com.br\/index.php?rest_route=\/wp\/v2\/posts\/228427\/revisions"}],"predecessor-version":[{"id":228429,"href":"https:\/\/diarioregionaldigital.com.br\/index.php?rest_route=\/wp\/v2\/posts\/228427\/revisions\/228429"}],"wp:featuredmedia":[{"embeddable":true,"href":"https:\/\/diarioregionaldigital.com.br\/index.php?rest_route=\/wp\/v2\/media\/228428"}],"wp:attachment":[{"href":"https:\/\/diarioregionaldigital.com.br\/index.php?rest_route=%2Fwp%2Fv2%2Fmedia&parent=228427"}],"wp:term":[{"taxonomy":"category","embeddable":true,"href":"https:\/\/diarioregionaldigital.com.br\/index.php?rest_route=%2Fwp%2Fv2%2Fcategories&post=228427"},{"taxonomy":"post_tag","embeddable":true,"href":"https:\/\/diarioregionaldigital.com.br\/index.php?rest_route=%2Fwp%2Fv2%2Ftags&post=228427"}],"curies":[{"name":"wp","href":"https:\/\/api.w.org\/{rel}","templated":true}]}}