{"id":228421,"date":"2025-05-21T18:38:54","date_gmt":"2025-05-21T21:38:54","guid":{"rendered":"https:\/\/diarioregionaldigital.com.br\/?p=228421"},"modified":"2025-05-21T18:38:54","modified_gmt":"2025-05-21T21:38:54","slug":"tenis-de-mesa-calderano-vence-de-virada-e-vai-as-oitavas-do-mundial","status":"publish","type":"post","link":"https:\/\/diarioregionaldigital.com.br\/?p=228421","title":{"rendered":"T\u00eanis de mesa: Calderano vence de virada e vai \u00e0s oitavas do Mundial"},"content":{"rendered":"<p>Atual n\u00famero 3 do mundo, o carioca Hugo Calderano arrancou a classifica\u00e7\u00e3o \u00e0s oitavas de final de simples do Mundial de T\u00eanis de Mesa ao vencer de virada o cazaque Kirill Gerassimenko (59\u00ba no ranking) por 4 sets a 2 em Doha (Catar). Nesta quarta-feira (21), o brasileiro foi surpreendido no in\u00edcio da partida, ao perder os dois primeiros sets por 9\/11. Passado o susto, Calderano se recuperou e ganhou as quatro parciais seguintes &#8211; 11\/5, 12\/10, 11\/9 e 11\/7 \u2013 selando a classifica\u00e7\u00e3o ap\u00f3s 1h02min de embate. Principal competi\u00e7\u00e3o do calend\u00e1rio\u00a0do t\u00eanis de mesa, o Mundial distribui 2.000 pontos aos campe\u00f5es.\u00a0<img decoding=\"async\" src=\"https:\/\/agenciabrasil.ebc.com.br\/ebc.png?id=1643570&amp;o=node\" \/><img decoding=\"async\" src=\"https:\/\/agenciabrasil.ebc.com.br\/ebc.gif?id=1643570&amp;o=node\" \/><\/p>\n<p>O pr\u00f3ximo advers\u00e1rio ser\u00e1 o nigeriano Quadri Aruna (31\u00ba), cabe\u00e7a de chave n\u00famero 10. A partida ser\u00e1 nesta quinta (22), em hor\u00e1rio ainda a ser definido pelos organizadores.<\/p>\n<blockquote><p>&#8220;Nunca \u00e9 f\u00e1cil sair de uma desvantagem de dois a zero, mas consegui me encontrar durante a partida&#8221;, comemorou Calderano, em entrevista \u00e0 Federa\u00e7\u00e3o Internacional de T\u00eanis de Mesa (ITTF, na sigla em ingl\u00eas).<\/p><\/blockquote>\n<p>Quem tamb\u00e9m disputar\u00e1 as oitavas nesta quinta (22) ser\u00e1 a paulista Bruna Takahashi (16\u00aa no ranking), que ter\u00e1 a dif\u00edcil miss\u00e3o de passar pela chinesa Chen Xingtong, atual n\u00famero 3 do mundo. O duelo est\u00e1 programado para come\u00e7ar \u00e0s 7h (hor\u00e1rio de Bras\u00edlia).<\/p>\n<p>Fonte: Ag\u00eancia Brasil<\/p>\n","protected":false},"excerpt":{"rendered":"<p>Atual n\u00famero 3 do mundo, o carioca Hugo Calderano arrancou a classifica\u00e7\u00e3o \u00e0s oitavas de final de simples do Mundial de T\u00eanis de Mesa ao vencer de virada o cazaque Kirill Gerassimenko (59\u00ba no ranking) por 4 sets a 2 em Doha (Catar). Nesta quarta-feira (21), o brasileiro foi surpreendido no in\u00edcio da partida, ao [&hellip;]<\/p>\n","protected":false},"author":246,"featured_media":228422,"comment_status":"closed","ping_status":"closed","sticky":false,"template":"","format":"standard","meta":{"footnotes":""},"categories":[436,440,257,439],"tags":[],"class_list":["post-228421","post","type-post","status-publish","format-standard","has-post-thumbnail","hentry","category-destaque-da-semana","category-destaques-do-dia","category-esporte","category-ultima-hora"],"_links":{"self":[{"href":"https:\/\/diarioregionaldigital.com.br\/index.php?rest_route=\/wp\/v2\/posts\/228421","targetHints":{"allow":["GET"]}}],"collection":[{"href":"https:\/\/diarioregionaldigital.com.br\/index.php?rest_route=\/wp\/v2\/posts"}],"about":[{"href":"https:\/\/diarioregionaldigital.com.br\/index.php?rest_route=\/wp\/v2\/types\/post"}],"author":[{"embeddable":true,"href":"https:\/\/diarioregionaldigital.com.br\/index.php?rest_route=\/wp\/v2\/users\/246"}],"replies":[{"embeddable":true,"href":"https:\/\/diarioregionaldigital.com.br\/index.php?rest_route=%2Fwp%2Fv2%2Fcomments&post=228421"}],"version-history":[{"count":1,"href":"https:\/\/diarioregionaldigital.com.br\/index.php?rest_route=\/wp\/v2\/posts\/228421\/revisions"}],"predecessor-version":[{"id":228423,"href":"https:\/\/diarioregionaldigital.com.br\/index.php?rest_route=\/wp\/v2\/posts\/228421\/revisions\/228423"}],"wp:featuredmedia":[{"embeddable":true,"href":"https:\/\/diarioregionaldigital.com.br\/index.php?rest_route=\/wp\/v2\/media\/228422"}],"wp:attachment":[{"href":"https:\/\/diarioregionaldigital.com.br\/index.php?rest_route=%2Fwp%2Fv2%2Fmedia&parent=228421"}],"wp:term":[{"taxonomy":"category","embeddable":true,"href":"https:\/\/diarioregionaldigital.com.br\/index.php?rest_route=%2Fwp%2Fv2%2Fcategories&post=228421"},{"taxonomy":"post_tag","embeddable":true,"href":"https:\/\/diarioregionaldigital.com.br\/index.php?rest_route=%2Fwp%2Fv2%2Ftags&post=228421"}],"curies":[{"name":"wp","href":"https:\/\/api.w.org\/{rel}","templated":true}]}}