{"id":228418,"date":"2025-05-21T18:37:03","date_gmt":"2025-05-21T21:37:03","guid":{"rendered":"https:\/\/diarioregionaldigital.com.br\/?p=228418"},"modified":"2025-05-21T18:37:03","modified_gmt":"2025-05-21T21:37:03","slug":"com-acesso-ao-credito-agro-mineiro-investe-em-novas-tecnologias-para-maior-produtividade-e-reducao-de-custos","status":"publish","type":"post","link":"https:\/\/diarioregionaldigital.com.br\/?p=228418","title":{"rendered":"Com acesso ao cr\u00e9dito, agro mineiro investe em novas tecnologias para maior produtividade e redu\u00e7\u00e3o de custos"},"content":{"rendered":"<p><main class=\"clear margin-md-bottom-3\"><\/p>\n<div class=\"clear \">\n<p>O agroneg\u00f3cio liderou o ranking de principal atividade exportadora de Minas Gerais no primeiro trimestre de 2025, com 45% do volume total. Por tr\u00e1s desse crescimento, est\u00e1 uma ind\u00fastria que investe em moderniza\u00e7\u00e3o de m\u00e1quinas e processos que ofere\u00e7am aos produtores rurais novos m\u00e9todos e tecnologias para irriga\u00e7\u00e3o, armazenamento e fertiliza\u00e7\u00e3o biol\u00f3gica. Diante dos diversos desafios clim\u00e1ticos e econ\u00f4micos, o foco, segundo os empres\u00e1rios, \u00e9 desenvolver solu\u00e7\u00f5es que permitam o aumento da produtividade com redu\u00e7\u00e3o de custos.<\/p>\n<p>Neste cen\u00e1rio, o\u00a0<a href=\"https:\/\/www.bdmg.mg.gov.br\/\" target=\"_blank\" rel=\"noopener\">Banco de Desenvolvimento de Minas Gerais (BDMG)<\/a>\u00a0tem tido papel estrat\u00e9gico ao financiar projetos que fortale\u00e7am a competitividade das empresas nas duas pontas: tanto para quem desenvolve solu\u00e7\u00f5es em inova\u00e7\u00e3o, quanto para os produtores que contratam esses servi\u00e7os. Em 2024, o Agro foi respons\u00e1vel por quase 50% dos R$ 3,5 bilh\u00f5es liberados em cr\u00e9dito pelo banco.<\/p>\n<p>&#8220;O BDMG compreende a diversidade e dinamismo do agroneg\u00f3cio mineiro e oferta linhas de cr\u00e9dito acess\u00edveis para que os empreendedores tenham condi\u00e7\u00f5es de crescer e inovar com competividade. Isso se aplica ao produtor agr\u00edcola, \u00e0 agroind\u00fastria, e outros setores da cadeia produtiva&#8221;, refor\u00e7a o presidente do Banco, Gabriel Vi\u00e9gas Neto.<\/p>\n<p><strong>Inova\u00e7\u00e3o<\/strong><\/p>\n<p>Com mais de 20 anos de atua\u00e7\u00e3o, a Engeman Engenharia, sediada em Patos de Minas, no Alto Parana\u00edba, tem seis processos de patentes. A empresa \u00e9 especialista em equipamentos de energia t\u00e9rmica utilizados nas unidades de beneficiamento e na\u00a0fabrica\u00e7\u00e3o de caldeiras, geradores modulares, fornalhas autom\u00e1ticas e umidificadores de fibras.<\/p>\n<p>A mais recente inova\u00e7\u00e3o \u00e9 a fornalha autom\u00e1tica Combuster, que seca at\u00e9 300 toneladas de gr\u00e3os por hora, volume 25% superior ao de modelos padr\u00f5es do mercado. Com alta tecnologia, ele oferece economia de at\u00e9 17% no consumo de combust\u00edvel, redu\u00e7\u00e3o de custos de m\u00e3o de obra e automatiza\u00e7\u00e3o da alimenta\u00e7\u00e3o de combust\u00edvel. O projeto foi viabilizado a partir da capta\u00e7\u00e3o de R$ 4 milh\u00f5es junto ao BDMG.<\/p>\n<p>&#8220;Nossos equipamentos se destacam pela agilidade na montagem. O produtor se beneficia com maior efici\u00eancia e rentabilidade&#8221;, explica o diretor executivo da Engeman, Magno Borges. A empresa atende produtores no Brasil e exterior.<\/p>\n<p><strong>Maior produtividade\u00a0<\/strong><\/p>\n<p>O Grupo UbyAgro, multinacional formada pelas empresas Ubyfol e Vitales\u00a0e que atua na cria\u00e7\u00e3o de solu\u00e7\u00f5es nutricionais de alta tecnologia para o agro, tamb\u00e9m contou com o BDMG para crescer no mercado de fertilizantes biol\u00f3gicos e especiais. A empresa contratou R$ 30 milh\u00f5es em financiamentos para a constru\u00e7\u00e3o da f\u00e1brica Vitales, em Uberaba, no Tri\u00e2ngulo Mineiro, com potencial para ser a mais tecnol\u00f3gica do\u00a0pa\u00eds no setor. A proje\u00e7\u00e3o \u00e9 que a unidade comece a operar em 2026, com capacidade de produ\u00e7\u00e3o de 8 mil toneladas por ano.<\/p>\n<p>Segundo Fred Mamede, Diretor Financeiro do Grupo, o projeto atende ao produtor que busca expandir seu neg\u00f3cio a partir do ganho em produtividade, ao inv\u00e9s do aumento de \u00e1rea plantada. &#8220;Com a tecnologia da empresa, as culturas ficam menos suscet\u00edveis a pragas e doen\u00e7as e, assim, \u00e9 poss\u00edvel ter um incremento de at\u00e9 cinco sacas na produ\u00e7\u00e3o a cada saca de fertilizante biol\u00f3gico&#8221;, afirma o executivo. Al\u00e9m de atender o Brasil e ter projetos na Am\u00e9rica Central, as atua\u00e7\u00f5es do\u00a0Grupo tamb\u00e9m cotemplam\u00a0Paraguai e Angola.<\/p>\n<p>Fonte: Ag\u00eancia Minas<\/p>\n<\/div>\n<p><\/main><\/p>\n","protected":false},"excerpt":{"rendered":"<p>O agroneg\u00f3cio liderou o ranking de principal atividade exportadora de Minas Gerais no primeiro trimestre de 2025, com 45% do volume total. Por tr\u00e1s desse crescimento, est\u00e1 uma ind\u00fastria que investe em moderniza\u00e7\u00e3o de m\u00e1quinas e processos que ofere\u00e7am aos produtores rurais novos m\u00e9todos e tecnologias para irriga\u00e7\u00e3o, armazenamento e fertiliza\u00e7\u00e3o biol\u00f3gica. Diante dos diversos [&hellip;]<\/p>\n","protected":false},"author":246,"featured_media":228419,"comment_status":"closed","ping_status":"closed","sticky":false,"template":"","format":"standard","meta":{"footnotes":""},"categories":[436,261,254,439],"tags":[],"class_list":["post-228418","post","type-post","status-publish","format-standard","has-post-thumbnail","hentry","category-destaque-da-semana","category-economia","category-politica","category-ultima-hora"],"_links":{"self":[{"href":"https:\/\/diarioregionaldigital.com.br\/index.php?rest_route=\/wp\/v2\/posts\/228418","targetHints":{"allow":["GET"]}}],"collection":[{"href":"https:\/\/diarioregionaldigital.com.br\/index.php?rest_route=\/wp\/v2\/posts"}],"about":[{"href":"https:\/\/diarioregionaldigital.com.br\/index.php?rest_route=\/wp\/v2\/types\/post"}],"author":[{"embeddable":true,"href":"https:\/\/diarioregionaldigital.com.br\/index.php?rest_route=\/wp\/v2\/users\/246"}],"replies":[{"embeddable":true,"href":"https:\/\/diarioregionaldigital.com.br\/index.php?rest_route=%2Fwp%2Fv2%2Fcomments&post=228418"}],"version-history":[{"count":1,"href":"https:\/\/diarioregionaldigital.com.br\/index.php?rest_route=\/wp\/v2\/posts\/228418\/revisions"}],"predecessor-version":[{"id":228420,"href":"https:\/\/diarioregionaldigital.com.br\/index.php?rest_route=\/wp\/v2\/posts\/228418\/revisions\/228420"}],"wp:featuredmedia":[{"embeddable":true,"href":"https:\/\/diarioregionaldigital.com.br\/index.php?rest_route=\/wp\/v2\/media\/228419"}],"wp:attachment":[{"href":"https:\/\/diarioregionaldigital.com.br\/index.php?rest_route=%2Fwp%2Fv2%2Fmedia&parent=228418"}],"wp:term":[{"taxonomy":"category","embeddable":true,"href":"https:\/\/diarioregionaldigital.com.br\/index.php?rest_route=%2Fwp%2Fv2%2Fcategories&post=228418"},{"taxonomy":"post_tag","embeddable":true,"href":"https:\/\/diarioregionaldigital.com.br\/index.php?rest_route=%2Fwp%2Fv2%2Ftags&post=228418"}],"curies":[{"name":"wp","href":"https:\/\/api.w.org\/{rel}","templated":true}]}}