{"id":228415,"date":"2025-05-21T18:35:46","date_gmt":"2025-05-21T21:35:46","guid":{"rendered":"https:\/\/diarioregionaldigital.com.br\/?p=228415"},"modified":"2025-05-21T18:35:46","modified_gmt":"2025-05-21T21:35:46","slug":"minas-gerais-vive-boom-na-hotelaria-e-se-destaca-em-novo-ciclo-de-crescimento-no-brasil","status":"publish","type":"post","link":"https:\/\/diarioregionaldigital.com.br\/?p=228415","title":{"rendered":"Minas Gerais vive boom na hotelaria e se destaca em novo ciclo de crescimento no Brasil"},"content":{"rendered":"<p>O setor hoteleiro brasileiro atravessa um novo ciclo de expans\u00e3o, e Minas Gerais desponta como um dos protagonistas desse movimento. Segundo o Panorama da Hotelaria Brasileira 2025, elaborado pela Hotel Invest, o estado \u00e9 o segundo do pa\u00eds com maior n\u00famero de hot\u00e9is em desenvolvimento, somando 21 projetos, atr\u00e1s apenas de S\u00e3o Paulo (37).<\/p>\n<p>Minas Gerais supera destinos tur\u00edsticos consolidados como Rio de Janeiro (8) e Bahia (7), afirmando-se como um dos principais polos de atra\u00e7\u00e3o de investimentos hoteleiros do Brasil.<\/p>\n<p>A tend\u00eancia nacional aponta para uma concentra\u00e7\u00e3o no Sudeste, que abriga 50% de todos os novos empreendimentos hoteleiros, com destaque para a interioriza\u00e7\u00e3o das ofertas: 73% dos projetos est\u00e3o fora das capitais.<\/p>\n<p>Minas Gerais alinha-se a esse movimento, com investimentos em todas as regi\u00f5es do estado, do Sul ao Norte, do Mar de Minas \u00e0 Cordilheira do Espinha\u00e7o.<\/p>\n<p>Entre os principais empreendimentos de alto padr\u00e3o em territ\u00f3rio mineiro, destacam-se:<\/p>\n<ul>\n<li>Vila Gal\u00e9 Collection Ouro Preto \u2013 Primeiro hotel da rede portuguesa em Minas Gerais, internacionalizando o turismo cultural da cidade hist\u00f3rica.<\/li>\n<li>Eko Resort Canastra \u2013 Nova refer\u00eancia do turismo de natureza e de experi\u00eancias no Brasil.<\/li>\n<li>Minas Beach Resort, em Raul Soares \u2013 Expans\u00e3o de um dos maiores complexos aqu\u00e1ticos da Zona da Mata.<\/li>\n<li>Rede Fasano, na regi\u00e3o de Tiradentes \u2013 Projeto ligado ao turismo de luxo e \u00e0 valoriza\u00e7\u00e3o do patrim\u00f4nio hist\u00f3rico.<\/li>\n<\/ul>\n<p>\u200bAl\u00e9m dos empreendimentos, o Governo de Minas direcionou diversos investimentos para regi\u00f5es do Mar de Minas, do Circuito Liberdade, Serra do Cip\u00f3, Brumadinho, Caxambu e Po\u00e7os de Caldas, consolidando o turismo sustent\u00e1vel e regionalizado.<\/p>\n<table border=\"0\" cellspacing=\"1\" cellpadding=\"1\" align=\"center\">\n<tbody>\n<tr>\n<td colspan=\"5\"><img decoding=\"async\" src=\"https:\/\/www.agenciaminas.mg.gov.br\/ckeditor_assets\/pictures\/20949\/content_2_olho_topo.jpg\" alt=\"\" \/><\/td>\n<\/tr>\n<tr>\n<td><\/td>\n<td colspan=\"3\" rowspan=\"3\">\n<h1><strong>&#8220;Minas se preparou para crescer. Hoje, temos seguran\u00e7a jur\u00eddica, um ambiente favor\u00e1vel para o investimento e um planejamento estrat\u00e9gico que integra infraestrutura, cultura e turismo. A confian\u00e7a dos investidores \u00e9 o maior sinal de que estamos no caminho certo&#8221;, destaca o governador Romeu Zema.<\/strong><\/h1>\n<\/td>\n<td><\/td>\n<\/tr>\n<tr>\n<td><\/td>\n<td><\/td>\n<\/tr>\n<tr>\n<td><\/td>\n<td><\/td>\n<\/tr>\n<tr>\n<td colspan=\"5\"><img decoding=\"async\" src=\"https:\/\/www.agenciaminas.mg.gov.br\/ckeditor_assets\/pictures\/20950\/content_2_olho_inferior.jpg\" alt=\"\" \/><\/td>\n<\/tr>\n<\/tbody>\n<\/table>\n<p>&nbsp;<\/p>\n<p>Com empreendimentos que combinam sofistica\u00e7\u00e3o, hospitalidade e autenticidade, Minas Gerais vive um boom hoteleiro in\u00e9dito, conectado ao avan\u00e7o da infraestrutura, \u00e0 valoriza\u00e7\u00e3o da cultura e \u00e0 for\u00e7a da gastronomia mineira.<\/p>\n<table border=\"0\" cellspacing=\"1\" cellpadding=\"1\" align=\"center\">\n<tbody>\n<tr>\n<td colspan=\"5\"><img decoding=\"async\" src=\"https:\/\/www.agenciaminas.mg.gov.br\/ckeditor_assets\/pictures\/20949\/content_2_olho_topo.jpg\" alt=\"\" \/><\/td>\n<\/tr>\n<tr>\n<td><\/td>\n<td colspan=\"3\" rowspan=\"3\">\n<h1><strong>&#8220;<\/strong>Minas Gerais vive hoje o seu maior ciclo de prosperidade no turismo. A chegada de grandes redes, nacionais e internacionais, mostra que a economia da criatividade e da hospitalidade se tornou central na nova matriz de desenvolvimento do estado. Estamos transformando o turismo em pol\u00edtica de Estado, com impacto direto em emprego, renda e imagem internacional<strong>&#8220;,\u00a0<\/strong>afirma o secret\u00e1rio de\u00a0<a href=\"https:\/\/www.secult.mg.gov.br\/\" target=\"_blank\" rel=\"noopener\">Estado de Cultura e Turismo<\/a>, Le\u00f4nidas de Oliveira<strong>.<\/strong><\/h1>\n<\/td>\n<td><\/td>\n<\/tr>\n<tr>\n<td><\/td>\n<td><\/td>\n<\/tr>\n<tr>\n<td><\/td>\n<td><\/td>\n<\/tr>\n<tr>\n<td colspan=\"5\"><img decoding=\"async\" src=\"https:\/\/www.agenciaminas.mg.gov.br\/ckeditor_assets\/pictures\/20950\/content_2_olho_inferior.jpg\" alt=\"\" \/><\/td>\n<\/tr>\n<\/tbody>\n<\/table>\n<p>&nbsp;<\/p>\n<p>Em 2025, o setor hoteleiro brasileiro deve investir R$ 10,6 bilh\u00f5es em novos projetos, representando um crescimento de 7,8% em rela\u00e7\u00e3o a 2024. O levantamento mostra ainda que apenas 24% dos projetos est\u00e3o em capitais, e que o interior tornou-se o novo centro din\u00e2mico da hotelaria brasileira.<\/p>\n<p>Com essa nova fase, Minas Gerais consolida-se como destino estrat\u00e9gico da nova hotelaria brasileira, voltada para a experi\u00eancia, a sustentabilidade e a valoriza\u00e7\u00e3o do territ\u00f3rio.<\/p>\n<p>Fonte: Ag\u00eancia Minas<\/p>\n","protected":false},"excerpt":{"rendered":"<p>O setor hoteleiro brasileiro atravessa um novo ciclo de expans\u00e3o, e Minas Gerais desponta como um dos protagonistas desse movimento. Segundo o Panorama da Hotelaria Brasileira 2025, elaborado pela Hotel Invest, o estado \u00e9 o segundo do pa\u00eds com maior n\u00famero de hot\u00e9is em desenvolvimento, somando 21 projetos, atr\u00e1s apenas de S\u00e3o Paulo (37). Minas [&hellip;]<\/p>\n","protected":false},"author":246,"featured_media":228416,"comment_status":"closed","ping_status":"closed","sticky":false,"template":"","format":"standard","meta":{"footnotes":""},"categories":[436,261,254,439],"tags":[],"class_list":["post-228415","post","type-post","status-publish","format-standard","has-post-thumbnail","hentry","category-destaque-da-semana","category-economia","category-politica","category-ultima-hora"],"_links":{"self":[{"href":"https:\/\/diarioregionaldigital.com.br\/index.php?rest_route=\/wp\/v2\/posts\/228415","targetHints":{"allow":["GET"]}}],"collection":[{"href":"https:\/\/diarioregionaldigital.com.br\/index.php?rest_route=\/wp\/v2\/posts"}],"about":[{"href":"https:\/\/diarioregionaldigital.com.br\/index.php?rest_route=\/wp\/v2\/types\/post"}],"author":[{"embeddable":true,"href":"https:\/\/diarioregionaldigital.com.br\/index.php?rest_route=\/wp\/v2\/users\/246"}],"replies":[{"embeddable":true,"href":"https:\/\/diarioregionaldigital.com.br\/index.php?rest_route=%2Fwp%2Fv2%2Fcomments&post=228415"}],"version-history":[{"count":1,"href":"https:\/\/diarioregionaldigital.com.br\/index.php?rest_route=\/wp\/v2\/posts\/228415\/revisions"}],"predecessor-version":[{"id":228417,"href":"https:\/\/diarioregionaldigital.com.br\/index.php?rest_route=\/wp\/v2\/posts\/228415\/revisions\/228417"}],"wp:featuredmedia":[{"embeddable":true,"href":"https:\/\/diarioregionaldigital.com.br\/index.php?rest_route=\/wp\/v2\/media\/228416"}],"wp:attachment":[{"href":"https:\/\/diarioregionaldigital.com.br\/index.php?rest_route=%2Fwp%2Fv2%2Fmedia&parent=228415"}],"wp:term":[{"taxonomy":"category","embeddable":true,"href":"https:\/\/diarioregionaldigital.com.br\/index.php?rest_route=%2Fwp%2Fv2%2Fcategories&post=228415"},{"taxonomy":"post_tag","embeddable":true,"href":"https:\/\/diarioregionaldigital.com.br\/index.php?rest_route=%2Fwp%2Fv2%2Ftags&post=228415"}],"curies":[{"name":"wp","href":"https:\/\/api.w.org\/{rel}","templated":true}]}}