{"id":228412,"date":"2025-05-21T18:34:53","date_gmt":"2025-05-21T21:34:53","guid":{"rendered":"https:\/\/diarioregionaldigital.com.br\/?p=228412"},"modified":"2025-05-21T18:34:53","modified_gmt":"2025-05-21T21:34:53","slug":"agencia-rmbh-fortalece-parcerias-e-debate-politicas-publicas-na-marcha-dos-prefeitos","status":"publish","type":"post","link":"https:\/\/diarioregionaldigital.com.br\/?p=228412","title":{"rendered":"Ag\u00eancia RMBH fortalece parcerias e debate pol\u00edticas p\u00fablicas na Marcha dos Prefeitos"},"content":{"rendered":"<p>Bras\u00edlia recebe a 26\u00aa Marcha a Bras\u00edlia em Defesa dos Munic\u00edpios, realizada pela Confedera\u00e7\u00e3o Nacional dos Munic\u00edpios (CNM), evento que re\u00fane as principais autoridades do pa\u00eds para debater pautas priorit\u00e1rias do municipalismo.<\/p>\n<p>Neste ano, o tema \u201cAutonomia Municipal: a For\u00e7a que Transforma o Brasil\u201d destaca a import\u00e2ncia da independ\u00eancia administrativa e financeira dos munic\u00edpios para o desenvolvimento do pa\u00eds.<\/p>\n<p>A\u00a0<a href=\"https:\/\/www.agenciarmbh.mg.gov.br\/\" target=\"_blank\" rel=\"noopener\">Ag\u00eancia de Desenvolvimento da Regi\u00e3o Metropolitana de Belo Horizonte (Ag\u00eancia RMBH)<\/a>\u00a0participa ativamente do evento, refor\u00e7ando seu compromisso com pol\u00edticas p\u00fablicas voltadas para o crescimento regional.<\/p>\n<p>Al\u00e9m das discuss\u00f5es estrat\u00e9gicas sobre o fortalecimento dos munic\u00edpios mineiros, a presen\u00e7a da autarquia \u00e9 marcada por encontros institucionais e debates fundamentais.<\/p>\n<p>Na ter\u00e7a-feira (20\/5), a diretora-geral da Ag\u00eancia RMBH, Ilce Rocha, encontrou com a governadora de Pernambuco, Raquel Lyra, para debater quest\u00f5es relacionadas ao cons\u00f3rcio de mobilidade da Regi\u00e3o Metropolitana de Recife, refor\u00e7ando o interc\u00e2mbio de boas pr\u00e1ticas entre estados.<\/p>\n<p>J\u00e1 na segunda-feira (19\/5), o chefe de Gabinete da Ag\u00eancia RMBH, Gustavo Valadares, discursou sobre a exist\u00eancia de fundamentos legais para a constru\u00e7\u00e3o de pol\u00edticas p\u00fablicas transformadoras, destacando, entre elas, a educa\u00e7\u00e3o socioemocional dos professores, um tema essencial para a valoriza\u00e7\u00e3o da educa\u00e7\u00e3o e do desenvolvimento humano nas cidades.<\/p>\n<p>Ilce Rocha tamb\u00e9m cumpriu agenda institucional acompanhando prefeitos da Regi\u00e3o Metropolitana de Belo Horizonte (RMBH) em visita aos minist\u00e9rios, fortalecendo o di\u00e1logo entre gestores municipais e o Governo Federal.&#8221;A Marcha \u00e9 um momento estrat\u00e9gico para dialogarmos com gestores municipais, representantes estaduais e autoridades nacionais sobre os desafios que enfrentamos na Regi\u00e3o Metropolitana de Belo Horizonte&#8221;, disse a diretora-geral.<br \/>\nAo longo da programa\u00e7\u00e3o, a Ag\u00eancia RMBH busca consolidar parcerias estrat\u00e9gicas, compartilhar experi\u00eancias bem-sucedidas e contribuir para o desenvolvimento sustent\u00e1vel da RMBH. A expectativa \u00e9 que o evento resulte em avan\u00e7os significativos para os munic\u00edpios mineiros e para todo o pa\u00eds.<\/p>\n<p><strong>Compromisso de Minas<\/strong><\/p>\n<p>Minas Gerais, estado com o maior n\u00famero de munic\u00edpios do Brasil \u2013 853 ao todo, vem se destacando por sua atua\u00e7\u00e3o conjunta entre Governo do Estado e as prefeituras.<\/p>\n<p>Desde 2019, essa parceria tem resultado na regulariza\u00e7\u00e3o dos repasses devidos de gest\u00f5es anteriores e na implementa\u00e7\u00e3o de a\u00e7\u00f5es concretas para melhorar a qualidade de vida da popula\u00e7\u00e3o.<\/p>\n<p>A presen\u00e7a do governador Romeu Zema na Marcha refor\u00e7a a relev\u00e2ncia da participa\u00e7\u00e3o mineira no evento. O chefe do Executivo estadual acompanha debates sobre pautas priorit\u00e1rias para o municipalismo e reafirma o compromisso do Governo com medidas que fortalecem a autonomia das cidades.<\/p>\n<table border=\"0\" cellspacing=\"1\" cellpadding=\"1\" align=\"center\">\n<tbody>\n<tr>\n<td colspan=\"5\"><img decoding=\"async\" src=\"https:\/\/www.agenciaminas.mg.gov.br\/ckeditor_assets\/pictures\/20949\/content_2_olho_topo.jpg\" alt=\"\" \/><\/td>\n<\/tr>\n<tr>\n<td><\/td>\n<td colspan=\"3\" rowspan=\"3\">\n<h1><strong>&#8220;Nossa presen\u00e7a aqui refor\u00e7a o compromisso da Ag\u00eancia RMBH em fortalecer parcerias e buscar solu\u00e7\u00f5es inovadoras para temas como mobilidade urbana e o desenvolvimento socioecon\u00f4mico. Tamb\u00e9m tivemos a oportunidade de trocar experi\u00eancias com outros estados, como Pernambuco, ampliando nosso conhecimento sobre modelos de gest\u00e3o que podem beneficiar nossa popula\u00e7\u00e3o&#8221;, enfatizou Ilce Rocha.<\/strong><\/h1>\n<\/td>\n<td><\/td>\n<\/tr>\n<tr>\n<td><\/td>\n<td><\/td>\n<\/tr>\n<tr>\n<td><\/td>\n<td><\/td>\n<\/tr>\n<tr>\n<td colspan=\"5\"><img decoding=\"async\" src=\"https:\/\/www.agenciaminas.mg.gov.br\/ckeditor_assets\/pictures\/20950\/content_2_olho_inferior.jpg\" alt=\"\" \/><\/td>\n<\/tr>\n<\/tbody>\n<tbody>\n<tr>\n<td colspan=\"5\"><img decoding=\"async\" src=\"https:\/\/www.agenciaminas.mg.gov.br\/ckeditor_assets\/pictures\/20949\/content_2_olho_topo.jpg\" alt=\"\" \/><\/td>\n<\/tr>\n<tr>\n<td><\/td>\n<td colspan=\"3\" rowspan=\"3\">\n<h1><strong>&#8220;Tenho uma gest\u00e3o ch\u00e3o de f\u00e1brica, sempre visito o interior do estado. Para fazer boas entregas, voc\u00ea tem que ir onde a vida das pessoas acontece. Conversando com os produtores rurais, associa\u00e7\u00f5es comerciais, prefeitos e lideran\u00e7as\u00a0\u00e9 poss\u00edvel saber o real problema da cidade e tomar melhores decis\u00f5es para solucion\u00e1-lo&#8221;, pontuou Romeu Zema.<\/strong><\/h1>\n<\/td>\n<td><\/td>\n<\/tr>\n<tr>\n<td><\/td>\n<td><\/td>\n<\/tr>\n<tr>\n<td><\/td>\n<td><\/td>\n<\/tr>\n<tr>\n<td colspan=\"5\"><\/td>\n<\/tr>\n<\/tbody>\n<\/table>\n<p>Fonte: Ag\u00eancia Minas<\/p>\n","protected":false},"excerpt":{"rendered":"<p>Bras\u00edlia recebe a 26\u00aa Marcha a Bras\u00edlia em Defesa dos Munic\u00edpios, realizada pela Confedera\u00e7\u00e3o Nacional dos Munic\u00edpios (CNM), evento que re\u00fane as principais autoridades do pa\u00eds para debater pautas priorit\u00e1rias do municipalismo. Neste ano, o tema \u201cAutonomia Municipal: a For\u00e7a que Transforma o Brasil\u201d destaca a import\u00e2ncia da independ\u00eancia administrativa e financeira dos munic\u00edpios para [&hellip;]<\/p>\n","protected":false},"author":246,"featured_media":228413,"comment_status":"closed","ping_status":"closed","sticky":false,"template":"","format":"standard","meta":{"footnotes":""},"categories":[436,440,261,254,439],"tags":[],"class_list":["post-228412","post","type-post","status-publish","format-standard","has-post-thumbnail","hentry","category-destaque-da-semana","category-destaques-do-dia","category-economia","category-politica","category-ultima-hora"],"_links":{"self":[{"href":"https:\/\/diarioregionaldigital.com.br\/index.php?rest_route=\/wp\/v2\/posts\/228412","targetHints":{"allow":["GET"]}}],"collection":[{"href":"https:\/\/diarioregionaldigital.com.br\/index.php?rest_route=\/wp\/v2\/posts"}],"about":[{"href":"https:\/\/diarioregionaldigital.com.br\/index.php?rest_route=\/wp\/v2\/types\/post"}],"author":[{"embeddable":true,"href":"https:\/\/diarioregionaldigital.com.br\/index.php?rest_route=\/wp\/v2\/users\/246"}],"replies":[{"embeddable":true,"href":"https:\/\/diarioregionaldigital.com.br\/index.php?rest_route=%2Fwp%2Fv2%2Fcomments&post=228412"}],"version-history":[{"count":1,"href":"https:\/\/diarioregionaldigital.com.br\/index.php?rest_route=\/wp\/v2\/posts\/228412\/revisions"}],"predecessor-version":[{"id":228414,"href":"https:\/\/diarioregionaldigital.com.br\/index.php?rest_route=\/wp\/v2\/posts\/228412\/revisions\/228414"}],"wp:featuredmedia":[{"embeddable":true,"href":"https:\/\/diarioregionaldigital.com.br\/index.php?rest_route=\/wp\/v2\/media\/228413"}],"wp:attachment":[{"href":"https:\/\/diarioregionaldigital.com.br\/index.php?rest_route=%2Fwp%2Fv2%2Fmedia&parent=228412"}],"wp:term":[{"taxonomy":"category","embeddable":true,"href":"https:\/\/diarioregionaldigital.com.br\/index.php?rest_route=%2Fwp%2Fv2%2Fcategories&post=228412"},{"taxonomy":"post_tag","embeddable":true,"href":"https:\/\/diarioregionaldigital.com.br\/index.php?rest_route=%2Fwp%2Fv2%2Ftags&post=228412"}],"curies":[{"name":"wp","href":"https:\/\/api.w.org\/{rel}","templated":true}]}}