{"id":228409,"date":"2025-05-21T18:33:51","date_gmt":"2025-05-21T21:33:51","guid":{"rendered":"https:\/\/diarioregionaldigital.com.br\/?p=228409"},"modified":"2025-05-21T18:33:51","modified_gmt":"2025-05-21T21:33:51","slug":"pequenos-negocios-mineiros-sao-responsaveis-por-mais-da-metade-dos-empregos-no-primeiro-trimestre","status":"publish","type":"post","link":"https:\/\/diarioregionaldigital.com.br\/?p=228409","title":{"rendered":"Pequenos neg\u00f3cios mineiros s\u00e3o respons\u00e1veis por mais da metade dos empregos no primeiro trimestre"},"content":{"rendered":"<p>Minas Gerais abriu 75.896 novos postos de trabalho nos tr\u00eas primeiros meses do ano, sendo as micro e pequenas empresas (MPEs) respons\u00e1veis por 43.369 ocupa\u00e7\u00f5es geradas at\u00e9 mar\u00e7o, um percentual de 57%.<\/p>\n<p>Os dados s\u00e3o do painel Mercado de Trabalho da plataforma Intelig\u00eancia do Servi\u00e7o Brasileiro de Apoio \u00e0s Micro e Pequenas Empresas (Sebrae Minas), e indicam que o estado est\u00e1 em segundo lugar na gera\u00e7\u00e3o de empregos por MPEs, ficando atr\u00e1s somente de S\u00e3o Paulo (116.434).<\/p>\n<p>Entretanto, no estado paulista a participa\u00e7\u00e3o dos pequenos neg\u00f3cios na gera\u00e7\u00e3o total dos empregos \u00e9 menor que em Minas (55%).<\/p>\n<p>A secret\u00e1ria de\u00a0<a href=\"https:\/\/desenvolvimento.mg.gov.br\/\" target=\"_blank\" rel=\"noopener\">Estado de Desenvolvimento Econ\u00f4mico de Minas Gerais<\/a>, Mila Corr\u00eaa da Costa, destaca as a\u00e7\u00f5es do\u00a0<a href=\"https:\/\/www.mg.gov.br\/\" target=\"_blank\" rel=\"noopener\">Governo de Minas<\/a>\u00a0como fator determinante para a manuten\u00e7\u00e3o do protagonismo dos pequenos neg\u00f3cios.<\/p>\n<table border=\"0\" cellspacing=\"1\" cellpadding=\"1\" align=\"center\">\n<tbody>\n<tr>\n<td colspan=\"5\"><img decoding=\"async\" src=\"https:\/\/www.agenciaminas.mg.gov.br\/ckeditor_assets\/pictures\/20949\/content_2_olho_topo.jpg\" alt=\"\" \/><\/td>\n<\/tr>\n<tr>\n<td><\/td>\n<td colspan=\"3\" rowspan=\"3\">\n<h1><strong>&#8220;A participa\u00e7\u00e3o das MPEs refor\u00e7a o qu\u00e3o importante \u00e9 a liberdade econ\u00f4mica para que o empreendedorismo n\u00e3o seja apenas um sonho, mas uma realidade. Hoje, os mineiros, tem um caminho livre para ter sua pr\u00f3pria empresa e isso garante mais oportunidades de empregos e renda no estado&#8221;, ressalta a secret\u00e1ria.<\/strong><\/h1>\n<\/td>\n<td><\/td>\n<\/tr>\n<tr>\n<td><\/td>\n<td><\/td>\n<\/tr>\n<tr>\n<td><\/td>\n<td><\/td>\n<\/tr>\n<tr>\n<td colspan=\"5\"><img decoding=\"async\" src=\"https:\/\/www.agenciaminas.mg.gov.br\/ckeditor_assets\/pictures\/20950\/content_2_olho_inferior.jpg\" alt=\"\" \/><\/td>\n<\/tr>\n<\/tbody>\n<\/table>\n<p>&nbsp;<\/p>\n<p><strong>Regi\u00f5es que mais geraram empregos<\/strong><\/p>\n<p>Durante o primeiro trimestre, as MPEs da regi\u00e3o Central responderam pelo saldo de 11.798 novas vagas de emprego no estado, seguida pelo Tri\u00e2ngulo Mineiro (9.239) e Centro-Oeste\/Sudoeste (5.759).<\/p>\n<p>Em mar\u00e7o, o Noroeste de Minas e o Alto Parana\u00edba lideraram a gera\u00e7\u00e3o de novos postos de trabalho, sendo respons\u00e1veis por 3.398 ocupa\u00e7\u00f5es. Na sequ\u00eancia estiveram o Tri\u00e2ngulo Mineiro com 2.033 e a regi\u00e3o Central com 1.015 empregos gerados.<\/p>\n<p><strong>Setor de servi\u00e7os lidera<\/strong><\/p>\n<p>No acumulado do ano, o setor de servi\u00e7os foi o maior empregador entre as MPEs com saldo de 23.036, seguido pela agropecu\u00e1ria (10.217) e ind\u00fastria de transforma\u00e7\u00e3o (7.188).<\/p>\n<p>O segmento de servi\u00e7os tamb\u00e9m liderou em mar\u00e7o, com 6.209 postos de trabalho criados pelos pequenos neg\u00f3cios, estando a frente de agropecu\u00e1ria (3.633) e constru\u00e7\u00e3o civil (923).<\/p>\n<p>Fonte: Ag\u00eancia Minas<\/p>\n","protected":false},"excerpt":{"rendered":"<p>Minas Gerais abriu 75.896 novos postos de trabalho nos tr\u00eas primeiros meses do ano, sendo as micro e pequenas empresas (MPEs) respons\u00e1veis por 43.369 ocupa\u00e7\u00f5es geradas at\u00e9 mar\u00e7o, um percentual de 57%. Os dados s\u00e3o do painel Mercado de Trabalho da plataforma Intelig\u00eancia do Servi\u00e7o Brasileiro de Apoio \u00e0s Micro e Pequenas Empresas (Sebrae Minas), [&hellip;]<\/p>\n","protected":false},"author":246,"featured_media":228410,"comment_status":"closed","ping_status":"closed","sticky":false,"template":"","format":"standard","meta":{"footnotes":""},"categories":[436,440,261,254,439],"tags":[],"class_list":["post-228409","post","type-post","status-publish","format-standard","has-post-thumbnail","hentry","category-destaque-da-semana","category-destaques-do-dia","category-economia","category-politica","category-ultima-hora"],"_links":{"self":[{"href":"https:\/\/diarioregionaldigital.com.br\/index.php?rest_route=\/wp\/v2\/posts\/228409","targetHints":{"allow":["GET"]}}],"collection":[{"href":"https:\/\/diarioregionaldigital.com.br\/index.php?rest_route=\/wp\/v2\/posts"}],"about":[{"href":"https:\/\/diarioregionaldigital.com.br\/index.php?rest_route=\/wp\/v2\/types\/post"}],"author":[{"embeddable":true,"href":"https:\/\/diarioregionaldigital.com.br\/index.php?rest_route=\/wp\/v2\/users\/246"}],"replies":[{"embeddable":true,"href":"https:\/\/diarioregionaldigital.com.br\/index.php?rest_route=%2Fwp%2Fv2%2Fcomments&post=228409"}],"version-history":[{"count":1,"href":"https:\/\/diarioregionaldigital.com.br\/index.php?rest_route=\/wp\/v2\/posts\/228409\/revisions"}],"predecessor-version":[{"id":228411,"href":"https:\/\/diarioregionaldigital.com.br\/index.php?rest_route=\/wp\/v2\/posts\/228409\/revisions\/228411"}],"wp:featuredmedia":[{"embeddable":true,"href":"https:\/\/diarioregionaldigital.com.br\/index.php?rest_route=\/wp\/v2\/media\/228410"}],"wp:attachment":[{"href":"https:\/\/diarioregionaldigital.com.br\/index.php?rest_route=%2Fwp%2Fv2%2Fmedia&parent=228409"}],"wp:term":[{"taxonomy":"category","embeddable":true,"href":"https:\/\/diarioregionaldigital.com.br\/index.php?rest_route=%2Fwp%2Fv2%2Fcategories&post=228409"},{"taxonomy":"post_tag","embeddable":true,"href":"https:\/\/diarioregionaldigital.com.br\/index.php?rest_route=%2Fwp%2Fv2%2Ftags&post=228409"}],"curies":[{"name":"wp","href":"https:\/\/api.w.org\/{rel}","templated":true}]}}