{"id":228406,"date":"2025-05-20T19:11:25","date_gmt":"2025-05-20T22:11:25","guid":{"rendered":"https:\/\/diarioregionaldigital.com.br\/?p=228406"},"modified":"2025-05-20T19:11:25","modified_gmt":"2025-05-20T22:11:25","slug":"1a-conferencia-municipal-de-direitos-humanos-de-jf-ira-fortalecer-a-participacao-social-nos-proximos-dias-23-e-24","status":"publish","type":"post","link":"https:\/\/diarioregionaldigital.com.br\/?p=228406","title":{"rendered":"1\u00aa Confer\u00eancia Municipal de Direitos Humanos de JF ir\u00e1 fortalecer a participa\u00e7\u00e3o social nos pr\u00f3ximos dias 23 e 24"},"content":{"rendered":"<p>Segundo informa\u00e7\u00f5es do site da Prefeitura de Juiz de Fora (PJF),\u00a0 na pr\u00f3xima sexta- feira, 23, e s\u00e1bado, 24, ser\u00e1 realizada a 1\u00aa Confer\u00eancia Municipal de Direitos Humanos de Juiz de Fora (CMDH\/JF), promovida pela Secretaria Especial de Direitos Humanos (SEDH) da Prefeitura de Juiz de Fora (PJF). A confer\u00eancia ter\u00e1 como tema: \u201cPor um Sistema Municipal, Estadual e Nacional de Direitos Humanos: consolidar a democracia, resistir aos retrocessos e avan\u00e7ar na garantia de direitos para todas as pessoas\u201d. A abertura contar\u00e1 com a palestra magna do presidente do Tribunal de Contas de Minas Gerais, Durval \u00c2ngelo.<\/p>\n<p>Representantes de diversos segmentos j\u00e1 confirmaram presen\u00e7a no evento, como o prefeito em exerc\u00edcio, Z\u00e9 M\u00e1rcio Garotinho, o assessor especial de Defesa da Democracia, Mem\u00f3ria e Verdade do Minist\u00e9rio dos Direitos Humanos e da Cidadania, Nilm\u00e1rio Miranda,\u00a0 o promotor H\u00e9lvio Sim\u00f5es, a representante da OAB\/JF, Michelle Leal, o Conselheiro da Comiss\u00e3o de Direitos Humanos e Liberdade de Express\u00e3o da Associa\u00e7\u00e3o Brasileira de Imprensa, Xico Teixeira, o Delegado Regional da Pol\u00edcia Civil, Bruno dos Santos e a Pr\u00f3-Reitora de Extens\u00e3o da Universidade Federal de Juiz de Fora, \u00c9rika Andrade.<\/p>\n<p>De acordo com o secret\u00e1rio especial de Direitos Humanos, Biel Rocha, a confer\u00eancia ser\u00e1 um espa\u00e7o de constru\u00e7\u00e3o coletiva, participa\u00e7\u00e3o social e fortalecimento das pol\u00edticas p\u00fablicas de direitos humanos. \u201cEste \u00e9 um compromisso de Juiz de Fora com os princ\u00edpios da democracia, da justi\u00e7a social e da dignidade humana. Adotamos uma metodologia in\u00e9dita de sele\u00e7\u00e3o de delegados. J\u00e1 s\u00e3o 330 eleitos. Desde o \u00faltimo m\u00eas, representantes da SEDH t\u00eam participado de reuni\u00f5es com grupos, coletivos e associa\u00e7\u00f5es de diversos segmentos para eleger representantes para a confer\u00eancia com o objetivo de ampliar o debate\u201d.<\/p>\n<p>S\u00e3o objetivos da 1\u00aa CMDH\/JF: diagnosticar as principais viola\u00e7\u00f5es de direitos humanos no contexto municipal; propor estrat\u00e9gias concretas de enfrentamento \u00e0s viola\u00e7\u00f5es e aos retrocessos; consolidar a agenda municipal de direitos humanos; fomentar o fortalecimento institucional de \u00f3rg\u00e3os e conselhos voltados \u00e0 promo\u00e7\u00e3o e defesa dos direitos humanos e garantir ampla participa\u00e7\u00e3o social, incluindo popula\u00e7\u00f5es historicamente marginalizadas.<\/p>\n<p><strong>Confira a programa\u00e7\u00e3o completa da 1\u00aa Confer\u00eancia Municipal dos Direitos Humanos de Juiz de Fora:<\/strong><\/p>\n<p>* Sexta-feira, 23:<\/p>\n<p>Local: Teatro Academia \u2013 Rua Halfeld, 1.179, Centro<\/p>\n<p>18h30 \u2013 Coffee break e credenciamento<\/p>\n<p>19h \u2013 Mesa de abertura<\/p>\n<p>19h30 \u00e0s 21h \u2013 Palestra magna: &#8220;Por um sistema Municipal, Estadual e Nacional de direitos humanos: consolidar a democracia, resistir aos retrocessos e avan\u00e7ar na garantia de direitos para todas as pessoas&#8221;, com o Presidente do Tribunal de Contas de Minas Gerais, Durval \u00c2ngelo.<\/p>\n<p><u>Biografia:<\/u>\u00a0Natural da cidade de Baixo Guandu, no Esp\u00edrito Santo, Durval foi seminarista e se formou em Filosofia, Teologia, Pedagogia e se especializou em Educa\u00e7\u00e3o. \u00c9 professor licenciado da rede p\u00fablica de Belo Horizonte e aposentado da rede de Contagem. Ap\u00f3s seis mandatos como deputado estadual em Minas Gerais, Durval \u00c2ngelo Andrade foi indicado, em 2018, para ocupar a vaga de conselheiro do Tribunal de Contas mineiro. Ingressou na pol\u00edtica em Contagem, sendo eleito duas vezes para a C\u00e2mara Municipal, em 1988 e 1992. Em 1994, elegeu-se deputado estadual pela primeira vez, sendo reeleito em outros tr\u00eas pleitos. Na Assembleia Legislativa de Minas Gerais (ALMG), presidiu a Comiss\u00e3o de Direitos Humanos por 12 anos.<\/p>\n<p>* S\u00e1bado, 24:<\/p>\n<p>Local: Teatro Academia \u2013 Rua Halfeld, 1.179, Centro<\/p>\n<p>7h30 &#8211; credenciamento + coffee break<\/p>\n<p>8h &#8211; reuni\u00e3o de orienta\u00e7\u00e3o inicial para pessoas delegadas<\/p>\n<p>8h30 \u00e0s 9h30 &#8211; Pain\u00e9is tem\u00e1ticos com Robson S\u00e1vio (Presidente do Conselho Estadual de Defesa dos Direitos Humanos), Bruno Stigert de Sousa (Professor da Universidade Federal de Juiz de Fora), Gild\u00e1zio Alves dos Santos (Conselheiro do Movimento Nacional dos Direitos Humanos) e Arine Ca\u00e7ador Martin (Secret\u00e1ria-executiva do Conselho Nacional de Defesa dos Direitos Humanos)<\/p>\n<p>9h30\u00a0 &#8211; Grupos Tem\u00e1ticos<\/p>\n<p>12h &#8211; Intervalo<\/p>\n<p>13h30 &#8211; Grupos Tem\u00e1ticos<\/p>\n<p>15h30 &#8211; Intervalo (coffee break)<\/p>\n<p>16h &#8211; Plen\u00e1ria Final<\/p>\n","protected":false},"excerpt":{"rendered":"<p>Segundo informa\u00e7\u00f5es do site da Prefeitura de Juiz de Fora (PJF),\u00a0 na pr\u00f3xima sexta- feira, 23, e s\u00e1bado, 24, ser\u00e1 realizada a 1\u00aa Confer\u00eancia Municipal de Direitos Humanos de Juiz de Fora (CMDH\/JF), promovida pela Secretaria Especial de Direitos Humanos (SEDH) da Prefeitura de Juiz de Fora (PJF). A confer\u00eancia ter\u00e1 como tema: \u201cPor um [&hellip;]<\/p>\n","protected":false},"author":246,"featured_media":228407,"comment_status":"closed","ping_status":"closed","sticky":false,"template":"","format":"standard","meta":{"footnotes":""},"categories":[253,436,439],"tags":[],"class_list":["post-228406","post","type-post","status-publish","format-standard","has-post-thumbnail","hentry","category-cidade","category-destaque-da-semana","category-ultima-hora"],"_links":{"self":[{"href":"https:\/\/diarioregionaldigital.com.br\/index.php?rest_route=\/wp\/v2\/posts\/228406","targetHints":{"allow":["GET"]}}],"collection":[{"href":"https:\/\/diarioregionaldigital.com.br\/index.php?rest_route=\/wp\/v2\/posts"}],"about":[{"href":"https:\/\/diarioregionaldigital.com.br\/index.php?rest_route=\/wp\/v2\/types\/post"}],"author":[{"embeddable":true,"href":"https:\/\/diarioregionaldigital.com.br\/index.php?rest_route=\/wp\/v2\/users\/246"}],"replies":[{"embeddable":true,"href":"https:\/\/diarioregionaldigital.com.br\/index.php?rest_route=%2Fwp%2Fv2%2Fcomments&post=228406"}],"version-history":[{"count":1,"href":"https:\/\/diarioregionaldigital.com.br\/index.php?rest_route=\/wp\/v2\/posts\/228406\/revisions"}],"predecessor-version":[{"id":228408,"href":"https:\/\/diarioregionaldigital.com.br\/index.php?rest_route=\/wp\/v2\/posts\/228406\/revisions\/228408"}],"wp:featuredmedia":[{"embeddable":true,"href":"https:\/\/diarioregionaldigital.com.br\/index.php?rest_route=\/wp\/v2\/media\/228407"}],"wp:attachment":[{"href":"https:\/\/diarioregionaldigital.com.br\/index.php?rest_route=%2Fwp%2Fv2%2Fmedia&parent=228406"}],"wp:term":[{"taxonomy":"category","embeddable":true,"href":"https:\/\/diarioregionaldigital.com.br\/index.php?rest_route=%2Fwp%2Fv2%2Fcategories&post=228406"},{"taxonomy":"post_tag","embeddable":true,"href":"https:\/\/diarioregionaldigital.com.br\/index.php?rest_route=%2Fwp%2Fv2%2Ftags&post=228406"}],"curies":[{"name":"wp","href":"https:\/\/api.w.org\/{rel}","templated":true}]}}