{"id":228394,"date":"2025-05-20T19:00:30","date_gmt":"2025-05-20T22:00:30","guid":{"rendered":"https:\/\/diarioregionaldigital.com.br\/?p=228394"},"modified":"2025-05-20T19:00:30","modified_gmt":"2025-05-20T22:00:30","slug":"minas-gerais-lidera-vacinacao-contra-influenza-no-dia-d-da-campanha-nacional","status":"publish","type":"post","link":"https:\/\/diarioregionaldigital.com.br\/?p=228394","title":{"rendered":"Minas Gerais lidera vacina\u00e7\u00e3o contra influenza no dia D da campanha nacional"},"content":{"rendered":"<p>Minas Gerais foi o estado brasileiro que, proporcionalmente, mais aplicou doses da vacina contra a influenza no dia D da campanha nacional, realizado em 10\/5. Em apenas um dia, foram administradas 338 mil doses, o que representa 21,23% do total aplicado no pa\u00eds. A mobiliza\u00e7\u00e3o contou com a participa\u00e7\u00e3o expressiva dos munic\u00edpios mineiros e refletiu o esfor\u00e7o coletivo para ampliar a cobertura vacinal.<\/p>\n<p dir=\"ltr\">O subsecret\u00e1rio de Vigil\u00e2ncia em Sa\u00fade da\u00a0<a href=\"https:\/\/www.saude.mg.gov.br\/\" target=\"_blank\" rel=\"noopener\">Secretaria de Estado de Sa\u00fade de Minas Gerais (SES-MG)<\/a>, Eduardo Prosdocimi, ressaltou o impacto da a\u00e7\u00e3o conjunta entre Estado e munic\u00edpios.<\/p>\n<p dir=\"ltr\">\u201cEsse resultado \u00e9 fruto de um trabalho intenso de articula\u00e7\u00e3o, investimento e planejamento. Mobilizamos profissionais de sa\u00fade, equipes de vacina\u00e7\u00e3o e a pr\u00f3pria popula\u00e7\u00e3o para alcan\u00e7ar um n\u00famero t\u00e3o expressivo em apenas 24 horas\u201d, afirmou.<\/p>\n<p dir=\"ltr\">Prosdocimi destacou ainda que a ades\u00e3o dos munic\u00edpios foi essencial para o sucesso da campanha.<\/p>\n<p dir=\"ltr\">\u201cMais de 85% das cidades mineiras participaram ativamente do dia D, com a\u00e7\u00f5es dentro das unidades de sa\u00fade e o uso de estrat\u00e9gias como os vacim\u00f3veis. Todas as 28 regionais de sa\u00fade estiveram engajadas. Essa capilaridade foi fundamental para levar a vacina a quem mais precisa\u201d, completou.<\/p>\n<p dir=\"ltr\"><strong>Campanha 2025<\/strong><\/p>\n<p dir=\"ltr\">Desde o in\u00edcio da campanha, em 7\/4, at\u00e9 19\/5, Minas Gerais j\u00e1 aplicou 3.524.452 doses da vacina contra a gripe. Ao todo, a SES-MG recebeu 5,7 milh\u00f5es de doses, que foram distribu\u00eddas aos munic\u00edpios. Minas foi o primeiro estado brasileiro a ampliar a imuniza\u00e7\u00e3o para toda a popula\u00e7\u00e3o acima de seis meses de idade, antecipando a recomenda\u00e7\u00e3o do Minist\u00e9rio da Sa\u00fade.<\/p>\n<p dir=\"ltr\">Neste ano, a vacina contra a influenza passou a integrar o calend\u00e1rio de rotina do Programa Nacional de Imuniza\u00e7\u00f5es (PNI), estando dispon\u00edvel durante todo o ano nas unidades de sa\u00fade. A dose de 2025 protege contra os v\u00edrus influenza A H1N1, H3N2 e influenza B, e pode ser administrada juntamente com outras vacinas previstas no calend\u00e1rio nacional.<\/p>\n<p dir=\"ltr\">A vacina\u00e7\u00e3o \u00e9 essencial para reduzir casos graves e mortes causadas pela gripe, especialmente entre idosos, crian\u00e7as pequenas, gestantes e pessoas com comorbidades. A doen\u00e7a, embora comum, pode evoluir para complica\u00e7\u00f5es graves como pneumonia e levar \u00e0 interna\u00e7\u00e3o hospitalar.<\/p>\n<p dir=\"ltr\"><strong>Panorama da influenza em Minas<\/strong><\/p>\n<p dir=\"ltr\">De acordo com dados do SUSF\u00e1cil, sistema estadual de regula\u00e7\u00e3o, j\u00e1 foram registradas 1.022 interna\u00e7\u00f5es por complica\u00e7\u00f5es da gripe em 2025. O Sistema de Informa\u00e7\u00e3o da Vigil\u00e2ncia Epidemiol\u00f3gica da Gripe (Sivep-Gripe) tamb\u00e9m contabilizou 21 \u00f3bitos no estado no mesmo per\u00edodo. Os n\u00fameros refor\u00e7am a import\u00e2ncia da imuniza\u00e7\u00e3o como ferramenta de prote\u00e7\u00e3o coletiva.<\/p>\n<p>Fonte: Ag\u00eancia Minas<\/p>\n","protected":false},"excerpt":{"rendered":"<p>Minas Gerais foi o estado brasileiro que, proporcionalmente, mais aplicou doses da vacina contra a influenza no dia D da campanha nacional, realizado em 10\/5. Em apenas um dia, foram administradas 338 mil doses, o que representa 21,23% do total aplicado no pa\u00eds. A mobiliza\u00e7\u00e3o contou com a participa\u00e7\u00e3o expressiva dos munic\u00edpios mineiros e refletiu [&hellip;]<\/p>\n","protected":false},"author":246,"featured_media":228395,"comment_status":"closed","ping_status":"closed","sticky":false,"template":"","format":"standard","meta":{"footnotes":""},"categories":[436,261,254,439],"tags":[],"class_list":["post-228394","post","type-post","status-publish","format-standard","has-post-thumbnail","hentry","category-destaque-da-semana","category-economia","category-politica","category-ultima-hora"],"_links":{"self":[{"href":"https:\/\/diarioregionaldigital.com.br\/index.php?rest_route=\/wp\/v2\/posts\/228394","targetHints":{"allow":["GET"]}}],"collection":[{"href":"https:\/\/diarioregionaldigital.com.br\/index.php?rest_route=\/wp\/v2\/posts"}],"about":[{"href":"https:\/\/diarioregionaldigital.com.br\/index.php?rest_route=\/wp\/v2\/types\/post"}],"author":[{"embeddable":true,"href":"https:\/\/diarioregionaldigital.com.br\/index.php?rest_route=\/wp\/v2\/users\/246"}],"replies":[{"embeddable":true,"href":"https:\/\/diarioregionaldigital.com.br\/index.php?rest_route=%2Fwp%2Fv2%2Fcomments&post=228394"}],"version-history":[{"count":1,"href":"https:\/\/diarioregionaldigital.com.br\/index.php?rest_route=\/wp\/v2\/posts\/228394\/revisions"}],"predecessor-version":[{"id":228396,"href":"https:\/\/diarioregionaldigital.com.br\/index.php?rest_route=\/wp\/v2\/posts\/228394\/revisions\/228396"}],"wp:featuredmedia":[{"embeddable":true,"href":"https:\/\/diarioregionaldigital.com.br\/index.php?rest_route=\/wp\/v2\/media\/228395"}],"wp:attachment":[{"href":"https:\/\/diarioregionaldigital.com.br\/index.php?rest_route=%2Fwp%2Fv2%2Fmedia&parent=228394"}],"wp:term":[{"taxonomy":"category","embeddable":true,"href":"https:\/\/diarioregionaldigital.com.br\/index.php?rest_route=%2Fwp%2Fv2%2Fcategories&post=228394"},{"taxonomy":"post_tag","embeddable":true,"href":"https:\/\/diarioregionaldigital.com.br\/index.php?rest_route=%2Fwp%2Fv2%2Ftags&post=228394"}],"curies":[{"name":"wp","href":"https:\/\/api.w.org\/{rel}","templated":true}]}}