{"id":228385,"date":"2025-05-20T18:56:28","date_gmt":"2025-05-20T21:56:28","guid":{"rendered":"https:\/\/diarioregionaldigital.com.br\/?p=228385"},"modified":"2025-05-20T18:56:28","modified_gmt":"2025-05-20T21:56:28","slug":"copasa-investe-r-226-milhoes-na-construcao-de-unidades-de-tratamento-de-residuos-em-diversas-regioes-de-minas","status":"publish","type":"post","link":"https:\/\/diarioregionaldigital.com.br\/?p=228385","title":{"rendered":"Copasa investe R$ 22,6 milh\u00f5es na constru\u00e7\u00e3o de Unidades de Tratamento de Res\u00edduos em diversas regi\u00f5es de Minas"},"content":{"rendered":"<p>A\u00a0<a href=\"https:\/\/www.copasa.com.br\/wps\/portal\/internet\/\" target=\"_blank\" rel=\"noopener\">Companhia de Saneamento de Minas Gerais (Copasa)<\/a>\u00a0est\u00e1 investindo R$ 22,67 milh\u00f5es para a constru\u00e7\u00e3o de Unidades de Tratamento de Res\u00edduos (UTRs) em Arcos, no Centro-Oeste do estado, Paracatu, no Noroeste, e Frutal e Iturama, no Tri\u00e2ngulo.<\/p>\n<p>As obras, iniciadas no primeiro trimestre deste ano, devem ser conclu\u00eddas at\u00e9 a segunda metade de 2026, beneficiando quase 230 mil pessoas em diversas regi\u00f5es do estado.<\/p>\n<p>As UTRs s\u00e3o equipamentos que t\u00eam por objetivo processar o lodo gerado durante a opera\u00e7\u00e3o que torna a \u00e1gua pot\u00e1vel. Contam com um compartimento denominado de tanque de sedimenta\u00e7\u00e3o, que recebe as descargas das estruturas que trabalham para eliminar as part\u00edculas s\u00f3lidas e org\u00e2nicas da \u00e1gua que passa pela Esta\u00e7\u00e3o de Tratamento (ETA), os chamados filtros e decantadores.<\/p>\n<p>\u201cNesse tanque ocorre uma separa\u00e7\u00e3o. O que \u00e9 maci\u00e7o desce e passa por um processo de desidrata\u00e7\u00e3o e o que restar, posteriormente, ser\u00e1 descartado de maneira adequada por uma empresa especializada. O que \u00e9 l\u00edquido, sobe, e \u00e9 redirecionado para o manancial, sem causar danos ao mesmo\u201d, detalhou Fabr\u00edcio Rezende, titular da Ger\u00eancia de Expans\u00e3o Centro-Oeste.<\/p>\n<p>Cristiane Carneiro, superintendente da Copasa no Centro-Oeste mineiro, evidenciou os benef\u00edcios da unidade. \u201cDe forma natural, quando a \u00e1gua \u00e9 captada em algum rio, part\u00edculas org\u00e2nicas tamb\u00e9m s\u00e3o sugadas no processo. Com a UTR, elas ganham uma nova destina\u00e7\u00e3o, o que favorece a preven\u00e7\u00e3o do assoreamento dos mananciais. J\u00e1 o que sobrou da \u00e1gua retorna para os corpos h\u00eddricos, ampliando sua perpetuidade\u201d, concluiu.<\/p>\n<p>A previs\u00e3o \u00e9 de que as UTRs comecem a operar com a conclus\u00e3o das obras, tornando-se aliadas na preserva\u00e7\u00e3o do meio ambiente para garantir que as gera\u00e7\u00f5es atuais e futuras tenham acesso aos recursos naturais.<\/p>\n<p>Fonte: Ag\u00eancia Minas<\/p>\n","protected":false},"excerpt":{"rendered":"<p>A\u00a0Companhia de Saneamento de Minas Gerais (Copasa)\u00a0est\u00e1 investindo R$ 22,67 milh\u00f5es para a constru\u00e7\u00e3o de Unidades de Tratamento de Res\u00edduos (UTRs) em Arcos, no Centro-Oeste do estado, Paracatu, no Noroeste, e Frutal e Iturama, no Tri\u00e2ngulo. As obras, iniciadas no primeiro trimestre deste ano, devem ser conclu\u00eddas at\u00e9 a segunda metade de 2026, beneficiando quase [&hellip;]<\/p>\n","protected":false},"author":246,"featured_media":228386,"comment_status":"closed","ping_status":"closed","sticky":false,"template":"","format":"standard","meta":{"footnotes":""},"categories":[436,440,261,254,439],"tags":[],"class_list":["post-228385","post","type-post","status-publish","format-standard","has-post-thumbnail","hentry","category-destaque-da-semana","category-destaques-do-dia","category-economia","category-politica","category-ultima-hora"],"_links":{"self":[{"href":"https:\/\/diarioregionaldigital.com.br\/index.php?rest_route=\/wp\/v2\/posts\/228385","targetHints":{"allow":["GET"]}}],"collection":[{"href":"https:\/\/diarioregionaldigital.com.br\/index.php?rest_route=\/wp\/v2\/posts"}],"about":[{"href":"https:\/\/diarioregionaldigital.com.br\/index.php?rest_route=\/wp\/v2\/types\/post"}],"author":[{"embeddable":true,"href":"https:\/\/diarioregionaldigital.com.br\/index.php?rest_route=\/wp\/v2\/users\/246"}],"replies":[{"embeddable":true,"href":"https:\/\/diarioregionaldigital.com.br\/index.php?rest_route=%2Fwp%2Fv2%2Fcomments&post=228385"}],"version-history":[{"count":1,"href":"https:\/\/diarioregionaldigital.com.br\/index.php?rest_route=\/wp\/v2\/posts\/228385\/revisions"}],"predecessor-version":[{"id":228387,"href":"https:\/\/diarioregionaldigital.com.br\/index.php?rest_route=\/wp\/v2\/posts\/228385\/revisions\/228387"}],"wp:featuredmedia":[{"embeddable":true,"href":"https:\/\/diarioregionaldigital.com.br\/index.php?rest_route=\/wp\/v2\/media\/228386"}],"wp:attachment":[{"href":"https:\/\/diarioregionaldigital.com.br\/index.php?rest_route=%2Fwp%2Fv2%2Fmedia&parent=228385"}],"wp:term":[{"taxonomy":"category","embeddable":true,"href":"https:\/\/diarioregionaldigital.com.br\/index.php?rest_route=%2Fwp%2Fv2%2Fcategories&post=228385"},{"taxonomy":"post_tag","embeddable":true,"href":"https:\/\/diarioregionaldigital.com.br\/index.php?rest_route=%2Fwp%2Fv2%2Ftags&post=228385"}],"curies":[{"name":"wp","href":"https:\/\/api.w.org\/{rel}","templated":true}]}}