{"id":228379,"date":"2025-05-20T13:04:22","date_gmt":"2025-05-20T16:04:22","guid":{"rendered":"https:\/\/diarioregionaldigital.com.br\/?p=228379"},"modified":"2025-05-20T13:04:22","modified_gmt":"2025-05-20T16:04:22","slug":"extrato-de-primeiro-termo-aditivo-de-contrato-20-05-2025","status":"publish","type":"post","link":"https:\/\/diarioregionaldigital.com.br\/?p=228379","title":{"rendered":"EXTRATO DE PRIMEIRO TERMO ADITIVO DE CONTRATO &#8211; 20\/05\/2025"},"content":{"rendered":"<p class=\"s3\"><span class=\"s2\"><span class=\"bumpedFont17\">EXTRATO<\/span><\/span> <span class=\"s2\"><span class=\"bumpedFont17\">DE <\/span><\/span><span class=\"s2\"><span class=\"bumpedFont17\">PRIMEIRO <\/span><\/span><span class=\"s2\"><span class=\"bumpedFont17\">TERMO ADITIVO<\/span><\/span><span class=\"s2\"><span class=\"bumpedFont17\"> DE CONTRATO<\/span><\/span><\/p>\n<p class=\"s3\">\n<p class=\"s3\">\n<p class=\"s4\"><span class=\"s2\"><span class=\"bumpedFont17\">1<\/span><\/span><span class=\"s2\"><span class=\"bumpedFont17\">\u00ba<\/span><\/span><span class=\"s2\"><span class=\"bumpedFont17\"> Termo Aditivo. <\/span><\/span><span class=\"s2\"><span class=\"bumpedFont17\">Pref. Municipal de Descoberto x <\/span><\/span><span class=\"s2\"><span class=\"bumpedFont17\">CLINICA <\/span><\/span><span class=\"s2\"><span class=\"bumpedFont17\">CCESAR SERVI\u00c7OS M\u00c9DICOS <\/span><\/span><span class=\"s2\"><span class=\"bumpedFont17\">LTDA<\/span><\/span><span class=\"s2\"><span class=\"bumpedFont17\">&#8211; <\/span><\/span><span class=\"s2\"><span class=\"bumpedFont17\">Objeto: <\/span><\/span><span class=\"s2\"><span class=\"bumpedFont17\">Constitui objeto do <\/span><\/span><span class=\"s2\"><span class=\"bumpedFont17\">presente <\/span><\/span><span class=\"s2\"><span class=\"bumpedFont17\">termo <\/span><\/span><span class=\"s2\"><span class=\"bumpedFont17\">aditivo a modifica\u00e7\u00e3o <\/span><\/span><span class=\"s2\"><span class=\"bumpedFont17\">do prazo de vig\u00eancia do contrato, que passar\u00e1 a vigorar de <\/span><\/span><span class=\"s2\"><span class=\"bumpedFont17\">07\/03\/25<\/span><\/span><span class=\"s2\"><span class=\"bumpedFont17\"> a <\/span><\/span><span class=\"s2\"><span class=\"bumpedFont17\">07\/03\/26<\/span><\/span><span class=\"s2\"><span class=\"bumpedFont17\">&#8211; Fundamento: <\/span><\/span><span class=\"s2\"><span class=\"bumpedFont17\">Preg\u00e3o <\/span><\/span><span class=\"s2\"><span class=\"bumpedFont17\">n\u00ba 0<\/span><\/span><span class=\"s2\"><span class=\"bumpedFont17\">31<\/span><\/span><span class=\"s2\"><span class=\"bumpedFont17\">\/202<\/span><\/span><span class=\"s2\"><span class=\"bumpedFont17\">3<\/span><\/span><span class=\"s2\"><span class=\"bumpedFont17\"> \u2013 Valor Global:<\/span><\/span> <span class=\"s2\"><span class=\"bumpedFont17\">R$ 96.000,00<\/span><\/span> <span class=\"s2\"><span class=\"bumpedFont17\">\u2013 <\/span><\/span><span class=\"s2\"><span class=\"bumpedFont17\">Dot<\/span><\/span> <span class=\"s2\"><span class=\"bumpedFont17\">or\u00e7<\/span><\/span><span class=\"s2\"><span class=\"bumpedFont17\">:<\/span><\/span><span class=\"s2\"><span class=\"bumpedFont17\">02.02005.10.301.0004.284.339039.00\/150 <\/span><\/span><span class=\"s2\"><span class=\"bumpedFont17\">&#8211;<\/span><\/span> <span class=\"s2\"><span class=\"bumpedFont17\">Ass<\/span><\/span><span class=\"s2\"><span class=\"bumpedFont17\">: <\/span><\/span><span class=\"s2\"><span class=\"bumpedFont17\">07\/03\/2025 <\/span><\/span><span class=\"s2\"><span class=\"bumpedFont17\">&#8211; Foro: S\u00e3o Jo\u00e3o Nepomuceno\/MG.<\/span><\/span><\/p>\n<p class=\"s4\">\n<p class=\"s4\">\n<p class=\"s4\">\n<p class=\"s4\">\n<p class=\"s3\"><span class=\"s2\"><span class=\"bumpedFont17\">Lu\u00eds Fernando de Oliveira<\/span><\/span><\/p>\n<p class=\"s3\"><span class=\"s2\"><span class=\"bumpedFont17\">Prefeito Municipal<\/span><\/span><\/p>\n","protected":false},"excerpt":{"rendered":"<p>EXTRATO DE PRIMEIRO TERMO ADITIVO DE CONTRATO 1\u00ba Termo Aditivo. Pref. Municipal de Descoberto x CLINICA CCESAR SERVI\u00c7OS M\u00c9DICOS LTDA&#8211; Objeto: Constitui objeto do presente termo aditivo a modifica\u00e7\u00e3o do prazo de vig\u00eancia do contrato, que passar\u00e1 a vigorar de 07\/03\/25 a 07\/03\/26&#8211; Fundamento: Preg\u00e3o n\u00ba 031\/2023 \u2013 Valor Global: R$ 96.000,00 \u2013 Dot or\u00e7:02.02005.10.301.0004.284.339039.00\/150 [&hellip;]<\/p>\n","protected":false},"author":246,"featured_media":0,"comment_status":"closed","ping_status":"closed","sticky":false,"template":"","format":"standard","meta":{"footnotes":""},"categories":[307],"tags":[],"class_list":["post-228379","post","type-post","status-publish","format-standard","hentry","category-editais"],"_links":{"self":[{"href":"https:\/\/diarioregionaldigital.com.br\/index.php?rest_route=\/wp\/v2\/posts\/228379","targetHints":{"allow":["GET"]}}],"collection":[{"href":"https:\/\/diarioregionaldigital.com.br\/index.php?rest_route=\/wp\/v2\/posts"}],"about":[{"href":"https:\/\/diarioregionaldigital.com.br\/index.php?rest_route=\/wp\/v2\/types\/post"}],"author":[{"embeddable":true,"href":"https:\/\/diarioregionaldigital.com.br\/index.php?rest_route=\/wp\/v2\/users\/246"}],"replies":[{"embeddable":true,"href":"https:\/\/diarioregionaldigital.com.br\/index.php?rest_route=%2Fwp%2Fv2%2Fcomments&post=228379"}],"version-history":[{"count":1,"href":"https:\/\/diarioregionaldigital.com.br\/index.php?rest_route=\/wp\/v2\/posts\/228379\/revisions"}],"predecessor-version":[{"id":228380,"href":"https:\/\/diarioregionaldigital.com.br\/index.php?rest_route=\/wp\/v2\/posts\/228379\/revisions\/228380"}],"wp:attachment":[{"href":"https:\/\/diarioregionaldigital.com.br\/index.php?rest_route=%2Fwp%2Fv2%2Fmedia&parent=228379"}],"wp:term":[{"taxonomy":"category","embeddable":true,"href":"https:\/\/diarioregionaldigital.com.br\/index.php?rest_route=%2Fwp%2Fv2%2Fcategories&post=228379"},{"taxonomy":"post_tag","embeddable":true,"href":"https:\/\/diarioregionaldigital.com.br\/index.php?rest_route=%2Fwp%2Fv2%2Ftags&post=228379"}],"curies":[{"name":"wp","href":"https:\/\/api.w.org\/{rel}","templated":true}]}}