{"id":228376,"date":"2025-05-19T18:59:04","date_gmt":"2025-05-19T21:59:04","guid":{"rendered":"https:\/\/diarioregionaldigital.com.br\/?p=228376"},"modified":"2025-05-19T18:59:04","modified_gmt":"2025-05-19T21:59:04","slug":"secretaria-do-bem-estar-animal-registra-marca-de-226-animais-adotados-em-2025","status":"publish","type":"post","link":"https:\/\/diarioregionaldigital.com.br\/?p=228376","title":{"rendered":"Secretaria do Bem-Estar Animal registra marca de 226 animais adotados em 2025"},"content":{"rendered":"<p>Segundo informa\u00e7\u00f5es do site da Prefeitura de Juiz de Fora (PJF), a\u00a0Secretaria do Bem-Estar Animal (Sebeal) da Prefeitura de Juiz de Fora (PJF) promoveu mais um evento de ado\u00e7\u00e3o respons\u00e1vel no \u00faltimo s\u00e1bado (17). No total, 14 animais foram adotados, sendo quatro c\u00e3es adultos e 10 gatos, um adulto e nove filhotes.<\/p>\n<p>Desta forma, somadas as \u00faltimas ado\u00e7\u00f5es com os 18 animais que ganharam um tutor no Canil,\u00a0 na \u00faltima semana,\u00a0 a Sebeal ultrapassou a marca de\u00a0 200 animais adotados no ano, 226 no total.<\/p>\n<p>Esse n\u00famero refor\u00e7a o comprometimento da secretaria em garantir um lar para os animais que est\u00e3o no Canil Municipal. Al\u00e9m das ado\u00e7\u00f5es no evento, 39 animais foram microchipados, 29 c\u00e3es e 10 gatos e 52 vacinas contra a raiva foram aplicadas. O pr\u00f3ximo evento de ado\u00e7\u00e3o est\u00e1 marcado para o dia 31 de maio, no Parque Halfeld.<\/p>\n<p><strong>Me adota a\u00ed!<\/strong><\/p>\n<p>A campanha \u201cMe Adota A\u00ed!\u201d foi lan\u00e7ada pela atual gest\u00e3o municipal com o objetivo de garantir um lar para os animais que est\u00e3o no Canil Municipal. Os interessados em adotar<\/p>\n<p>um amigo ou amiga podem visitar o canil das 9h \u00e0s 10h30 e das 13h \u00e0s 15h30, de segunda a sexta ou mediante agendamento, para outros dias, pelo telefone (32) 3225-9933. O endere\u00e7o \u00e9 Rua Bartolomeu dos Santos 680, bairro S\u00e3o Dami\u00e3o.<\/p>\n","protected":false},"excerpt":{"rendered":"<p>Segundo informa\u00e7\u00f5es do site da Prefeitura de Juiz de Fora (PJF), a\u00a0Secretaria do Bem-Estar Animal (Sebeal) da Prefeitura de Juiz de Fora (PJF) promoveu mais um evento de ado\u00e7\u00e3o respons\u00e1vel no \u00faltimo s\u00e1bado (17). No total, 14 animais foram adotados, sendo quatro c\u00e3es adultos e 10 gatos, um adulto e nove filhotes. Desta forma, somadas [&hellip;]<\/p>\n","protected":false},"author":246,"featured_media":228377,"comment_status":"closed","ping_status":"closed","sticky":false,"template":"","format":"standard","meta":{"footnotes":""},"categories":[253,436,439],"tags":[],"class_list":["post-228376","post","type-post","status-publish","format-standard","has-post-thumbnail","hentry","category-cidade","category-destaque-da-semana","category-ultima-hora"],"_links":{"self":[{"href":"https:\/\/diarioregionaldigital.com.br\/index.php?rest_route=\/wp\/v2\/posts\/228376","targetHints":{"allow":["GET"]}}],"collection":[{"href":"https:\/\/diarioregionaldigital.com.br\/index.php?rest_route=\/wp\/v2\/posts"}],"about":[{"href":"https:\/\/diarioregionaldigital.com.br\/index.php?rest_route=\/wp\/v2\/types\/post"}],"author":[{"embeddable":true,"href":"https:\/\/diarioregionaldigital.com.br\/index.php?rest_route=\/wp\/v2\/users\/246"}],"replies":[{"embeddable":true,"href":"https:\/\/diarioregionaldigital.com.br\/index.php?rest_route=%2Fwp%2Fv2%2Fcomments&post=228376"}],"version-history":[{"count":1,"href":"https:\/\/diarioregionaldigital.com.br\/index.php?rest_route=\/wp\/v2\/posts\/228376\/revisions"}],"predecessor-version":[{"id":228378,"href":"https:\/\/diarioregionaldigital.com.br\/index.php?rest_route=\/wp\/v2\/posts\/228376\/revisions\/228378"}],"wp:featuredmedia":[{"embeddable":true,"href":"https:\/\/diarioregionaldigital.com.br\/index.php?rest_route=\/wp\/v2\/media\/228377"}],"wp:attachment":[{"href":"https:\/\/diarioregionaldigital.com.br\/index.php?rest_route=%2Fwp%2Fv2%2Fmedia&parent=228376"}],"wp:term":[{"taxonomy":"category","embeddable":true,"href":"https:\/\/diarioregionaldigital.com.br\/index.php?rest_route=%2Fwp%2Fv2%2Fcategories&post=228376"},{"taxonomy":"post_tag","embeddable":true,"href":"https:\/\/diarioregionaldigital.com.br\/index.php?rest_route=%2Fwp%2Fv2%2Ftags&post=228376"}],"curies":[{"name":"wp","href":"https:\/\/api.w.org\/{rel}","templated":true}]}}