{"id":228373,"date":"2025-05-19T18:57:24","date_gmt":"2025-05-19T21:57:24","guid":{"rendered":"https:\/\/diarioregionaldigital.com.br\/?p=228373"},"modified":"2025-05-19T18:57:24","modified_gmt":"2025-05-19T21:57:24","slug":"demlurb-realiza-limpeza-no-corrego-do-bairro-industrial","status":"publish","type":"post","link":"https:\/\/diarioregionaldigital.com.br\/?p=228373","title":{"rendered":"Demlurb realiza limpeza no c\u00f3rrego do bairro Industrial"},"content":{"rendered":"<p>Segundo informa\u00e7\u00f5es do site da Prefeitura de Juiz de Fora (PJF), nesta segunda-feira, 19, o Departamento Municipal de Limpeza Urbana (Demlurb) da Prefeitura de Juiz de Fora (PJF) iniciou as opera\u00e7\u00f5es de limpeza das margens do curso d\u2019\u00e1gua do c\u00f3rrego Cachoeirinha, localizado na Avenida L\u00facio Bittencourt no bairro Industrial. A a\u00e7\u00e3o integra a programa\u00e7\u00e3o desta semana do Programa Boniteza.<\/p>\n<p>O Demlurb pede a colabora\u00e7\u00e3o de toda popula\u00e7\u00e3o para que n\u00e3o descarte entulho nas vias p\u00fablicas e no entorno dos c\u00f3rregos. A pr\u00e1tica, configurada como crime ambiental, traz preju\u00edzos aos cursos d\u2019\u00e1gua e contribui para alagamentos. O Departamento disponibiliza cinco ecopontos para o descarte ambientalmente correto de materiais inserv\u00edveis, como: res\u00edduos de constru\u00e7\u00e3o civil, m\u00f3veis velhos, resto de podas, pneus, entre outros itens.<\/p>\n<p>&nbsp;<\/p>\n<p>Os Ecopontos funcionam de 8h \u00e0s 17h de segunda a sexta-feira e de 8h \u00e0s 12h aos s\u00e1bados.<\/p>\n<p><strong>Confira os endere\u00e7os:<\/strong><\/p>\n<p>&#8211; Rua Francisco Pinheiro, Nova Benfica<\/p>\n<p>&#8211; Rua Carlos Tavares Pinto, Retiro<\/p>\n<p>&#8211; Rua Jos\u00e9 Apol\u00f4nio dos Reis, 100, em frente ao Gin\u00e1sio Municipal, Aeroporto<\/p>\n<p>&#8211; Rua Ant\u00f4nio Weitzel, em frente ao n\u00ba 710, Barbosa Lage<\/p>\n<p>&#8211; Rua Jos\u00e9 Meirelles, Parque das \u00c1guas<\/p>\n<p>&#8211; Rua Bartolomeu dos Santos, s\/n, na divisa dos bairros Benfica e S\u00e3o Dami\u00e3o (Apenas pneus)<\/p>\n","protected":false},"excerpt":{"rendered":"<p>Segundo informa\u00e7\u00f5es do site da Prefeitura de Juiz de Fora (PJF), nesta segunda-feira, 19, o Departamento Municipal de Limpeza Urbana (Demlurb) da Prefeitura de Juiz de Fora (PJF) iniciou as opera\u00e7\u00f5es de limpeza das margens do curso d\u2019\u00e1gua do c\u00f3rrego Cachoeirinha, localizado na Avenida L\u00facio Bittencourt no bairro Industrial. A a\u00e7\u00e3o integra a programa\u00e7\u00e3o desta [&hellip;]<\/p>\n","protected":false},"author":246,"featured_media":228374,"comment_status":"closed","ping_status":"closed","sticky":false,"template":"","format":"standard","meta":{"footnotes":""},"categories":[253,436,439],"tags":[],"class_list":["post-228373","post","type-post","status-publish","format-standard","has-post-thumbnail","hentry","category-cidade","category-destaque-da-semana","category-ultima-hora"],"_links":{"self":[{"href":"https:\/\/diarioregionaldigital.com.br\/index.php?rest_route=\/wp\/v2\/posts\/228373","targetHints":{"allow":["GET"]}}],"collection":[{"href":"https:\/\/diarioregionaldigital.com.br\/index.php?rest_route=\/wp\/v2\/posts"}],"about":[{"href":"https:\/\/diarioregionaldigital.com.br\/index.php?rest_route=\/wp\/v2\/types\/post"}],"author":[{"embeddable":true,"href":"https:\/\/diarioregionaldigital.com.br\/index.php?rest_route=\/wp\/v2\/users\/246"}],"replies":[{"embeddable":true,"href":"https:\/\/diarioregionaldigital.com.br\/index.php?rest_route=%2Fwp%2Fv2%2Fcomments&post=228373"}],"version-history":[{"count":1,"href":"https:\/\/diarioregionaldigital.com.br\/index.php?rest_route=\/wp\/v2\/posts\/228373\/revisions"}],"predecessor-version":[{"id":228375,"href":"https:\/\/diarioregionaldigital.com.br\/index.php?rest_route=\/wp\/v2\/posts\/228373\/revisions\/228375"}],"wp:featuredmedia":[{"embeddable":true,"href":"https:\/\/diarioregionaldigital.com.br\/index.php?rest_route=\/wp\/v2\/media\/228374"}],"wp:attachment":[{"href":"https:\/\/diarioregionaldigital.com.br\/index.php?rest_route=%2Fwp%2Fv2%2Fmedia&parent=228373"}],"wp:term":[{"taxonomy":"category","embeddable":true,"href":"https:\/\/diarioregionaldigital.com.br\/index.php?rest_route=%2Fwp%2Fv2%2Fcategories&post=228373"},{"taxonomy":"post_tag","embeddable":true,"href":"https:\/\/diarioregionaldigital.com.br\/index.php?rest_route=%2Fwp%2Fv2%2Ftags&post=228373"}],"curies":[{"name":"wp","href":"https:\/\/api.w.org\/{rel}","templated":true}]}}