{"id":228370,"date":"2025-05-19T18:51:37","date_gmt":"2025-05-19T21:51:37","guid":{"rendered":"https:\/\/diarioregionaldigital.com.br\/?p=228370"},"modified":"2025-05-19T18:51:37","modified_gmt":"2025-05-19T21:51:37","slug":"festival-amadanca-do-centro-de-convivencia-igrejinha-mobiliza-criancas-e-adolescentes","status":"publish","type":"post","link":"https:\/\/diarioregionaldigital.com.br\/?p=228370","title":{"rendered":"Festival Amadan\u00e7a do Centro de Conviv\u00eancia Igrejinha mobiliza crian\u00e7as e adolescentes"},"content":{"rendered":"<p>Segundo informa\u00e7\u00f5es do site da Prefeitura de Juiz de Fora (PJF), crian\u00e7as e adolescentes de 9 a 13 anos atendidos pelo Centro de Conviv\u00eancia Igrejinha participaram da sua primeira competi\u00e7\u00e3o no Festival Amadan\u00e7a, realizado entre sexta-feira, 16, e domingo, 18, em Juiz de Fora. O evento \u00e9 um dos mais importantes da cidade voltado \u00e0 valoriza\u00e7\u00e3o da dan\u00e7a e da express\u00e3o art\u00edstica.<\/p>\n<p>O grupo concorreu na categoria Dan\u00e7as Urbanas Infantojuvenil com a coreografia intitulada \u201cIdentidade\u201d, alcan\u00e7ando o primeiro lugar na classifica\u00e7\u00e3o geral e, tamb\u00e9m, recebendo o pr\u00eamio de Destaque na categoria Incentivo.<\/p>\n<p>Essa conquista \u00e9 fruto do trabalho em equipe no Centro de Conviv\u00eancia, com a ajuda dos educadores sociais e dos core\u00f3grafos Rudson Tolendar e Kevin Silva. S\u00e3o eles que acompanham e incentivam as atividades de dan\u00e7a com os participantes.<\/p>\n<p>O Centro de Conviv\u00eancia \u00e9 um servi\u00e7o da Secretaria de Assist\u00eancia Social (SAS) da Prefeitura de Juiz de Fora (PJF) que promove o fortalecimento de v\u00ednculos familiares e comunit\u00e1rios por meio de atividades culturais, esportivas, educativas e de conviv\u00eancia. Voltado a crian\u00e7as, adolescentes, adultos e idosos.<\/p>\n<p>Saiba mais em:\u00a0<a href=\"https:\/\/www.pjf.mg.gov.br\/secretarias\/sas\/rede_protecao\/protecao_basica\/scfv\/index.php\"><u>https:\/\/www.pjf.mg.gov.br\/secretarias\/sas\/rede_protecao\/protecao_basica\/scfv\/index.php<\/u><\/a><\/p>\n","protected":false},"excerpt":{"rendered":"<p>Segundo informa\u00e7\u00f5es do site da Prefeitura de Juiz de Fora (PJF), crian\u00e7as e adolescentes de 9 a 13 anos atendidos pelo Centro de Conviv\u00eancia Igrejinha participaram da sua primeira competi\u00e7\u00e3o no Festival Amadan\u00e7a, realizado entre sexta-feira, 16, e domingo, 18, em Juiz de Fora. O evento \u00e9 um dos mais importantes da cidade voltado \u00e0 [&hellip;]<\/p>\n","protected":false},"author":246,"featured_media":228371,"comment_status":"closed","ping_status":"closed","sticky":false,"template":"","format":"standard","meta":{"footnotes":""},"categories":[253,436,440,439],"tags":[],"class_list":["post-228370","post","type-post","status-publish","format-standard","has-post-thumbnail","hentry","category-cidade","category-destaque-da-semana","category-destaques-do-dia","category-ultima-hora"],"_links":{"self":[{"href":"https:\/\/diarioregionaldigital.com.br\/index.php?rest_route=\/wp\/v2\/posts\/228370","targetHints":{"allow":["GET"]}}],"collection":[{"href":"https:\/\/diarioregionaldigital.com.br\/index.php?rest_route=\/wp\/v2\/posts"}],"about":[{"href":"https:\/\/diarioregionaldigital.com.br\/index.php?rest_route=\/wp\/v2\/types\/post"}],"author":[{"embeddable":true,"href":"https:\/\/diarioregionaldigital.com.br\/index.php?rest_route=\/wp\/v2\/users\/246"}],"replies":[{"embeddable":true,"href":"https:\/\/diarioregionaldigital.com.br\/index.php?rest_route=%2Fwp%2Fv2%2Fcomments&post=228370"}],"version-history":[{"count":1,"href":"https:\/\/diarioregionaldigital.com.br\/index.php?rest_route=\/wp\/v2\/posts\/228370\/revisions"}],"predecessor-version":[{"id":228372,"href":"https:\/\/diarioregionaldigital.com.br\/index.php?rest_route=\/wp\/v2\/posts\/228370\/revisions\/228372"}],"wp:featuredmedia":[{"embeddable":true,"href":"https:\/\/diarioregionaldigital.com.br\/index.php?rest_route=\/wp\/v2\/media\/228371"}],"wp:attachment":[{"href":"https:\/\/diarioregionaldigital.com.br\/index.php?rest_route=%2Fwp%2Fv2%2Fmedia&parent=228370"}],"wp:term":[{"taxonomy":"category","embeddable":true,"href":"https:\/\/diarioregionaldigital.com.br\/index.php?rest_route=%2Fwp%2Fv2%2Fcategories&post=228370"},{"taxonomy":"post_tag","embeddable":true,"href":"https:\/\/diarioregionaldigital.com.br\/index.php?rest_route=%2Fwp%2Fv2%2Ftags&post=228370"}],"curies":[{"name":"wp","href":"https:\/\/api.w.org\/{rel}","templated":true}]}}