{"id":228366,"date":"2025-05-19T18:50:17","date_gmt":"2025-05-19T21:50:17","guid":{"rendered":"https:\/\/diarioregionaldigital.com.br\/?p=228366"},"modified":"2025-05-19T19:01:27","modified_gmt":"2025-05-19T22:01:27","slug":"vitor-tavares-e-ouro-em-torneio-internacional-de-badminton-no-bahrein","status":"publish","type":"post","link":"https:\/\/diarioregionaldigital.com.br\/?p=228366","title":{"rendered":"Vitor Tavares \u00e9 ouro em Torneio Internacional de Badminton no Bahrein"},"content":{"rendered":"<p>Bronze na\u00a0Paralimp\u00edada de Paris, o paranaense Vitor Tavares faturou a medalha de ouro na classe SH6 (baixa estatura) do Torneio Internacional de Badminton, no Bahrein. Na final disputada no domingo (18), Vitor derrotou o sul-coreano Daesung Lee por 2 sets a 0 (21\/16 e 21\/14).<img decoding=\"async\" src=\"https:\/\/agenciabrasil.ebc.com.br\/ebc.png?id=1643160&amp;o=node\" \/><img decoding=\"async\" src=\"https:\/\/agenciabrasil.ebc.com.br\/ebc.gif?id=1643160&amp;o=node\" \/><\/p>\n<p>A conquista ocorre uma semana ap\u00f3s o atleta assegurar o t\u00edtulo no Torneio Internacional de Dubai (Emirados \u00c1rabes Unidos). A decis\u00e3o pelo topo do p\u00f3dio foi uma reedi\u00e7\u00e3o da disputa pelo bronze ol\u00edmpico em Paris 2024: Vitor levou a melhor sobre Man Kai Chu (Hong Kong), atual n\u00famero 1 do mundo.<\/p>\n<p>Outros dois brasileiros competiram no Bahrein neste fim de semana. O paulista Vinicius Costa (classe SH6) parou nas quartas de final, ao perder para o indiano Sivarjan Solaimalai \u2013 na \u00a0sequ\u00eancia, ele foi derrotado na semi por Vitor Tavares. J\u00e1 Jo\u00e3o Gabriel Carabajal, da classe SUS (defici\u00eancia nos membros superiores) deu adeus ainda na fase de grupos da competi\u00e7\u00e3o.<\/p>\n<p>Fonte: Ag\u00eancia Brasil<\/p>\n","protected":false},"excerpt":{"rendered":"<p>Bronze na\u00a0Paralimp\u00edada de Paris, o paranaense Vitor Tavares faturou a medalha de ouro na classe SH6 (baixa estatura) do Torneio Internacional de Badminton, no Bahrein. Na final disputada no domingo (18), Vitor derrotou o sul-coreano Daesung Lee por 2 sets a 0 (21\/16 e 21\/14). A conquista ocorre uma semana ap\u00f3s o atleta assegurar o [&hellip;]<\/p>\n","protected":false},"author":246,"featured_media":228367,"comment_status":"closed","ping_status":"closed","sticky":false,"template":"","format":"standard","meta":{"footnotes":""},"categories":[436,257,439],"tags":[],"class_list":["post-228366","post","type-post","status-publish","format-standard","has-post-thumbnail","hentry","category-destaque-da-semana","category-esporte","category-ultima-hora"],"_links":{"self":[{"href":"https:\/\/diarioregionaldigital.com.br\/index.php?rest_route=\/wp\/v2\/posts\/228366","targetHints":{"allow":["GET"]}}],"collection":[{"href":"https:\/\/diarioregionaldigital.com.br\/index.php?rest_route=\/wp\/v2\/posts"}],"about":[{"href":"https:\/\/diarioregionaldigital.com.br\/index.php?rest_route=\/wp\/v2\/types\/post"}],"author":[{"embeddable":true,"href":"https:\/\/diarioregionaldigital.com.br\/index.php?rest_route=\/wp\/v2\/users\/246"}],"replies":[{"embeddable":true,"href":"https:\/\/diarioregionaldigital.com.br\/index.php?rest_route=%2Fwp%2Fv2%2Fcomments&post=228366"}],"version-history":[{"count":1,"href":"https:\/\/diarioregionaldigital.com.br\/index.php?rest_route=\/wp\/v2\/posts\/228366\/revisions"}],"predecessor-version":[{"id":228369,"href":"https:\/\/diarioregionaldigital.com.br\/index.php?rest_route=\/wp\/v2\/posts\/228366\/revisions\/228369"}],"wp:featuredmedia":[{"embeddable":true,"href":"https:\/\/diarioregionaldigital.com.br\/index.php?rest_route=\/wp\/v2\/media\/228367"}],"wp:attachment":[{"href":"https:\/\/diarioregionaldigital.com.br\/index.php?rest_route=%2Fwp%2Fv2%2Fmedia&parent=228366"}],"wp:term":[{"taxonomy":"category","embeddable":true,"href":"https:\/\/diarioregionaldigital.com.br\/index.php?rest_route=%2Fwp%2Fv2%2Fcategories&post=228366"},{"taxonomy":"post_tag","embeddable":true,"href":"https:\/\/diarioregionaldigital.com.br\/index.php?rest_route=%2Fwp%2Fv2%2Ftags&post=228366"}],"curies":[{"name":"wp","href":"https:\/\/api.w.org\/{rel}","templated":true}]}}