{"id":228357,"date":"2025-05-19T18:35:13","date_gmt":"2025-05-19T21:35:13","guid":{"rendered":"https:\/\/diarioregionaldigital.com.br\/?p=228357"},"modified":"2025-05-19T18:35:13","modified_gmt":"2025-05-19T21:35:13","slug":"secretaria-de-educacao-promove-campanha-para-incentivar-emissao-do-cpf-pelos-estudantes-da-rede-estadual","status":"publish","type":"post","link":"https:\/\/diarioregionaldigital.com.br\/?p=228357","title":{"rendered":"Secretaria de Educa\u00e7\u00e3o promove campanha para incentivar emiss\u00e3o do CPF pelos estudantes da rede estadual"},"content":{"rendered":"<p>A\u00a0<a href=\"https:\/\/www.educacao.mg.gov.br\/\" target=\"_blank\" rel=\"noopener\">Secretaria de Estado de Educa\u00e7\u00e3o de Minas Gerais (SEE\/MG)<\/a>\u00a0iniciou uma campanha para incentivar estudantes da rede estadual a emitirem o Cadastro de Pessoa F\u00edsica (CPF). A iniciativa, que d\u00e1 continuidade ao movimento Jovem + Cidad\u00e3o: seu CPF na m\u00e3o, busca mobilizar n\u00e3o apenas os alunos de todas as idades, mas tamb\u00e9m seus respons\u00e1veis e os profissionais da educa\u00e7\u00e3o em torno da import\u00e2ncia do documento.<\/p>\n<p>O CPF \u00e9 um documento essencial para o exerc\u00edcio da cidadania, pois garante o reconhecimento legal do indiv\u00edduo em diversas situa\u00e7\u00f5es do dia a dia, como abrir uma conta banc\u00e1ria, participar de concursos p\u00fablicos, realizar matr\u00edculas em institui\u00e7\u00f5es de ensino e acessar programas sociais.<\/p>\n<p>A orienta\u00e7\u00e3o \u00e9 que a emiss\u00e3o do CPF seja feita preferencialmente at\u00e9 o dia 28\/5, data-base do Censo Escolar 2025. Contudo, o trabalho de conscientiza\u00e7\u00e3o nas escolas deve se estender por todo o ano letivo, de forma cont\u00ednua, com o apoio de gestores escolares, professores, estudantes e familiares.<\/p>\n<p><strong>Como emitir o CPF<\/strong><\/p>\n<p>A emiss\u00e3o pode ser feita de forma simples e gratuita por meio do site da Receita Federal:<\/p>\n<p>1. \u00a0 \u00a0Acesse\u00a0<a href=\"https:\/\/www.gov.br\/receitafederal\/pt-br\" target=\"_blank\" rel=\"noopener\">gov.br\/receitafederal<\/a>;<\/p>\n<p>2. \u00a0 \u00a0Clique na op\u00e7\u00e3o \u201cMeu CPF\u201d;<\/p>\n<p>3. \u00a0 \u00a0Em seguida, selecione \u201cInscrever-se no CPF\u201d;<\/p>\n<p>4. \u00a0 \u00a0Clique em \u201cIniciar\u201d.<\/p>\n<p>Tamb\u00e9m \u00e9 poss\u00edvel realizar o processo de maneira presencial. Para isso, estudantes a partir de 16 anos ou seus respons\u00e1veis devem agendar atendimento pelo site da Receita Federal e comparecer a um dos postos conveniados do munic\u00edpio. Alunos menores de 16 anos precisam estar acompanhados do respons\u00e1vel legal.<\/p>\n<p>\u00c9 importante que todas as escolas da rede estadual participem ativamente dessa mobiliza\u00e7\u00e3o. A campanha \u00e9 mais do que um incentivo \u00e0 emiss\u00e3o de um documento, \u00e9 um passo importante na forma\u00e7\u00e3o de cidad\u00e3os mais conscientes de seus direitos e deveres.<\/p>\n<p>Fonte: Ag\u00eancia Minas<\/p>\n","protected":false},"excerpt":{"rendered":"<p>A\u00a0Secretaria de Estado de Educa\u00e7\u00e3o de Minas Gerais (SEE\/MG)\u00a0iniciou uma campanha para incentivar estudantes da rede estadual a emitirem o Cadastro de Pessoa F\u00edsica (CPF). A iniciativa, que d\u00e1 continuidade ao movimento Jovem + Cidad\u00e3o: seu CPF na m\u00e3o, busca mobilizar n\u00e3o apenas os alunos de todas as idades, mas tamb\u00e9m seus respons\u00e1veis e os [&hellip;]<\/p>\n","protected":false},"author":246,"featured_media":228358,"comment_status":"closed","ping_status":"closed","sticky":false,"template":"","format":"standard","meta":{"footnotes":""},"categories":[436,261,254,439],"tags":[],"class_list":["post-228357","post","type-post","status-publish","format-standard","has-post-thumbnail","hentry","category-destaque-da-semana","category-economia","category-politica","category-ultima-hora"],"_links":{"self":[{"href":"https:\/\/diarioregionaldigital.com.br\/index.php?rest_route=\/wp\/v2\/posts\/228357","targetHints":{"allow":["GET"]}}],"collection":[{"href":"https:\/\/diarioregionaldigital.com.br\/index.php?rest_route=\/wp\/v2\/posts"}],"about":[{"href":"https:\/\/diarioregionaldigital.com.br\/index.php?rest_route=\/wp\/v2\/types\/post"}],"author":[{"embeddable":true,"href":"https:\/\/diarioregionaldigital.com.br\/index.php?rest_route=\/wp\/v2\/users\/246"}],"replies":[{"embeddable":true,"href":"https:\/\/diarioregionaldigital.com.br\/index.php?rest_route=%2Fwp%2Fv2%2Fcomments&post=228357"}],"version-history":[{"count":1,"href":"https:\/\/diarioregionaldigital.com.br\/index.php?rest_route=\/wp\/v2\/posts\/228357\/revisions"}],"predecessor-version":[{"id":228359,"href":"https:\/\/diarioregionaldigital.com.br\/index.php?rest_route=\/wp\/v2\/posts\/228357\/revisions\/228359"}],"wp:featuredmedia":[{"embeddable":true,"href":"https:\/\/diarioregionaldigital.com.br\/index.php?rest_route=\/wp\/v2\/media\/228358"}],"wp:attachment":[{"href":"https:\/\/diarioregionaldigital.com.br\/index.php?rest_route=%2Fwp%2Fv2%2Fmedia&parent=228357"}],"wp:term":[{"taxonomy":"category","embeddable":true,"href":"https:\/\/diarioregionaldigital.com.br\/index.php?rest_route=%2Fwp%2Fv2%2Fcategories&post=228357"},{"taxonomy":"post_tag","embeddable":true,"href":"https:\/\/diarioregionaldigital.com.br\/index.php?rest_route=%2Fwp%2Fv2%2Ftags&post=228357"}],"curies":[{"name":"wp","href":"https:\/\/api.w.org\/{rel}","templated":true}]}}