{"id":228351,"date":"2025-05-19T18:31:27","date_gmt":"2025-05-19T21:31:27","guid":{"rendered":"https:\/\/diarioregionaldigital.com.br\/?p=228351"},"modified":"2025-05-19T18:31:27","modified_gmt":"2025-05-19T21:31:27","slug":"governo-de-minas-lanca-programa-de-formacao-para-examinadores-de-transito-com-foco-em-avaliacoes-mais-didaticas-e-humanizadas","status":"publish","type":"post","link":"https:\/\/diarioregionaldigital.com.br\/?p=228351","title":{"rendered":"Governo de Minas lan\u00e7a programa de forma\u00e7\u00e3o para examinadores de tr\u00e2nsito com foco em avalia\u00e7\u00f5es mais did\u00e1ticas e humanizadas"},"content":{"rendered":"<p>O\u00a0<a href=\"https:\/\/www.mg.gov.br\/\" target=\"_blank\" rel=\"noopener\">Governo de Minas<\/a>, por meio da\u00a0<a href=\"https:\/\/www.mg.gov.br\/planejamento\" target=\"_blank\" rel=\"noopener\">Secretaria de Estado de Planejamento e Gest\u00e3o (Seplag-MG)<\/a>, segue avan\u00e7ando na moderniza\u00e7\u00e3o dos exames de dire\u00e7\u00e3o para candidatos \u00e0 obten\u00e7\u00e3o da Carteira Nacional de Habilita\u00e7\u00e3o (CNH).<\/p>\n<p>Com foco em did\u00e1tica, humaniza\u00e7\u00e3o e seguran\u00e7a do processo, o Programa de Forma\u00e7\u00e3o de Examinadores de Tr\u00e2nsito (PFDE) ir\u00e1 capacitar e desenvolver profissionais para atua\u00e7\u00e3o nas bancas examinadoras dos processos de habilita\u00e7\u00e3o de condutores de ve\u00edculos automotores no estado.<\/p>\n<p>A iniciativa ir\u00e1 formar cadastro de reserva e renovar o quadro atual de examinadores de tr\u00e2nsito. O curso ser\u00e1 ofertado pela\u00a0<a href=\"https:\/\/transito.mg.gov.br\/\" target=\"_blank\" rel=\"noopener\">Coordenadoria Estadual de Gest\u00e3o de Tr\u00e2nsito (CET-MG)<\/a>\u00a0em parceria com a Escola de Governo da\u00a0<a href=\"https:\/\/fjp.mg.gov.br\/\" target=\"_blank\" rel=\"noopener\">Funda\u00e7\u00e3o Jo\u00e3o Pinheiro (FJP)<\/a>, e prev\u00ea at\u00e9 420 vagas.<\/p>\n<p>Das vagas, 400 s\u00e3o para servidores efetivos da carreira de Professor de Educa\u00e7\u00e3o B\u00e1sica em exerc\u00edcio nas Superintend\u00eancias Regionais de Ensino \u2013 Metropolitanas A, B e C.<\/p>\n<p>As outras 20 vagas s\u00e3o exclusivas para servidores das unidades administrativas da CET-MG. As inscri\u00e7\u00f5es estar\u00e3o abertas entre os dias 20\/5 e 5\/6, por meio do Sistema Acad\u00eamico da Escola de Governo.<\/p>\n<p>\u201cEstamos, aos poucos, reescrevendo e simplificando todos os servi\u00e7os de tr\u00e2nsito em Minas Gerais. Muitas etapas foram digitalizadas e, agora, damos in\u00edcio a uma importante frente de atua\u00e7\u00e3o, que ir\u00e1 melhorar os exames da forma\u00e7\u00e3o de condutores em todo o estado\u201d, afirma o chefe de Tr\u00e2nsito de Minas Gerais, Lucas Vilas Boas.<\/p>\n<p><strong>Metodologia<\/strong><\/p>\n<p>A capacita\u00e7\u00e3o possui m\u00e9todo de ensino baseado em metodologias ativas de aprendizagem. Al\u00e9m disso, busca assegurar que os examinadores de tr\u00e2nsito formados desenvolvam compet\u00eancias essenciais para o exerc\u00edcio de suas fun\u00e7\u00f5es nos processos de habilita\u00e7\u00e3o, renova\u00e7\u00e3o, reabilita\u00e7\u00e3o e controle do condutor.<\/p>\n<p>\u201cA iniciativa ir\u00e1 formar novos examinadores, al\u00e9m de promover a futura atualiza\u00e7\u00e3o e reciclagem do grupo atual, por meio de um programa que utiliza as melhores pr\u00e1ticas pedag\u00f3gicas e prioriza um atendimento humanizado junto ao rigor t\u00e9cnico necess\u00e1rio para garantirmos a qualidade do processo e um tr\u00e2nsito cada vez mais seguro\u201d, completa Lucas Vilas Boas.<\/p>\n<p><strong>Curso de forma\u00e7\u00e3o<\/strong><\/p>\n<p>As inscri\u00e7\u00f5es dever\u00e3o ser efetuadas exclusivamente no endere\u00e7o eletr\u00f4nico da Escola de Governo da FJP. A lista dos servidores que tiverem as inscri\u00e7\u00f5es efetivadas ser\u00e1 divulgada no site\u00a0<a href=\"https:\/\/transito.mg.gov.br\/\" target=\"_blank\" rel=\"noopener\">www.transito.mg.gov.br<\/a>.<\/p>\n<p>Ao todo, o curso tem 220 horas-aula, com conte\u00fado te\u00f3rico e partes pr\u00e1ticas vivenciais O processo de forma\u00e7\u00e3o tamb\u00e9m contempla uma avalia\u00e7\u00e3o psicol\u00f3gica para fins pedag\u00f3gicos, frequ\u00eancia m\u00ednima de 75% e avalia\u00e7\u00e3o com aproveitamento m\u00ednimo de 70%, em cada m\u00f3dulo.<\/p>\n<p><strong>Regulamenta\u00e7\u00e3o<\/strong><\/p>\n<p>A Portaria n\u00ba 0645\/2025, que instituiu o programa, foi publicada pela CET-MG no dia 10 de maio de 2025. Simultaneamente, a CET-MG publicou o edital de chamamento n\u00ba 001\/2025, referente ao 1\u00ba ciclo do Curso de Forma\u00e7\u00e3o de Examinador de Tr\u00e2nsito.<\/p>\n<p>A partir da publica\u00e7\u00e3o do Decreto Estadual n\u00ba 48.898\/2024, de 20 de setembro de 2024, foi estabelecida a possibilidade de ingresso dos professores da rede estadual de ensino no processo de realiza\u00e7\u00e3o dos exames de dire\u00e7\u00e3o.<\/p>\n<p>A iniciativa segue os par\u00e2metros da Resolu\u00e7\u00e3o n\u00ba 789\/2020 do Conselho Nacional de Tr\u00e2nsito (Contran) e busca assegurar que os novos examinadores tenham plena compet\u00eancia para atua\u00e7\u00e3o nas bancas examinadoras. Outras informa\u00e7\u00f5es podem ser consultadas no site da\u00a0<a href=\"https:\/\/transito.mg.gov.br\/\" target=\"_blank\" rel=\"noopener\">CET-MG<\/a>.<\/p>\n<p>Fonte: Ag\u00eancia Minas<\/p>\n","protected":false},"excerpt":{"rendered":"<p>O\u00a0Governo de Minas, por meio da\u00a0Secretaria de Estado de Planejamento e Gest\u00e3o (Seplag-MG), segue avan\u00e7ando na moderniza\u00e7\u00e3o dos exames de dire\u00e7\u00e3o para candidatos \u00e0 obten\u00e7\u00e3o da Carteira Nacional de Habilita\u00e7\u00e3o (CNH). Com foco em did\u00e1tica, humaniza\u00e7\u00e3o e seguran\u00e7a do processo, o Programa de Forma\u00e7\u00e3o de Examinadores de Tr\u00e2nsito (PFDE) ir\u00e1 capacitar e desenvolver profissionais para [&hellip;]<\/p>\n","protected":false},"author":246,"featured_media":228352,"comment_status":"closed","ping_status":"closed","sticky":false,"template":"","format":"standard","meta":{"footnotes":""},"categories":[436,440,261,254,439],"tags":[],"class_list":["post-228351","post","type-post","status-publish","format-standard","has-post-thumbnail","hentry","category-destaque-da-semana","category-destaques-do-dia","category-economia","category-politica","category-ultima-hora"],"_links":{"self":[{"href":"https:\/\/diarioregionaldigital.com.br\/index.php?rest_route=\/wp\/v2\/posts\/228351","targetHints":{"allow":["GET"]}}],"collection":[{"href":"https:\/\/diarioregionaldigital.com.br\/index.php?rest_route=\/wp\/v2\/posts"}],"about":[{"href":"https:\/\/diarioregionaldigital.com.br\/index.php?rest_route=\/wp\/v2\/types\/post"}],"author":[{"embeddable":true,"href":"https:\/\/diarioregionaldigital.com.br\/index.php?rest_route=\/wp\/v2\/users\/246"}],"replies":[{"embeddable":true,"href":"https:\/\/diarioregionaldigital.com.br\/index.php?rest_route=%2Fwp%2Fv2%2Fcomments&post=228351"}],"version-history":[{"count":1,"href":"https:\/\/diarioregionaldigital.com.br\/index.php?rest_route=\/wp\/v2\/posts\/228351\/revisions"}],"predecessor-version":[{"id":228353,"href":"https:\/\/diarioregionaldigital.com.br\/index.php?rest_route=\/wp\/v2\/posts\/228351\/revisions\/228353"}],"wp:featuredmedia":[{"embeddable":true,"href":"https:\/\/diarioregionaldigital.com.br\/index.php?rest_route=\/wp\/v2\/media\/228352"}],"wp:attachment":[{"href":"https:\/\/diarioregionaldigital.com.br\/index.php?rest_route=%2Fwp%2Fv2%2Fmedia&parent=228351"}],"wp:term":[{"taxonomy":"category","embeddable":true,"href":"https:\/\/diarioregionaldigital.com.br\/index.php?rest_route=%2Fwp%2Fv2%2Fcategories&post=228351"},{"taxonomy":"post_tag","embeddable":true,"href":"https:\/\/diarioregionaldigital.com.br\/index.php?rest_route=%2Fwp%2Fv2%2Ftags&post=228351"}],"curies":[{"name":"wp","href":"https:\/\/api.w.org\/{rel}","templated":true}]}}