{"id":228331,"date":"2025-05-16T19:25:23","date_gmt":"2025-05-16T22:25:23","guid":{"rendered":"https:\/\/diarioregionaldigital.com.br\/?p=228331"},"modified":"2025-05-16T19:25:23","modified_gmt":"2025-05-16T22:25:23","slug":"jogos-intercolegiais-competicoes-de-judo-se-iniciam-na-terca-20","status":"publish","type":"post","link":"https:\/\/diarioregionaldigital.com.br\/?p=228331","title":{"rendered":"Jogos Intercolegiais: competi\u00e7\u00f5es de Jud\u00f4 se iniciam na ter\u00e7a (20)"},"content":{"rendered":"<p>Segundo informa\u00e7\u00f5es do site da Prefeitura de Juiz de Fora (PJF), a\u00a0programa\u00e7\u00e3o da 30\u00aa edi\u00e7\u00e3o dos Jogos Intercolegiais prossegue com o in\u00edcio das competi\u00e7\u00f5es de Jud\u00f4, marcadas para a ter\u00e7a-feira (20) e a quarta-feira (21). Os Jogos Intercolegiais s\u00e3o realizados pela Secretaria de Esporte e Lazer (SEL) da Prefeitura de Juiz de Fora (PJF).<\/p>\n<p>Para a participa\u00e7\u00e3o, por serem menores de 18 anos, n\u00e3o ser\u00e1 permitida a confirma\u00e7\u00e3o do aluno(a)\/atleta sem a presen\u00e7a de seu professor respons\u00e1vel. A SEL refor\u00e7a que n\u00e3o haver\u00e1 toler\u00e2ncia de hor\u00e1rio nas confirma\u00e7\u00f5es de participa\u00e7\u00f5es.<\/p>\n<p>Na ter\u00e7a-feira (20) as competi\u00e7\u00f5es ser\u00e3o no Gin\u00e1sio Municipal Jornalista Ant\u00f4nio Marcos. A pesagem extra-oficial vai acontecer entre o meio-dia \u00e0s 13h. J\u00e1 a confirma\u00e7\u00e3o e pesagem ser\u00e3o realizadas de 13h at\u00e9\u00a0 \u00e0s 14h. A atualiza\u00e7\u00e3o dos chaveamentos\u00a0 vai ocorrer de 14 \u00e0s 14h15, hor\u00e1rio em que oficialmente iniciar\u00e1 as competi\u00e7\u00f5es juvenil masculina e feminina.<\/p>\n<p>Ainda no Gin\u00e1sio, na quarta-feira (21), haver\u00e1 o in\u00edcio da competi\u00e7\u00e3o infantil masculino e femino. As atividades v\u00e3o se iniciar ao meio-dia, com a pesagem extra-oficial que deve seguir at\u00e9 \u00e0s 13h. Em seguida, entre \u00e0s 13h e \u00e0s 14h haver\u00e1 a confirma\u00e7\u00e3o da pesagem, a partir da confirma\u00e7\u00e3o vai acontecer a atualiza\u00e7\u00e3o de chaveamento \u00e0s 14h e o in\u00edcio das lutas devem acontecer \u00e0s 14h15.<\/p>\n<p>O Supervisor de Eventos Participativos Integrados e Competi\u00e7\u00f5es Escolares da SEL, Ronaldo Ishimaru chama aten\u00e7\u00e3o para a ades\u00e3o \u00e0 modalidade na competi\u00e7\u00e3o deste ano. \u201cAs inscri\u00e7\u00f5es superaram o n\u00famero das edi\u00e7\u00f5es passadas e a expectativa \u00e9 de uma competi\u00e7\u00e3o cheia e acirrada. Com isso conseguimos cada vez mais atingir o objetivo dos Jogos Intercolegiais, que \u00e9 fomentar o esporte escolar e promover a socializa\u00e7\u00e3o entre os estudantes das diversas redes de ensino do munic\u00edpio\u201d.<\/p>\n<p>Os Jogos Intercolegiais de Juiz de Fora s\u00e3o uma tradi\u00e7\u00e3o no calend\u00e1rio esportivo estudantil do munic\u00edpio, promovendo a integra\u00e7\u00e3o entre escolas e incentivando o envolvimento dos jovens no esporte. As competi\u00e7\u00f5es seguem nos pr\u00f3ximos dias, movimentando a cidade com diversas modalidades e disputas emocionantes.<\/p>\n","protected":false},"excerpt":{"rendered":"<p>Segundo informa\u00e7\u00f5es do site da Prefeitura de Juiz de Fora (PJF), a\u00a0programa\u00e7\u00e3o da 30\u00aa edi\u00e7\u00e3o dos Jogos Intercolegiais prossegue com o in\u00edcio das competi\u00e7\u00f5es de Jud\u00f4, marcadas para a ter\u00e7a-feira (20) e a quarta-feira (21). Os Jogos Intercolegiais s\u00e3o realizados pela Secretaria de Esporte e Lazer (SEL) da Prefeitura de Juiz de Fora (PJF). Para [&hellip;]<\/p>\n","protected":false},"author":246,"featured_media":228332,"comment_status":"closed","ping_status":"closed","sticky":false,"template":"","format":"standard","meta":{"footnotes":""},"categories":[253,436,257,439],"tags":[],"class_list":["post-228331","post","type-post","status-publish","format-standard","has-post-thumbnail","hentry","category-cidade","category-destaque-da-semana","category-esporte","category-ultima-hora"],"_links":{"self":[{"href":"https:\/\/diarioregionaldigital.com.br\/index.php?rest_route=\/wp\/v2\/posts\/228331","targetHints":{"allow":["GET"]}}],"collection":[{"href":"https:\/\/diarioregionaldigital.com.br\/index.php?rest_route=\/wp\/v2\/posts"}],"about":[{"href":"https:\/\/diarioregionaldigital.com.br\/index.php?rest_route=\/wp\/v2\/types\/post"}],"author":[{"embeddable":true,"href":"https:\/\/diarioregionaldigital.com.br\/index.php?rest_route=\/wp\/v2\/users\/246"}],"replies":[{"embeddable":true,"href":"https:\/\/diarioregionaldigital.com.br\/index.php?rest_route=%2Fwp%2Fv2%2Fcomments&post=228331"}],"version-history":[{"count":1,"href":"https:\/\/diarioregionaldigital.com.br\/index.php?rest_route=\/wp\/v2\/posts\/228331\/revisions"}],"predecessor-version":[{"id":228333,"href":"https:\/\/diarioregionaldigital.com.br\/index.php?rest_route=\/wp\/v2\/posts\/228331\/revisions\/228333"}],"wp:featuredmedia":[{"embeddable":true,"href":"https:\/\/diarioregionaldigital.com.br\/index.php?rest_route=\/wp\/v2\/media\/228332"}],"wp:attachment":[{"href":"https:\/\/diarioregionaldigital.com.br\/index.php?rest_route=%2Fwp%2Fv2%2Fmedia&parent=228331"}],"wp:term":[{"taxonomy":"category","embeddable":true,"href":"https:\/\/diarioregionaldigital.com.br\/index.php?rest_route=%2Fwp%2Fv2%2Fcategories&post=228331"},{"taxonomy":"post_tag","embeddable":true,"href":"https:\/\/diarioregionaldigital.com.br\/index.php?rest_route=%2Fwp%2Fv2%2Ftags&post=228331"}],"curies":[{"name":"wp","href":"https:\/\/api.w.org\/{rel}","templated":true}]}}