{"id":228324,"date":"2025-05-16T19:23:24","date_gmt":"2025-05-16T22:23:24","guid":{"rendered":"https:\/\/diarioregionaldigital.com.br\/?p=228324"},"modified":"2025-05-16T19:23:24","modified_gmt":"2025-05-16T22:23:24","slug":"operacao-quebra-cabecas-desarticula-atividades-irregulares-com-pecas-de-veiculos-em-belo-horizonte","status":"publish","type":"post","link":"https:\/\/diarioregionaldigital.com.br\/?p=228324","title":{"rendered":"Opera\u00e7\u00e3o Quebra-Cabe\u00e7as desarticula atividades irregulares com pe\u00e7as de ve\u00edculos em Belo Horizonte"},"content":{"rendered":"<p>A\u00a0<a href=\"https:\/\/transito.mg.gov.br\/sobre-1\/institucional\" target=\"_blank\" rel=\"noopener\">Coordenadoria Estadual de Gest\u00e3o de Tr\u00e2nsito (CET-MG)<\/a>, a\u00a0<a href=\"https:\/\/www.policiacivil.mg.gov.br\/\" target=\"_blank\" rel=\"noopener\">Pol\u00edcia Civil de Minas Gerais (PCMG)<\/a>\u00a0e a\u00a0<a href=\"https:\/\/www.policiamilitar.mg.gov.br\/\" target=\"_blank\" rel=\"noopener\">Pol\u00edcia Militar de Minas Gerais (PMMG)<\/a>\u00a0realizaram, nos dias 13 e 14\/5, uma A\u00e7\u00e3o Conjunta de Fiscaliza\u00e7\u00e3o em empresas de desmontagem e comercializa\u00e7\u00e3o de partes e pe\u00e7as usadas de ve\u00edculos automotores. Denominada Opera\u00e7\u00e3o Quebra-Cabe\u00e7as, a iniciativa teve como foco combater irregularidades e coibir o com\u00e9rcio ilegal de pe\u00e7as veiculares.<\/p>\n<p>A fiscaliza\u00e7\u00e3o foi realizada em regi\u00f5es com grande concentra\u00e7\u00e3o de empresas do setor, especialmente nos bairros Jardim Montanh\u00eas e Tirol, em Belo Horizonte. O objetivo foi verificar a regularidade das empresas, analisando desde as condi\u00e7\u00f5es de habilita\u00e7\u00e3o e infraestrutura at\u00e9 o funcionamento dos estabelecimentos, al\u00e9m de combater a recepta\u00e7\u00e3o e o uso de pe\u00e7as provenientes de ve\u00edculos furtados ou roubados.<\/p>\n<p>Foram vistoriados estabelecimentos devidamente registrados junto \u00e0 CET-MG e locais sem credenciamento, o que permitiu uma ampla atua\u00e7\u00e3o no combate \u00e0s irregularidades.<\/p>\n<p><b>Resultados<\/b><\/p>\n<p>Durante a opera\u00e7\u00e3o, foram fiscalizados 11 estabelecimentos, dos quais tr\u00eas foram interditados por funcionarem em locais n\u00e3o autorizados pela CET-MG. Com o apoio de tecnologias especializadas, capazes de identificar a proced\u00eancia das pe\u00e7as comercializadas, foram detectadas nove pe\u00e7as com origem il\u00edcita \u2014 todas oriundas de ve\u00edculos com registros de furto ou roubo.<\/p>\n<p>Como resultado das a\u00e7\u00f5es, foram registrados tr\u00eas Boletins de Ocorr\u00eancia e tr\u00eas pessoas foram conduzidas por suspeita de recepta\u00e7\u00e3o qualificada, crime previsto no C\u00f3digo Penal Brasileiro.<\/p>\n<p>A Opera\u00e7\u00e3o Quebra-Cabe\u00e7as refor\u00e7ou o compromisso dos \u00f3rg\u00e3os estaduais com a legalidade e com a seguran\u00e7a da sociedade mineira, promovendo a\u00e7\u00f5es conjuntas que integram intelig\u00eancia, tecnologia e rigor na fiscaliza\u00e7\u00e3o.<\/p>\n<p>Fonte: Ag\u00eancia Minas<\/p>\n","protected":false},"excerpt":{"rendered":"<p>A\u00a0Coordenadoria Estadual de Gest\u00e3o de Tr\u00e2nsito (CET-MG), a\u00a0Pol\u00edcia Civil de Minas Gerais (PCMG)\u00a0e a\u00a0Pol\u00edcia Militar de Minas Gerais (PMMG)\u00a0realizaram, nos dias 13 e 14\/5, uma A\u00e7\u00e3o Conjunta de Fiscaliza\u00e7\u00e3o em empresas de desmontagem e comercializa\u00e7\u00e3o de partes e pe\u00e7as usadas de ve\u00edculos automotores. Denominada Opera\u00e7\u00e3o Quebra-Cabe\u00e7as, a iniciativa teve como foco combater irregularidades e coibir [&hellip;]<\/p>\n","protected":false},"author":246,"featured_media":228325,"comment_status":"closed","ping_status":"closed","sticky":false,"template":"","format":"standard","meta":{"footnotes":""},"categories":[301,436,439],"tags":[],"class_list":["post-228324","post","type-post","status-publish","format-standard","has-post-thumbnail","hentry","category-artigos-policiais","category-destaque-da-semana","category-ultima-hora"],"_links":{"self":[{"href":"https:\/\/diarioregionaldigital.com.br\/index.php?rest_route=\/wp\/v2\/posts\/228324","targetHints":{"allow":["GET"]}}],"collection":[{"href":"https:\/\/diarioregionaldigital.com.br\/index.php?rest_route=\/wp\/v2\/posts"}],"about":[{"href":"https:\/\/diarioregionaldigital.com.br\/index.php?rest_route=\/wp\/v2\/types\/post"}],"author":[{"embeddable":true,"href":"https:\/\/diarioregionaldigital.com.br\/index.php?rest_route=\/wp\/v2\/users\/246"}],"replies":[{"embeddable":true,"href":"https:\/\/diarioregionaldigital.com.br\/index.php?rest_route=%2Fwp%2Fv2%2Fcomments&post=228324"}],"version-history":[{"count":1,"href":"https:\/\/diarioregionaldigital.com.br\/index.php?rest_route=\/wp\/v2\/posts\/228324\/revisions"}],"predecessor-version":[{"id":228326,"href":"https:\/\/diarioregionaldigital.com.br\/index.php?rest_route=\/wp\/v2\/posts\/228324\/revisions\/228326"}],"wp:featuredmedia":[{"embeddable":true,"href":"https:\/\/diarioregionaldigital.com.br\/index.php?rest_route=\/wp\/v2\/media\/228325"}],"wp:attachment":[{"href":"https:\/\/diarioregionaldigital.com.br\/index.php?rest_route=%2Fwp%2Fv2%2Fmedia&parent=228324"}],"wp:term":[{"taxonomy":"category","embeddable":true,"href":"https:\/\/diarioregionaldigital.com.br\/index.php?rest_route=%2Fwp%2Fv2%2Fcategories&post=228324"},{"taxonomy":"post_tag","embeddable":true,"href":"https:\/\/diarioregionaldigital.com.br\/index.php?rest_route=%2Fwp%2Fv2%2Ftags&post=228324"}],"curies":[{"name":"wp","href":"https:\/\/api.w.org\/{rel}","templated":true}]}}